{"id":8536,"date":"2021-12-01T12:26:05","date_gmt":"2021-12-01T15:26:05","guid":{"rendered":"https:\/\/www.ejercito.mil.uy\/?p=8536"},"modified":"2026-02-23T10:15:54","modified_gmt":"2026-02-23T13:15:54","slug":"la-importancia-de-la-comunicacion-institucional","status":"publish","type":"post","link":"https:\/\/www.ejercito.mil.uy\/index.php\/2021\/12\/01\/la-importancia-de-la-comunicacion-institucional\/","title":{"rendered":"La importancia de la Comunicaci\u00f3n Institucional"},"content":{"rendered":"\n<div style=\"height:24px\" aria-hidden=\"true\" class=\"wp-block-spacer\"><\/div>\n\n\n\n<p style=\"font-size:14px\">01.11.2021 &#8211; Instituto Militar de Estudios Superiores <\/p>\n\n\n\n<div style=\"height:33px\" aria-hidden=\"true\" class=\"wp-block-spacer\"><\/div>\n\n\n\n<p class=\"has-medium-font-size\"><strong>La comunicaci\u00f3n ejerce un rol esencial en las organizaciones para el cumplimiento de su visi\u00f3n y misi\u00f3n. En este sentido, el Departamento de Comunicaci\u00f3n Institucional del Ej\u00e9rcito capacita a los efectivos de la Fuerza que realizan pasajes de grado.<\/strong><\/p>\n\n\n\n<div style=\"height:33px\" aria-hidden=\"true\" class=\"wp-block-spacer\"><\/div>\n\n\n\n<p>En este caso, se desarroll\u00f3 un taller para los alumnos del <strong>Curso de Capacitaci\u00f3n y Perfeccionamiento para Jefes<\/strong>, en el Instituto Militar de Estudios Superiores.<\/p>\n\n\n\n<div style=\"height:33px\" aria-hidden=\"true\" class=\"wp-block-spacer\"><\/div>\n\n\n\n<p>Se abord\u00f3 el funcionamiento de la comunicaci\u00f3n interna, haci\u00e9ndose \u00e9nfasis en el desempe\u00f1o de los voceros circunstanciales y las herramientas a emplear en una adecuada elaboraci\u00f3n del discurso. Tambi\u00e9n, se hizo referencia a la comunicaci\u00f3n externa, siendo la imagen organizacional y fotograf\u00eda institucional las principales tem\u00e1ticas, c\u00f3mo gestionar las redes sociales.<\/p>\n\n\n\n<div style=\"height:33px\" aria-hidden=\"true\" class=\"wp-block-spacer\"><\/div>\n\n\n\n<figure class=\"wp-block-image size-large\"><img fetchpriority=\"high\" decoding=\"async\" width=\"1024\" height=\"683\" src=\"https:\/\/www.ejercito.mil.uy\/wp-content\/uploads\/2021\/12\/Comunicacion_Institucional-5-1-1024x683.jpg\" alt=\"\" class=\"wp-image-8550\" srcset=\"https:\/\/www.ejercito.mil.uy\/wp-content\/uploads\/2021\/12\/Comunicacion_Institucional-5-1-1024x683.jpg 1024w, https:\/\/www.ejercito.mil.uy\/wp-content\/uploads\/2021\/12\/Comunicacion_Institucional-5-1-300x200.jpg 300w, https:\/\/www.ejercito.mil.uy\/wp-content\/uploads\/2021\/12\/Comunicacion_Institucional-5-1.jpg 1200w\" sizes=\"(max-width: 1024px) 100vw, 1024px\" \/><\/figure>\n\n\n\n<div style=\"height:33px\" aria-hidden=\"true\" class=\"wp-block-spacer\"><\/div>\n\n\n\n<p>Adem\u00e1s, se realizaron ejercicios pr\u00e1cticos donde se les presentaban supuestas situaciones en las que ten\u00edan que desenvolverse como futuros Jefes de Unidad y demostrar qu\u00e9 t\u00e9cnicas de gesti\u00f3n de medios ser\u00edan las m\u00e1s adecuadas para el manejo de crisis.<\/p>\n\n\n\n<div style=\"height:33px\" aria-hidden=\"true\" class=\"wp-block-spacer\"><\/div>\n\n\n\n<p>Para cerrar la capacitaci\u00f3n se recibi\u00f3 la visita del Sr. Juan Carlos L\u00f3pez, la Lic. Com. Patricia Madrid y el Cr. Ismael Linares.<\/p>\n\n\n\n<div style=\"height:100px\" aria-hidden=\"true\" class=\"wp-block-spacer\"><\/div>\n","protected":false},"excerpt":{"rendered":"<p>03.10.2021 &#8211; Se desarroll\u00f3 un taller sobre Comunicaci\u00f3n Institucional para los alumnos del Curso de Capacitaci\u00f3n y Perfeccionamiento para Jefes, en el Instituto Militar de Estudios Superiores.<\/p>\n","protected":false},"author":4,"featured_media":0,"comment_status":"closed","ping_status":"open","sticky":false,"template":"","format":"standard","meta":{"_coblocks_attr":"","_coblocks_dimensions":"","_coblocks_responsive_height":"","_coblocks_accordion_ie_support":"","_monsterinsights_skip_tracking":false,"_monsterinsights_sitenote_active":false,"_monsterinsights_sitenote_note":"","_monsterinsights_sitenote_category":0,"_uf_show_specific_survey":0,"_uf_disable_surveys":false,"footnotes":""},"categories":[2,14],"tags":[78,119,13],"class_list":["post-8536","post","type-post","status-publish","format-standard","hentry","category-blog","category-noticias","tag-educacion","tag-instituto","tag-instruccion"],"aioseo_notices":[],"_links":{"self":[{"href":"https:\/\/www.ejercito.mil.uy\/index.php\/wp-json\/wp\/v2\/posts\/8536","targetHints":{"allow":["GET"]}}],"collection":[{"href":"https:\/\/www.ejercito.mil.uy\/index.php\/wp-json\/wp\/v2\/posts"}],"about":[{"href":"https:\/\/www.ejercito.mil.uy\/index.php\/wp-json\/wp\/v2\/types\/post"}],"author":[{"embeddable":true,"href":"https:\/\/www.ejercito.mil.uy\/index.php\/wp-json\/wp\/v2\/users\/4"}],"replies":[{"embeddable":true,"href":"https:\/\/www.ejercito.mil.uy\/index.php\/wp-json\/wp\/v2\/comments?post=8536"}],"version-history":[{"count":3,"href":"https:\/\/www.ejercito.mil.uy\/index.php\/wp-json\/wp\/v2\/posts\/8536\/revisions"}],"predecessor-version":[{"id":55056,"href":"https:\/\/www.ejercito.mil.uy\/index.php\/wp-json\/wp\/v2\/posts\/8536\/revisions\/55056"}],"wp:attachment":[{"href":"https:\/\/www.ejercito.mil.uy\/index.php\/wp-json\/wp\/v2\/media?parent=8536"}],"wp:term":[{"taxonomy":"category","embeddable":true,"href":"https:\/\/www.ejercito.mil.uy\/index.php\/wp-json\/wp\/v2\/categories?post=8536"},{"taxonomy":"post_tag","embeddable":true,"href":"https:\/\/www.ejercito.mil.uy\/index.php\/wp-json\/wp\/v2\/tags?post=8536"}],"curies":[{"name":"wp","href":"https:\/\/api.w.org\/{rel}","templated":true}]}}