{"id":8690,"date":"2021-12-08T16:22:57","date_gmt":"2021-12-08T19:22:57","guid":{"rendered":"https:\/\/www.ejercito.mil.uy\/?p=8690"},"modified":"2026-02-23T10:24:36","modified_gmt":"2026-02-23T13:24:36","slug":"ceremonia-de-clausura-de-cursos-y-colacion-de-grado","status":"publish","type":"post","link":"https:\/\/www.ejercito.mil.uy\/index.php\/2021\/12\/08\/ceremonia-de-clausura-de-cursos-y-colacion-de-grado\/","title":{"rendered":"Ceremonia de Clausura de Cursos y Colaci\u00f3n de grado"},"content":{"rendered":"\n<p class=\"wp-block-paragraph\" style=\"font-size:14px\">08.12.2021 &#8211; Toledo, Canelones<\/p>\n\n\n\n<div style=\"height:24px\" aria-hidden=\"true\" class=\"wp-block-spacer\"><\/div>\n\n\n\n<p class=\"has-medium-font-size wp-block-paragraph\"><strong>Esta ma\u00f1ana, en la <a href=\"https:\/\/www.facebook.com\/EscuelaMilitarUruguay\/?__cft__[0]=AZUdmxdEh2TuE77vX6KBBSQ_-vghXcSRxFrqxbe-16mioxND97zNux5TrWC2zgKhEATusyNs9J7qDbgKkZKf3Sswm7st-ld2H2ZTUbTi4NTfWdsYZHPoqmW9zpmSKtzfZwodmfMltWizk6PrFy_pFsrL&amp;__tn__=kK-R\" target=\"_blank\" rel=\"noreferrer noopener\">Escuela Militar<\/a>, el Sr. Presidente de la Rep\u00fablica, Dr. Luis Lacalle Pou y el Sr. Ministro de Defensa Nacional presidieron la ceremonia de Clausura de Cursos y Colaci\u00f3n de grado de los Alf\u00e9reces de la 131\u00ba promoci\u00f3n \u00abGeneral de Divisi\u00f3n Segundo Bazzano\u00bb.<\/strong><\/p>\n\n\n\n<div style=\"height:33px\" aria-hidden=\"true\" class=\"wp-block-spacer\"><\/div>\n\n\n\n<p class=\"wp-block-paragraph\">La Banda de M\u00fasicos de la Escuela, ejecut\u00f3 el Himno Nacional y se invit\u00f3 a los presentes a entonar sus estrofas.<\/p>\n\n\n\n<div style=\"height:33px\" aria-hidden=\"true\" class=\"wp-block-spacer\"><\/div>\n\n\n\n<p class=\"wp-block-paragraph\">Durante el acto, se designaron a los nuevos abanderados y escoltas de banderas. Asimismo, se realiz\u00f3 la entrega de premios al integrante que fue reconocido por su desempe\u00f1o como Cadetes del Instituto, el <strong>Sgto. Honorario Agust\u00edn Pi\u00f1eiro<\/strong> quien obtuvo el primer puesto en su Promoci\u00f3n y las calificaciones m\u00e1s altas en conducta, durante su pasaje por la Escuela.<\/p>\n\n\n\n<div style=\"height:33px\" aria-hidden=\"true\" class=\"wp-block-spacer\"><\/div>\n\n\n\n<p class=\"wp-block-paragraph\">Los Alf\u00e9reces egresados de la EM recibieron por parte del Sr. Presidente, el sable, s\u00edmbolo del mando y representaci\u00f3n del legado de nuestro m\u00e1ximo h\u00e9roe, el Gral. Jos\u00e9 Gervasio Artigas. Mientras que el Sr. Ministro de Defensa Nacional, entreg\u00f3 los despachos correspondientes.<\/p>\n\n\n\n<div style=\"height:33px\" aria-hidden=\"true\" class=\"wp-block-spacer\"><\/div>\n\n\n<div class=\"wp-block-image\">\n<figure class=\"aligncenter size-large is-resized\"><img loading=\"lazy\" decoding=\"async\" width=\"1024\" height=\"683\" src=\"https:\/\/www.ejercito.mil.uy\/wp-content\/uploads\/2021\/12\/Escuela_Militar-2-1-1024x683.jpg\" alt=\"\" class=\"wp-image-8692\" style=\"width:768px;height:512px\" srcset=\"https:\/\/www.ejercito.mil.uy\/wp-content\/uploads\/2021\/12\/Escuela_Militar-2-1-1024x683.jpg 1024w, https:\/\/www.ejercito.mil.uy\/wp-content\/uploads\/2021\/12\/Escuela_Militar-2-1-300x200.jpg 300w, https:\/\/www.ejercito.mil.uy\/wp-content\/uploads\/2021\/12\/Escuela_Militar-2-1.jpg 1200w\" sizes=\"auto, (max-width: 1024px) 100vw, 1024px\" \/><\/figure>\n<\/div>\n\n\n<div style=\"height:55px\" aria-hidden=\"true\" class=\"wp-block-spacer\"><\/div>\n\n\n\n<p class=\"wp-block-paragraph\">El Sr. Cte. en Jefe del Ej\u00e9rcito, Gral. de Ej\u00e9rcito, Gerardo Fregossi tom\u00f3 el juramento de honor a los Alf\u00e9reces que hoy egresaron.<\/p>\n\n\n\n<div style=\"height:33px\" aria-hidden=\"true\" class=\"wp-block-spacer\"><\/div>\n\n\n\n<p class=\"wp-block-paragraph\">Finalizando la ceremonia, los efectivos formados desfilaron rindiendo honores al Sr. Pte. de la ROU, autoridades presentes e integrantes de la Promoci\u00f3n.<\/p>\n\n\n\n<div style=\"height:55px\" aria-hidden=\"true\" class=\"wp-block-spacer\"><\/div>\n\n\n\n<div style=\"height:99px\" aria-hidden=\"true\" class=\"wp-block-spacer\"><\/div>\n","protected":false},"excerpt":{"rendered":"<p>08.12.2021 &#8211; Esta ma\u00f1ana, en la Escuela Militar, el Sr. Presidente de la Rep\u00fablica, Dr. Luis Lacalle Pou y el Sr. Ministro de Defensa Nacional presidieron la ceremonia de Clausura de Cursos y Colaci\u00f3n de grado de los Alf\u00e9reces de la 131\u00ba promoci\u00f3n \u00abGeneral de Divisi\u00f3n Segundo Bazzano\u00bb.<\/p>\n","protected":false},"author":4,"featured_media":8691,"comment_status":"open","ping_status":"open","sticky":false,"template":"","format":"standard","meta":{"_coblocks_attr":"","_coblocks_dimensions":"","_coblocks_responsive_height":"","_coblocks_accordion_ie_support":"","_monsterinsights_skip_tracking":false,"_uf_show_specific_survey":0,"_uf_disable_surveys":false,"footnotes":""},"categories":[2,10,14,1],"tags":[44,217],"class_list":["post-8690","post","type-post","status-publish","format-standard","has-post-thumbnail","hentry","category-blog","category-destacados","category-noticias","category-sin-categoria","tag-ceremonia","tag-escuela-militar"],"aioseo_notices":[],"aioseo_head":"\n\t\t<!-- All in One SEO 5.0.1.1 - aioseo.com -->\n\t<meta name=\"description\" content=\"08.12.2021 - Esta ma\u00f1ana, en la Escuela Militar, el Sr. Presidente de la Rep\u00fablica, Dr. Luis Lacalle Pou y el Sr. Ministro de Defensa Nacional presidieron la ceremonia de Clausura de Cursos y Colaci\u00f3n de grado de los Alf\u00e9reces de la 131\u00ba promoci\u00f3n &quot;General de Divisi\u00f3n Segundo Bazzano&quot;.\" \/>\n\t<meta name=\"robots\" content=\"max-image-preview:large\" \/>\n\t<meta name=\"author\" content=\"Alejandro Castro\"\/>\n\t<link rel=\"canonical\" href=\"https:\/\/www.ejercito.mil.uy\/index.php\/2021\/12\/08\/ceremonia-de-clausura-de-cursos-y-colacion-de-grado\/\" \/>\n\t<meta name=\"generator\" content=\"All in One SEO (AIOSEO) 5.0.1.1\" \/>\n\t\t<meta property=\"og:locale\" content=\"es_ES\" \/>\n\t\t<meta property=\"og:site_name\" content=\"Ej\u00e9rcito Nacional - La Fuerza de todos\" \/>\n\t\t<meta property=\"og:type\" content=\"article\" \/>\n\t\t<meta property=\"og:title\" content=\"Ceremonia de Clausura de Cursos y Colaci\u00f3n de grado - Ej\u00e9rcito Nacional\" \/>\n\t\t<meta property=\"og:description\" content=\"08.12.2021 - Esta ma\u00f1ana, en la Escuela Militar, el Sr. Presidente de la Rep\u00fablica, Dr. Luis Lacalle Pou y el Sr. Ministro de Defensa Nacional presidieron la ceremonia de Clausura de Cursos y Colaci\u00f3n de grado de los Alf\u00e9reces de la 131\u00ba promoci\u00f3n &quot;General de Divisi\u00f3n Segundo Bazzano&quot;.\" \/>\n\t\t<meta property=\"og:url\" content=\"https:\/\/www.ejercito.mil.uy\/index.php\/2021\/12\/08\/ceremonia-de-clausura-de-cursos-y-colacion-de-grado\/\" \/>\n\t\t<meta property=\"og:image\" content=\"https:\/\/www.ejercito.mil.uy\/wp-content\/uploads\/2022\/01\/Escudo_EN_URUGUAY.png\" \/>\n\t\t<meta property=\"og:image:secure_url\" content=\"https:\/\/www.ejercito.mil.uy\/wp-content\/uploads\/2022\/01\/Escudo_EN_URUGUAY.png\" \/>\n\t\t<meta property=\"og:image:width\" content=\"134\" \/>\n\t\t<meta property=\"og:image:height\" content=\"119\" \/>\n\t\t<meta property=\"article:published_time\" content=\"2021-12-08T19:22:57+00:00\" \/>\n\t\t<meta property=\"article:modified_time\" content=\"2026-02-23T13:24:36+00:00\" \/>\n\t\t<meta name=\"twitter:card\" content=\"summary_large_image\" \/>\n\t\t<meta name=\"twitter:title\" content=\"Ceremonia de Clausura de Cursos y Colaci\u00f3n de grado - Ej\u00e9rcito Nacional\" \/>\n\t\t<meta name=\"twitter:description\" content=\"08.12.2021 - Esta ma\u00f1ana, en la Escuela Militar, el Sr. Presidente de la Rep\u00fablica, Dr. Luis Lacalle Pou y el Sr. Ministro de Defensa Nacional presidieron la ceremonia de Clausura de Cursos y Colaci\u00f3n de grado de los Alf\u00e9reces de la 131\u00ba promoci\u00f3n &quot;General de Divisi\u00f3n Segundo Bazzano&quot;.\" \/>\n\t\t<meta name=\"twitter:image\" content=\"https:\/\/www.ejercito.mil.uy\/wp-content\/uploads\/2022\/01\/Escudo_EN_URUGUAY.png\" \/>\n\t\t<script type=\"application\/ld+json\" class=\"aioseo-schema\">\n\t\t\t{\"@context\":\"https:\\\/\\\/schema.org\",\"@graph\":[{\"@type\":\"BlogPosting\",\"@id\":\"https:\\\/\\\/www.ejercito.mil.uy\\\/index.php\\\/2021\\\/12\\\/08\\\/ceremonia-de-clausura-de-cursos-y-colacion-de-grado\\\/#blogposting\",\"name\":\"Ceremonia de Clausura de Cursos y Colaci\\u00f3n de grado - Ej\\u00e9rcito Nacional\",\"headline\":\"Ceremonia de Clausura de Cursos y Colaci\\u00f3n de grado\",\"author\":{\"@id\":\"https:\\\/\\\/www.ejercito.mil.uy\\\/index.php\\\/author\\\/acastro\\\/#author\"},\"publisher\":{\"@id\":\"https:\\\/\\\/www.ejercito.mil.uy\\\/#organization\"},\"image\":{\"@type\":\"ImageObject\",\"url\":\"https:\\\/\\\/www.ejercito.mil.uy\\\/wp-content\\\/uploads\\\/2021\\\/12\\\/Escuela_Militar-11-1.jpg\",\"width\":1200,\"height\":800,\"caption\":\"Escuela_Militar\"},\"datePublished\":\"2021-12-08T16:22:57-03:00\",\"dateModified\":\"2026-02-23T10:24:36-03:00\",\"inLanguage\":\"es-UY\",\"mainEntityOfPage\":{\"@id\":\"https:\\\/\\\/www.ejercito.mil.uy\\\/index.php\\\/2021\\\/12\\\/08\\\/ceremonia-de-clausura-de-cursos-y-colacion-de-grado\\\/#webpage\"},\"isPartOf\":{\"@id\":\"https:\\\/\\\/www.ejercito.mil.uy\\\/index.php\\\/2021\\\/12\\\/08\\\/ceremonia-de-clausura-de-cursos-y-colacion-de-grado\\\/#webpage\"},\"articleSection\":\"Blog, Destacados, Noticias, Sin categor\\u00eda, Ceremonia, Escuela Militar\"},{\"@type\":\"BreadcrumbList\",\"@id\":\"https:\\\/\\\/www.ejercito.mil.uy\\\/index.php\\\/2021\\\/12\\\/08\\\/ceremonia-de-clausura-de-cursos-y-colacion-de-grado\\\/#breadcrumblist\",\"itemListElement\":[{\"@type\":\"ListItem\",\"@id\":\"https:\\\/\\\/www.ejercito.mil.uy#listItem\",\"position\":1,\"name\":\"Home\",\"item\":\"https:\\\/\\\/www.ejercito.mil.uy\",\"nextItem\":{\"@type\":\"ListItem\",\"@id\":\"https:\\\/\\\/www.ejercito.mil.uy\\\/index.php\\\/category\\\/destacados\\\/#listItem\",\"name\":\"Destacados\"}},{\"@type\":\"ListItem\",\"@id\":\"https:\\\/\\\/www.ejercito.mil.uy\\\/index.php\\\/category\\\/destacados\\\/#listItem\",\"position\":2,\"name\":\"Destacados\",\"item\":\"https:\\\/\\\/www.ejercito.mil.uy\\\/index.php\\\/category\\\/destacados\\\/\",\"nextItem\":{\"@type\":\"ListItem\",\"@id\":\"https:\\\/\\\/www.ejercito.mil.uy\\\/index.php\\\/category\\\/destacados\\\/noticias\\\/#listItem\",\"name\":\"Noticias\"},\"previousItem\":{\"@type\":\"ListItem\",\"@id\":\"https:\\\/\\\/www.ejercito.mil.uy#listItem\",\"name\":\"Home\"}},{\"@type\":\"ListItem\",\"@id\":\"https:\\\/\\\/www.ejercito.mil.uy\\\/index.php\\\/category\\\/destacados\\\/noticias\\\/#listItem\",\"position\":3,\"name\":\"Noticias\",\"item\":\"https:\\\/\\\/www.ejercito.mil.uy\\\/index.php\\\/category\\\/destacados\\\/noticias\\\/\",\"nextItem\":{\"@type\":\"ListItem\",\"@id\":\"https:\\\/\\\/www.ejercito.mil.uy\\\/index.php\\\/2021\\\/12\\\/08\\\/ceremonia-de-clausura-de-cursos-y-colacion-de-grado\\\/#listItem\",\"name\":\"Ceremonia de Clausura de Cursos y Colaci\\u00f3n de grado\"},\"previousItem\":{\"@type\":\"ListItem\",\"@id\":\"https:\\\/\\\/www.ejercito.mil.uy\\\/index.php\\\/category\\\/destacados\\\/#listItem\",\"name\":\"Destacados\"}},{\"@type\":\"ListItem\",\"@id\":\"https:\\\/\\\/www.ejercito.mil.uy\\\/index.php\\\/2021\\\/12\\\/08\\\/ceremonia-de-clausura-de-cursos-y-colacion-de-grado\\\/#listItem\",\"position\":4,\"name\":\"Ceremonia de Clausura de Cursos y Colaci\\u00f3n de grado\",\"previousItem\":{\"@type\":\"ListItem\",\"@id\":\"https:\\\/\\\/www.ejercito.mil.uy\\\/index.php\\\/category\\\/destacados\\\/noticias\\\/#listItem\",\"name\":\"Noticias\"}}]},{\"@type\":\"Organization\",\"@id\":\"https:\\\/\\\/www.ejercito.mil.uy\\\/#organization\",\"name\":\"Ej\\u00e9rcito Nacional\",\"description\":\"La Fuerza de todos\",\"url\":\"https:\\\/\\\/www.ejercito.mil.uy\\\/\",\"logo\":{\"@type\":\"ImageObject\",\"url\":\"https:\\\/\\\/www.ejercito.mil.uy\\\/wp-content\\\/uploads\\\/2022\\\/01\\\/Escudo_EN_URUGUAY.png\",\"@id\":\"https:\\\/\\\/www.ejercito.mil.uy\\\/index.php\\\/2021\\\/12\\\/08\\\/ceremonia-de-clausura-de-cursos-y-colacion-de-grado\\\/#organizationLogo\",\"width\":134,\"height\":119},\"image\":{\"@id\":\"https:\\\/\\\/www.ejercito.mil.uy\\\/index.php\\\/2021\\\/12\\\/08\\\/ceremonia-de-clausura-de-cursos-y-colacion-de-grado\\\/#organizationLogo\"}},{\"@type\":\"Person\",\"@id\":\"https:\\\/\\\/www.ejercito.mil.uy\\\/index.php\\\/author\\\/acastro\\\/#author\",\"url\":\"https:\\\/\\\/www.ejercito.mil.uy\\\/index.php\\\/author\\\/acastro\\\/\",\"name\":\"Alejandro Castro\",\"image\":{\"@type\":\"ImageObject\",\"@id\":\"https:\\\/\\\/www.ejercito.mil.uy\\\/index.php\\\/2021\\\/12\\\/08\\\/ceremonia-de-clausura-de-cursos-y-colacion-de-grado\\\/#authorImage\",\"url\":\"https:\\\/\\\/secure.gravatar.com\\\/avatar\\\/89bb77d4bf696501dd94ca89e6794e1787eaffba7c7197528d249e15bd099f68?s=96&d=mm&r=g\",\"width\":96,\"height\":96,\"caption\":\"Alejandro Castro\"}},{\"@type\":\"WebPage\",\"@id\":\"https:\\\/\\\/www.ejercito.mil.uy\\\/index.php\\\/2021\\\/12\\\/08\\\/ceremonia-de-clausura-de-cursos-y-colacion-de-grado\\\/#webpage\",\"url\":\"https:\\\/\\\/www.ejercito.mil.uy\\\/index.php\\\/2021\\\/12\\\/08\\\/ceremonia-de-clausura-de-cursos-y-colacion-de-grado\\\/\",\"name\":\"Ceremonia de Clausura de Cursos y Colaci\\u00f3n de grado - Ej\\u00e9rcito Nacional\",\"description\":\"08.12.2021 - Esta ma\\u00f1ana, en la Escuela Militar, el Sr. Presidente de la Rep\\u00fablica, Dr. Luis Lacalle Pou y el Sr. Ministro de Defensa Nacional presidieron la ceremonia de Clausura de Cursos y Colaci\\u00f3n de grado de los Alf\\u00e9reces de la 131\\u00ba promoci\\u00f3n \\\"General de Divisi\\u00f3n Segundo Bazzano\\\".\",\"inLanguage\":\"es-UY\",\"isPartOf\":{\"@id\":\"https:\\\/\\\/www.ejercito.mil.uy\\\/#website\"},\"breadcrumb\":{\"@id\":\"https:\\\/\\\/www.ejercito.mil.uy\\\/index.php\\\/2021\\\/12\\\/08\\\/ceremonia-de-clausura-de-cursos-y-colacion-de-grado\\\/#breadcrumblist\"},\"author\":{\"@id\":\"https:\\\/\\\/www.ejercito.mil.uy\\\/index.php\\\/author\\\/acastro\\\/#author\"},\"creator\":{\"@id\":\"https:\\\/\\\/www.ejercito.mil.uy\\\/index.php\\\/author\\\/acastro\\\/#author\"},\"image\":{\"@type\":\"ImageObject\",\"url\":\"https:\\\/\\\/www.ejercito.mil.uy\\\/wp-content\\\/uploads\\\/2021\\\/12\\\/Escuela_Militar-11-1.jpg\",\"@id\":\"https:\\\/\\\/www.ejercito.mil.uy\\\/index.php\\\/2021\\\/12\\\/08\\\/ceremonia-de-clausura-de-cursos-y-colacion-de-grado\\\/#mainImage\",\"width\":1200,\"height\":800,\"caption\":\"Escuela_Militar\"},\"primaryImageOfPage\":{\"@id\":\"https:\\\/\\\/www.ejercito.mil.uy\\\/index.php\\\/2021\\\/12\\\/08\\\/ceremonia-de-clausura-de-cursos-y-colacion-de-grado\\\/#mainImage\"},\"datePublished\":\"2021-12-08T16:22:57-03:00\",\"dateModified\":\"2026-02-23T10:24:36-03:00\"},{\"@type\":\"WebSite\",\"@id\":\"https:\\\/\\\/www.ejercito.mil.uy\\\/#website\",\"url\":\"https:\\\/\\\/www.ejercito.mil.uy\\\/\",\"name\":\"Ej\\u00e9rcito Nacional\",\"description\":\"La Fuerza de todos\",\"inLanguage\":\"es-UY\",\"publisher\":{\"@id\":\"https:\\\/\\\/www.ejercito.mil.uy\\\/#organization\"}}]}\n\t\t<\/script>\n\t\t<!-- All in One SEO -->\n\n","aioseo_head_json":{"title":"Ceremonia de Clausura de Cursos y Colaci\u00f3n de grado - Ej\u00e9rcito Nacional","description":"08.12.2021 - Esta ma\u00f1ana, en la Escuela Militar, el Sr. Presidente de la Rep\u00fablica, Dr. Luis Lacalle Pou y el Sr. Ministro de Defensa Nacional presidieron la ceremonia de Clausura de Cursos y Colaci\u00f3n de grado de los Alf\u00e9reces de la 131\u00ba promoci\u00f3n \"General de Divisi\u00f3n Segundo Bazzano\".","canonical_url":"https:\/\/www.ejercito.mil.uy\/index.php\/2021\/12\/08\/ceremonia-de-clausura-de-cursos-y-colacion-de-grado\/","robots":"max-image-preview:large","keywords":"","webmasterTools":{"miscellaneous":""},"schema":{"@context":"https:\/\/schema.org","@graph":[{"@type":"BlogPosting","@id":"https:\/\/www.ejercito.mil.uy\/index.php\/2021\/12\/08\/ceremonia-de-clausura-de-cursos-y-colacion-de-grado\/#blogposting","name":"Ceremonia de Clausura de Cursos y Colaci\u00f3n de grado - Ej\u00e9rcito Nacional","headline":"Ceremonia de Clausura de Cursos y Colaci\u00f3n de grado","author":{"@id":"https:\/\/www.ejercito.mil.uy\/index.php\/author\/acastro\/#author"},"publisher":{"@id":"https:\/\/www.ejercito.mil.uy\/#organization"},"image":{"@type":"ImageObject","url":"https:\/\/www.ejercito.mil.uy\/wp-content\/uploads\/2021\/12\/Escuela_Militar-11-1.jpg","width":1200,"height":800,"caption":"Escuela_Militar"},"datePublished":"2021-12-08T16:22:57-03:00","dateModified":"2026-02-23T10:24:36-03:00","inLanguage":"es-UY","mainEntityOfPage":{"@id":"https:\/\/www.ejercito.mil.uy\/index.php\/2021\/12\/08\/ceremonia-de-clausura-de-cursos-y-colacion-de-grado\/#webpage"},"isPartOf":{"@id":"https:\/\/www.ejercito.mil.uy\/index.php\/2021\/12\/08\/ceremonia-de-clausura-de-cursos-y-colacion-de-grado\/#webpage"},"articleSection":"Blog, Destacados, Noticias, Sin categor\u00eda, Ceremonia, Escuela Militar"},{"@type":"BreadcrumbList","@id":"https:\/\/www.ejercito.mil.uy\/index.php\/2021\/12\/08\/ceremonia-de-clausura-de-cursos-y-colacion-de-grado\/#breadcrumblist","itemListElement":[{"@type":"ListItem","@id":"https:\/\/www.ejercito.mil.uy#listItem","position":1,"name":"Home","item":"https:\/\/www.ejercito.mil.uy","nextItem":{"@type":"ListItem","@id":"https:\/\/www.ejercito.mil.uy\/index.php\/category\/destacados\/#listItem","name":"Destacados"}},{"@type":"ListItem","@id":"https:\/\/www.ejercito.mil.uy\/index.php\/category\/destacados\/#listItem","position":2,"name":"Destacados","item":"https:\/\/www.ejercito.mil.uy\/index.php\/category\/destacados\/","nextItem":{"@type":"ListItem","@id":"https:\/\/www.ejercito.mil.uy\/index.php\/category\/destacados\/noticias\/#listItem","name":"Noticias"},"previousItem":{"@type":"ListItem","@id":"https:\/\/www.ejercito.mil.uy#listItem","name":"Home"}},{"@type":"ListItem","@id":"https:\/\/www.ejercito.mil.uy\/index.php\/category\/destacados\/noticias\/#listItem","position":3,"name":"Noticias","item":"https:\/\/www.ejercito.mil.uy\/index.php\/category\/destacados\/noticias\/","nextItem":{"@type":"ListItem","@id":"https:\/\/www.ejercito.mil.uy\/index.php\/2021\/12\/08\/ceremonia-de-clausura-de-cursos-y-colacion-de-grado\/#listItem","name":"Ceremonia de Clausura de Cursos y Colaci\u00f3n de grado"},"previousItem":{"@type":"ListItem","@id":"https:\/\/www.ejercito.mil.uy\/index.php\/category\/destacados\/#listItem","name":"Destacados"}},{"@type":"ListItem","@id":"https:\/\/www.ejercito.mil.uy\/index.php\/2021\/12\/08\/ceremonia-de-clausura-de-cursos-y-colacion-de-grado\/#listItem","position":4,"name":"Ceremonia de Clausura de Cursos y Colaci\u00f3n de grado","previousItem":{"@type":"ListItem","@id":"https:\/\/www.ejercito.mil.uy\/index.php\/category\/destacados\/noticias\/#listItem","name":"Noticias"}}]},{"@type":"Organization","@id":"https:\/\/www.ejercito.mil.uy\/#organization","name":"Ej\u00e9rcito Nacional","description":"La Fuerza de todos","url":"https:\/\/www.ejercito.mil.uy\/","logo":{"@type":"ImageObject","url":"https:\/\/www.ejercito.mil.uy\/wp-content\/uploads\/2022\/01\/Escudo_EN_URUGUAY.png","@id":"https:\/\/www.ejercito.mil.uy\/index.php\/2021\/12\/08\/ceremonia-de-clausura-de-cursos-y-colacion-de-grado\/#organizationLogo","width":134,"height":119},"image":{"@id":"https:\/\/www.ejercito.mil.uy\/index.php\/2021\/12\/08\/ceremonia-de-clausura-de-cursos-y-colacion-de-grado\/#organizationLogo"}},{"@type":"Person","@id":"https:\/\/www.ejercito.mil.uy\/index.php\/author\/acastro\/#author","url":"https:\/\/www.ejercito.mil.uy\/index.php\/author\/acastro\/","name":"Alejandro Castro","image":{"@type":"ImageObject","@id":"https:\/\/www.ejercito.mil.uy\/index.php\/2021\/12\/08\/ceremonia-de-clausura-de-cursos-y-colacion-de-grado\/#authorImage","url":"https:\/\/secure.gravatar.com\/avatar\/89bb77d4bf696501dd94ca89e6794e1787eaffba7c7197528d249e15bd099f68?s=96&d=mm&r=g","width":96,"height":96,"caption":"Alejandro Castro"}},{"@type":"WebPage","@id":"https:\/\/www.ejercito.mil.uy\/index.php\/2021\/12\/08\/ceremonia-de-clausura-de-cursos-y-colacion-de-grado\/#webpage","url":"https:\/\/www.ejercito.mil.uy\/index.php\/2021\/12\/08\/ceremonia-de-clausura-de-cursos-y-colacion-de-grado\/","name":"Ceremonia de Clausura de Cursos y Colaci\u00f3n de grado - Ej\u00e9rcito Nacional","description":"08.12.2021 - Esta ma\u00f1ana, en la Escuela Militar, el Sr. Presidente de la Rep\u00fablica, Dr. Luis Lacalle Pou y el Sr. Ministro de Defensa Nacional presidieron la ceremonia de Clausura de Cursos y Colaci\u00f3n de grado de los Alf\u00e9reces de la 131\u00ba promoci\u00f3n \"General de Divisi\u00f3n Segundo Bazzano\".","inLanguage":"es-UY","isPartOf":{"@id":"https:\/\/www.ejercito.mil.uy\/#website"},"breadcrumb":{"@id":"https:\/\/www.ejercito.mil.uy\/index.php\/2021\/12\/08\/ceremonia-de-clausura-de-cursos-y-colacion-de-grado\/#breadcrumblist"},"author":{"@id":"https:\/\/www.ejercito.mil.uy\/index.php\/author\/acastro\/#author"},"creator":{"@id":"https:\/\/www.ejercito.mil.uy\/index.php\/author\/acastro\/#author"},"image":{"@type":"ImageObject","url":"https:\/\/www.ejercito.mil.uy\/wp-content\/uploads\/2021\/12\/Escuela_Militar-11-1.jpg","@id":"https:\/\/www.ejercito.mil.uy\/index.php\/2021\/12\/08\/ceremonia-de-clausura-de-cursos-y-colacion-de-grado\/#mainImage","width":1200,"height":800,"caption":"Escuela_Militar"},"primaryImageOfPage":{"@id":"https:\/\/www.ejercito.mil.uy\/index.php\/2021\/12\/08\/ceremonia-de-clausura-de-cursos-y-colacion-de-grado\/#mainImage"},"datePublished":"2021-12-08T16:22:57-03:00","dateModified":"2026-02-23T10:24:36-03:00"},{"@type":"WebSite","@id":"https:\/\/www.ejercito.mil.uy\/#website","url":"https:\/\/www.ejercito.mil.uy\/","name":"Ej\u00e9rcito Nacional","description":"La Fuerza de todos","inLanguage":"es-UY","publisher":{"@id":"https:\/\/www.ejercito.mil.uy\/#organization"}}]},"og:locale":"es_ES","og:site_name":"Ej\u00e9rcito Nacional - La Fuerza de todos","og:type":"article","og:title":"Ceremonia de Clausura de Cursos y Colaci\u00f3n de grado - Ej\u00e9rcito Nacional","og:description":"08.12.2021 - Esta ma\u00f1ana, en la Escuela Militar, el Sr. Presidente de la Rep\u00fablica, Dr. Luis Lacalle Pou y el Sr. Ministro de Defensa Nacional presidieron la ceremonia de Clausura de Cursos y Colaci\u00f3n de grado de los Alf\u00e9reces de la 131\u00ba promoci\u00f3n &quot;General de Divisi\u00f3n Segundo Bazzano&quot;.","og:url":"https:\/\/www.ejercito.mil.uy\/index.php\/2021\/12\/08\/ceremonia-de-clausura-de-cursos-y-colacion-de-grado\/","og:image":"https:\/\/www.ejercito.mil.uy\/wp-content\/uploads\/2022\/01\/Escudo_EN_URUGUAY.png","og:image:secure_url":"https:\/\/www.ejercito.mil.uy\/wp-content\/uploads\/2022\/01\/Escudo_EN_URUGUAY.png","og:image:width":134,"og:image:height":119,"article:published_time":"2021-12-08T19:22:57+00:00","article:modified_time":"2026-02-23T13:24:36+00:00","twitter:card":"summary_large_image","twitter:title":"Ceremonia de Clausura de Cursos y Colaci\u00f3n de grado - Ej\u00e9rcito Nacional","twitter:description":"08.12.2021 - Esta ma\u00f1ana, en la Escuela Militar, el Sr. Presidente de la Rep\u00fablica, Dr. Luis Lacalle Pou y el Sr. Ministro de Defensa Nacional presidieron la ceremonia de Clausura de Cursos y Colaci\u00f3n de grado de los Alf\u00e9reces de la 131\u00ba promoci\u00f3n &quot;General de Divisi\u00f3n Segundo Bazzano&quot;.","twitter:image":"https:\/\/www.ejercito.mil.uy\/wp-content\/uploads\/2022\/01\/Escudo_EN_URUGUAY.png"},"aioseo_meta_data":{"post_id":"8690","title":null,"description":null,"keywords":null,"keyphrases":{"focus":{"keyphrase":"","score":0,"analysis":{"keyphraseInTitle":{"score":0,"maxScore":9,"error":1}}},"additional":[]},"primary_term":null,"canonical_url":null,"og_title":null,"og_description":null,"og_object_type":"default","og_image_type":"default","og_image_url":null,"og_image_width":null,"og_image_height":null,"og_image_custom_url":null,"og_image_custom_fields":null,"og_video":"","og_custom_url":null,"og_article_section":null,"og_article_tags":null,"twitter_use_og":false,"twitter_card":"default","twitter_image_type":"default","twitter_image_url":null,"twitter_image_custom_url":null,"twitter_image_custom_fields":null,"twitter_title":null,"twitter_description":null,"schema":{"blockGraphs":[],"customGraphs":[],"default":{"data":{"Article":[],"Course":[],"Dataset":[],"FAQPage":[],"Movie":[],"Person":[],"Product":[],"ProductReview":[],"Car":[],"Recipe":[],"Service":[],"SoftwareApplication":[],"WebPage":[]},"graphName":"BlogPosting","isEnabled":true},"graphs":[]},"schema_type":"default","schema_type_options":null,"pillar_content":false,"robots_default":true,"robots_noindex":false,"robots_noarchive":false,"robots_nosnippet":false,"robots_nofollow":false,"robots_noimageindex":false,"robots_noodp":false,"robots_notranslate":false,"robots_max_snippet":"-1","robots_max_videopreview":"-1","robots_max_imagepreview":"large","priority":null,"frequency":"default","local_seo":null,"breadcrumb_settings":null,"limit_modified_date":false,"ai":{"faqs":[],"keyPoints":[],"titles":[],"descriptions":[],"socialPosts":{"email":[],"linkedin":[],"twitter":[],"facebook":[],"instagram":[]}},"created":"2025-08-30 02:29:37","updated":"2026-02-23 13:27:01","seo_analyzer_scan_date":null,"focus_keyword":null,"additional_keywords":null,"truseo_locale":null},"aioseo_breadcrumb":"<div class=\"aioseo-breadcrumbs\"><span class=\"aioseo-breadcrumb\">\n\t\t\t<a href=\"https:\/\/www.ejercito.mil.uy\" title=\"Home\">Home<\/a>\n\t\t<\/span><span class=\"aioseo-breadcrumb-separator\">&raquo;<\/span><span class=\"aioseo-breadcrumb\">\n\t\t\t<a href=\"https:\/\/www.ejercito.mil.uy\/index.php\/category\/destacados\/\" title=\"Destacados\">Destacados<\/a>\n\t\t<\/span><span class=\"aioseo-breadcrumb-separator\">&raquo;<\/span><span class=\"aioseo-breadcrumb\">\n\t\t\t<a href=\"https:\/\/www.ejercito.mil.uy\/index.php\/category\/destacados\/noticias\/\" title=\"Noticias\">Noticias<\/a>\n\t\t<\/span><span class=\"aioseo-breadcrumb-separator\">&raquo;<\/span><span class=\"aioseo-breadcrumb\">\n\t\t\tCeremonia de Clausura de Cursos y Colaci\u00f3n de grado\n\t\t<\/span><\/div>","aioseo_breadcrumb_json":[{"label":"Home","link":"https:\/\/www.ejercito.mil.uy"},{"label":"Destacados","link":"https:\/\/www.ejercito.mil.uy\/index.php\/category\/destacados\/"},{"label":"Noticias","link":"https:\/\/www.ejercito.mil.uy\/index.php\/category\/destacados\/noticias\/"},{"label":"Ceremonia de Clausura de Cursos y Colaci\u00f3n de grado","link":"https:\/\/www.ejercito.mil.uy\/index.php\/2021\/12\/08\/ceremonia-de-clausura-de-cursos-y-colacion-de-grado\/"}],"_links":{"self":[{"href":"https:\/\/www.ejercito.mil.uy\/index.php\/wp-json\/wp\/v2\/posts\/8690","targetHints":{"allow":["GET"]}}],"collection":[{"href":"https:\/\/www.ejercito.mil.uy\/index.php\/wp-json\/wp\/v2\/posts"}],"about":[{"href":"https:\/\/www.ejercito.mil.uy\/index.php\/wp-json\/wp\/v2\/types\/post"}],"author":[{"embeddable":true,"href":"https:\/\/www.ejercito.mil.uy\/index.php\/wp-json\/wp\/v2\/users\/4"}],"replies":[{"embeddable":true,"href":"https:\/\/www.ejercito.mil.uy\/index.php\/wp-json\/wp\/v2\/comments?post=8690"}],"version-history":[{"count":4,"href":"https:\/\/www.ejercito.mil.uy\/index.php\/wp-json\/wp\/v2\/posts\/8690\/revisions"}],"predecessor-version":[{"id":55058,"href":"https:\/\/www.ejercito.mil.uy\/index.php\/wp-json\/wp\/v2\/posts\/8690\/revisions\/55058"}],"wp:featuredmedia":[{"embeddable":true,"href":"https:\/\/www.ejercito.mil.uy\/index.php\/wp-json\/wp\/v2\/media\/8691"}],"wp:attachment":[{"href":"https:\/\/www.ejercito.mil.uy\/index.php\/wp-json\/wp\/v2\/media?parent=8690"}],"wp:term":[{"taxonomy":"category","embeddable":true,"href":"https:\/\/www.ejercito.mil.uy\/index.php\/wp-json\/wp\/v2\/categories?post=8690"},{"taxonomy":"post_tag","embeddable":true,"href":"https:\/\/www.ejercito.mil.uy\/index.php\/wp-json\/wp\/v2\/tags?post=8690"}],"curies":[{"name":"wp","href":"https:\/\/api.w.org\/{rel}","templated":true}]}}