{"id":872,"date":"2021-01-02T11:19:00","date_gmt":"2021-01-02T14:19:00","guid":{"rendered":"http:\/\/10.1.99.112\/?p=872"},"modified":"2021-03-18T11:28:58","modified_gmt":"2021-03-18T14:28:58","slug":"cumpliendo-con-los-protocolos","status":"publish","type":"post","link":"https:\/\/www.ejercito.mil.uy\/index.php\/2021\/01\/02\/cumpliendo-con-los-protocolos\/","title":{"rendered":"Cumpliendo con los protocolos"},"content":{"rendered":"\n<h2 class=\"wp-block-heading\">60 efectivos retornaron a la Unidad<\/h2>\n\n\n\n<p class=\"wp-block-paragraph\">02.01.2021<br><br><\/p>\n\n\n\n<p class=\"wp-block-paragraph\">M\u00e1s de 60 integrantes del Batall\u00f3n \u00abRinc\u00f3n\u00bb de Infanter\u00eda Mecanizado N\u00ba 9 luego de cumplir con el periodo de Servicio de Guardia C\u00e1rcel en el INR N\u00ba 12 \u201cCerro Carancho\u201d del dpto. de Rivera, retornaron a la Unidad y fueron recibidos por el personal sanitario para cumplir con los protocolos de control de temperatura y evaluaci\u00f3n cl\u00ednica, para descartar una posible propagaci\u00f3n del COVID19.<\/p>\n\n\n\n<p class=\"wp-block-paragraph\"><br><\/p>\n\n\n\n<div class=\"wp-block-coblocks-gallery-carousel\"><div class=\"is-cropped coblocks-gallery has-no-alignment has-caption-style-dark has-horizontal-gutter has-lightbox\"><div class=\"has-carousel has-carousel-lrg\" style=\"height:400px\" data-flickity=\"{&quot;autoPlay&quot;:3000,&quot;draggable&quot;:true,&quot;pageDots&quot;:false,&quot;prevNextButtons&quot;:true,&quot;wrapAround&quot;:true,&quot;cellAlign&quot;:&quot;center&quot;,&quot;pauseAutoPlayOnHover&quot;:false,&quot;freeScroll&quot;:true,&quot;arrowShape&quot;:{&quot;x0&quot;:10,&quot;x1&quot;:60,&quot;y1&quot;:50,&quot;x2&quot;:65,&quot;y2&quot;:45,&quot;x3&quot;:20},&quot;thumbnails&quot;:false,&quot;responsiveHeight&quot;:false}\"><div class=\"coblocks-gallery--item\"><figure class=\"coblocks-gallery--figure has-margin-left-10 has-margin-left-mobile-5 has-margin-right-10 has-margin-right-mobile-5\"><img loading=\"lazy\" decoding=\"async\" width=\"1024\" height=\"683\" src=\"http:\/\/www.ejercito.mil.uy\/wp-content\/uploads\/2021\/03\/covid19-4-1024x683.jpg\" alt=\"\" data-id=\"874\" data-link=\"http:\/\/www.ejercito.mil.uy\/?attachment_id=874\" class=\"wp-image-874\" srcset=\"https:\/\/www.ejercito.mil.uy\/wp-content\/uploads\/2021\/03\/covid19-4-1024x683.jpg 1024w, https:\/\/www.ejercito.mil.uy\/wp-content\/uploads\/2021\/03\/covid19-4-300x200.jpg 300w, https:\/\/www.ejercito.mil.uy\/wp-content\/uploads\/2021\/03\/covid19-4.jpg 1200w\" sizes=\"auto, (max-width: 1024px) 100vw, 1024px\" \/><\/figure><\/div><div class=\"coblocks-gallery--item\"><figure class=\"coblocks-gallery--figure has-margin-left-10 has-margin-left-mobile-5 has-margin-right-10 has-margin-right-mobile-5\"><img loading=\"lazy\" decoding=\"async\" width=\"1024\" height=\"683\" src=\"http:\/\/www.ejercito.mil.uy\/wp-content\/uploads\/2021\/03\/covid19-5-1024x683.jpg\" alt=\"\" data-id=\"875\" data-link=\"http:\/\/www.ejercito.mil.uy\/?attachment_id=875\" class=\"wp-image-875\" srcset=\"https:\/\/www.ejercito.mil.uy\/wp-content\/uploads\/2021\/03\/covid19-5-1024x683.jpg 1024w, https:\/\/www.ejercito.mil.uy\/wp-content\/uploads\/2021\/03\/covid19-5-300x200.jpg 300w, https:\/\/www.ejercito.mil.uy\/wp-content\/uploads\/2021\/03\/covid19-5.jpg 1200w\" sizes=\"auto, (max-width: 1024px) 100vw, 1024px\" \/><\/figure><\/div><div class=\"coblocks-gallery--item\"><figure class=\"coblocks-gallery--figure has-margin-left-10 has-margin-left-mobile-5 has-margin-right-10 has-margin-right-mobile-5\"><img loading=\"lazy\" decoding=\"async\" width=\"1024\" height=\"683\" src=\"http:\/\/www.ejercito.mil.uy\/wp-content\/uploads\/2021\/03\/covid19-1-1024x683.jpg\" alt=\"\" data-id=\"876\" data-link=\"http:\/\/www.ejercito.mil.uy\/?attachment_id=876\" class=\"wp-image-876\" srcset=\"https:\/\/www.ejercito.mil.uy\/wp-content\/uploads\/2021\/03\/covid19-1-1024x683.jpg 1024w, https:\/\/www.ejercito.mil.uy\/wp-content\/uploads\/2021\/03\/covid19-1-300x200.jpg 300w, https:\/\/www.ejercito.mil.uy\/wp-content\/uploads\/2021\/03\/covid19-1.jpg 1200w\" sizes=\"auto, (max-width: 1024px) 100vw, 1024px\" \/><\/figure><\/div><div class=\"coblocks-gallery--item\"><figure class=\"coblocks-gallery--figure has-margin-left-10 has-margin-left-mobile-5 has-margin-right-10 has-margin-right-mobile-5\"><img loading=\"lazy\" decoding=\"async\" width=\"1024\" height=\"683\" src=\"http:\/\/www.ejercito.mil.uy\/wp-content\/uploads\/2021\/03\/covid19-2-1024x683.jpg\" alt=\"\" data-id=\"877\" data-link=\"http:\/\/www.ejercito.mil.uy\/?attachment_id=877\" class=\"wp-image-877\" srcset=\"https:\/\/www.ejercito.mil.uy\/wp-content\/uploads\/2021\/03\/covid19-2-1024x683.jpg 1024w, https:\/\/www.ejercito.mil.uy\/wp-content\/uploads\/2021\/03\/covid19-2-300x200.jpg 300w, https:\/\/www.ejercito.mil.uy\/wp-content\/uploads\/2021\/03\/covid19-2.jpg 1200w\" sizes=\"auto, (max-width: 1024px) 100vw, 1024px\" \/><\/figure><\/div><div class=\"coblocks-gallery--item\"><figure class=\"coblocks-gallery--figure has-margin-left-10 has-margin-left-mobile-5 has-margin-right-10 has-margin-right-mobile-5\"><img loading=\"lazy\" decoding=\"async\" width=\"1024\" height=\"683\" src=\"http:\/\/www.ejercito.mil.uy\/wp-content\/uploads\/2021\/03\/covid19-3-1024x683.jpg\" alt=\"\" data-id=\"878\" data-link=\"http:\/\/www.ejercito.mil.uy\/?attachment_id=878\" class=\"wp-image-878\" srcset=\"https:\/\/www.ejercito.mil.uy\/wp-content\/uploads\/2021\/03\/covid19-3-1024x683.jpg 1024w, https:\/\/www.ejercito.mil.uy\/wp-content\/uploads\/2021\/03\/covid19-3-300x200.jpg 300w, https:\/\/www.ejercito.mil.uy\/wp-content\/uploads\/2021\/03\/covid19-3.jpg 1200w\" sizes=\"auto, (max-width: 1024px) 100vw, 1024px\" \/><\/figure><\/div><\/div><\/div><\/div>\n\n\n\n<p class=\"wp-block-paragraph\"><\/p>\n","protected":false},"excerpt":{"rendered":"<p>60 efectivos retornaron a la Unidad 02.01.2021 M\u00e1s de 60 integrantes del Batall\u00f3n \u00abRinc\u00f3n\u00bb de Infanter\u00eda Mecanizado N\u00ba 9 luego de cumplir con el periodo de Servicio de Guardia C\u00e1rcel en el INR N\u00ba 12 \u201cCerro Carancho\u201d del dpto. de Rivera, retornaron a la Unidad y fueron recibidos por el personal sanitario para cumplir con <a href=\"https:\/\/www.ejercito.mil.uy\/index.php\/2021\/01\/02\/cumpliendo-con-los-protocolos\/\" class=\"more-link\">&#8230;<span class=\"screen-reader-text\">  Cumpliendo con los protocolos<\/span><\/a><\/p>\n","protected":false},"author":4,"featured_media":0,"comment_status":"open","ping_status":"open","sticky":false,"template":"","format":"standard","meta":{"_coblocks_attr":"","_coblocks_dimensions":"","_coblocks_responsive_height":"","_coblocks_accordion_ie_support":"","_monsterinsights_skip_tracking":false,"_uf_show_specific_survey":0,"_uf_disable_surveys":false,"footnotes":""},"categories":[2,14],"tags":[],"class_list":["post-872","post","type-post","status-publish","format-standard","hentry","category-blog","category-noticias"],"aioseo_notices":[],"aioseo_head":"\n\t\t<!-- All in One SEO 5.0.1.1 - aioseo.com -->\n\t<meta name=\"description\" content=\"60 efectivos retornaron a la Unidad 02.01.2021 M\u00e1s de 60 integrantes del Batall\u00f3n &quot;Rinc\u00f3n&quot; de Infanter\u00eda Mecanizado N\u00ba 9 luego de cumplir con el periodo de Servicio de Guardia C\u00e1rcel en el INR N\u00ba 12 \u201cCerro Carancho\u201d del dpto. de Rivera, retornaron a la Unidad y fueron recibidos por el personal sanitario para cumplir con\" \/>\n\t<meta name=\"robots\" content=\"max-image-preview:large\" \/>\n\t<meta name=\"author\" content=\"Alejandro Castro\"\/>\n\t<link rel=\"canonical\" href=\"https:\/\/www.ejercito.mil.uy\/index.php\/2021\/01\/02\/cumpliendo-con-los-protocolos\/\" \/>\n\t<meta name=\"generator\" content=\"All in One SEO (AIOSEO) 5.0.1.1\" \/>\n\t\t<meta property=\"og:locale\" content=\"es_ES\" \/>\n\t\t<meta property=\"og:site_name\" content=\"Ej\u00e9rcito Nacional - La Fuerza de todos\" \/>\n\t\t<meta property=\"og:type\" content=\"article\" \/>\n\t\t<meta property=\"og:title\" content=\"Cumpliendo con los protocolos - Ej\u00e9rcito Nacional\" \/>\n\t\t<meta property=\"og:description\" content=\"60 efectivos retornaron a la Unidad 02.01.2021 M\u00e1s de 60 integrantes del Batall\u00f3n &quot;Rinc\u00f3n&quot; de Infanter\u00eda Mecanizado N\u00ba 9 luego de cumplir con el periodo de Servicio de Guardia C\u00e1rcel en el INR N\u00ba 12 \u201cCerro Carancho\u201d del dpto. de Rivera, retornaron a la Unidad y fueron recibidos por el personal sanitario para cumplir con\" \/>\n\t\t<meta property=\"og:url\" content=\"https:\/\/www.ejercito.mil.uy\/index.php\/2021\/01\/02\/cumpliendo-con-los-protocolos\/\" \/>\n\t\t<meta property=\"og:image\" content=\"https:\/\/www.ejercito.mil.uy\/wp-content\/uploads\/2022\/01\/Escudo_EN_URUGUAY.png\" \/>\n\t\t<meta property=\"og:image:secure_url\" content=\"https:\/\/www.ejercito.mil.uy\/wp-content\/uploads\/2022\/01\/Escudo_EN_URUGUAY.png\" \/>\n\t\t<meta property=\"og:image:width\" content=\"134\" \/>\n\t\t<meta property=\"og:image:height\" content=\"119\" \/>\n\t\t<meta property=\"article:published_time\" content=\"2021-01-02T14:19:00+00:00\" \/>\n\t\t<meta property=\"article:modified_time\" content=\"2021-03-18T14:28:58+00:00\" \/>\n\t\t<meta name=\"twitter:card\" content=\"summary_large_image\" \/>\n\t\t<meta name=\"twitter:title\" content=\"Cumpliendo con los protocolos - Ej\u00e9rcito Nacional\" \/>\n\t\t<meta name=\"twitter:description\" content=\"60 efectivos retornaron a la Unidad 02.01.2021 M\u00e1s de 60 integrantes del Batall\u00f3n &quot;Rinc\u00f3n&quot; de Infanter\u00eda Mecanizado N\u00ba 9 luego de cumplir con el periodo de Servicio de Guardia C\u00e1rcel en el INR N\u00ba 12 \u201cCerro Carancho\u201d del dpto. de Rivera, retornaron a la Unidad y fueron recibidos por el personal sanitario para cumplir con\" \/>\n\t\t<meta name=\"twitter:image\" content=\"https:\/\/www.ejercito.mil.uy\/wp-content\/uploads\/2022\/01\/Escudo_EN_URUGUAY.png\" \/>\n\t\t<script type=\"application\/ld+json\" class=\"aioseo-schema\">\n\t\t\t{\"@context\":\"https:\\\/\\\/schema.org\",\"@graph\":[{\"@type\":\"BlogPosting\",\"@id\":\"https:\\\/\\\/www.ejercito.mil.uy\\\/index.php\\\/2021\\\/01\\\/02\\\/cumpliendo-con-los-protocolos\\\/#blogposting\",\"name\":\"Cumpliendo con los protocolos - Ej\\u00e9rcito Nacional\",\"headline\":\"Cumpliendo con los protocolos\",\"author\":{\"@id\":\"https:\\\/\\\/www.ejercito.mil.uy\\\/index.php\\\/author\\\/acastro\\\/#author\"},\"publisher\":{\"@id\":\"https:\\\/\\\/www.ejercito.mil.uy\\\/#organization\"},\"image\":{\"@type\":\"ImageObject\",\"url\":\"http:\\\/\\\/www.ejercito.mil.uy\\\/wp-content\\\/uploads\\\/2021\\\/03\\\/covid19-4-1024x683.jpg\",\"@id\":\"https:\\\/\\\/www.ejercito.mil.uy\\\/index.php\\\/2021\\\/01\\\/02\\\/cumpliendo-con-los-protocolos\\\/#articleImage\"},\"datePublished\":\"2021-01-02T11:19:00-03:00\",\"dateModified\":\"2021-03-18T11:28:58-03:00\",\"inLanguage\":\"es-UY\",\"mainEntityOfPage\":{\"@id\":\"https:\\\/\\\/www.ejercito.mil.uy\\\/index.php\\\/2021\\\/01\\\/02\\\/cumpliendo-con-los-protocolos\\\/#webpage\"},\"isPartOf\":{\"@id\":\"https:\\\/\\\/www.ejercito.mil.uy\\\/index.php\\\/2021\\\/01\\\/02\\\/cumpliendo-con-los-protocolos\\\/#webpage\"},\"articleSection\":\"Blog, Noticias\"},{\"@type\":\"BreadcrumbList\",\"@id\":\"https:\\\/\\\/www.ejercito.mil.uy\\\/index.php\\\/2021\\\/01\\\/02\\\/cumpliendo-con-los-protocolos\\\/#breadcrumblist\",\"itemListElement\":[{\"@type\":\"ListItem\",\"@id\":\"https:\\\/\\\/www.ejercito.mil.uy#listItem\",\"position\":1,\"name\":\"Home\",\"item\":\"https:\\\/\\\/www.ejercito.mil.uy\",\"nextItem\":{\"@type\":\"ListItem\",\"@id\":\"https:\\\/\\\/www.ejercito.mil.uy\\\/index.php\\\/category\\\/destacados\\\/#listItem\",\"name\":\"Destacados\"}},{\"@type\":\"ListItem\",\"@id\":\"https:\\\/\\\/www.ejercito.mil.uy\\\/index.php\\\/category\\\/destacados\\\/#listItem\",\"position\":2,\"name\":\"Destacados\",\"item\":\"https:\\\/\\\/www.ejercito.mil.uy\\\/index.php\\\/category\\\/destacados\\\/\",\"nextItem\":{\"@type\":\"ListItem\",\"@id\":\"https:\\\/\\\/www.ejercito.mil.uy\\\/index.php\\\/category\\\/destacados\\\/noticias\\\/#listItem\",\"name\":\"Noticias\"},\"previousItem\":{\"@type\":\"ListItem\",\"@id\":\"https:\\\/\\\/www.ejercito.mil.uy#listItem\",\"name\":\"Home\"}},{\"@type\":\"ListItem\",\"@id\":\"https:\\\/\\\/www.ejercito.mil.uy\\\/index.php\\\/category\\\/destacados\\\/noticias\\\/#listItem\",\"position\":3,\"name\":\"Noticias\",\"item\":\"https:\\\/\\\/www.ejercito.mil.uy\\\/index.php\\\/category\\\/destacados\\\/noticias\\\/\",\"nextItem\":{\"@type\":\"ListItem\",\"@id\":\"https:\\\/\\\/www.ejercito.mil.uy\\\/index.php\\\/2021\\\/01\\\/02\\\/cumpliendo-con-los-protocolos\\\/#listItem\",\"name\":\"Cumpliendo con los protocolos\"},\"previousItem\":{\"@type\":\"ListItem\",\"@id\":\"https:\\\/\\\/www.ejercito.mil.uy\\\/index.php\\\/category\\\/destacados\\\/#listItem\",\"name\":\"Destacados\"}},{\"@type\":\"ListItem\",\"@id\":\"https:\\\/\\\/www.ejercito.mil.uy\\\/index.php\\\/2021\\\/01\\\/02\\\/cumpliendo-con-los-protocolos\\\/#listItem\",\"position\":4,\"name\":\"Cumpliendo con los protocolos\",\"previousItem\":{\"@type\":\"ListItem\",\"@id\":\"https:\\\/\\\/www.ejercito.mil.uy\\\/index.php\\\/category\\\/destacados\\\/noticias\\\/#listItem\",\"name\":\"Noticias\"}}]},{\"@type\":\"Organization\",\"@id\":\"https:\\\/\\\/www.ejercito.mil.uy\\\/#organization\",\"name\":\"Ej\\u00e9rcito Nacional\",\"description\":\"La Fuerza de todos\",\"url\":\"https:\\\/\\\/www.ejercito.mil.uy\\\/\",\"logo\":{\"@type\":\"ImageObject\",\"url\":\"https:\\\/\\\/www.ejercito.mil.uy\\\/wp-content\\\/uploads\\\/2022\\\/01\\\/Escudo_EN_URUGUAY.png\",\"@id\":\"https:\\\/\\\/www.ejercito.mil.uy\\\/index.php\\\/2021\\\/01\\\/02\\\/cumpliendo-con-los-protocolos\\\/#organizationLogo\",\"width\":134,\"height\":119},\"image\":{\"@id\":\"https:\\\/\\\/www.ejercito.mil.uy\\\/index.php\\\/2021\\\/01\\\/02\\\/cumpliendo-con-los-protocolos\\\/#organizationLogo\"}},{\"@type\":\"Person\",\"@id\":\"https:\\\/\\\/www.ejercito.mil.uy\\\/index.php\\\/author\\\/acastro\\\/#author\",\"url\":\"https:\\\/\\\/www.ejercito.mil.uy\\\/index.php\\\/author\\\/acastro\\\/\",\"name\":\"Alejandro Castro\",\"image\":{\"@type\":\"ImageObject\",\"@id\":\"https:\\\/\\\/www.ejercito.mil.uy\\\/index.php\\\/2021\\\/01\\\/02\\\/cumpliendo-con-los-protocolos\\\/#authorImage\",\"url\":\"https:\\\/\\\/secure.gravatar.com\\\/avatar\\\/89bb77d4bf696501dd94ca89e6794e1787eaffba7c7197528d249e15bd099f68?s=96&d=mm&r=g\",\"width\":96,\"height\":96,\"caption\":\"Alejandro Castro\"}},{\"@type\":\"WebPage\",\"@id\":\"https:\\\/\\\/www.ejercito.mil.uy\\\/index.php\\\/2021\\\/01\\\/02\\\/cumpliendo-con-los-protocolos\\\/#webpage\",\"url\":\"https:\\\/\\\/www.ejercito.mil.uy\\\/index.php\\\/2021\\\/01\\\/02\\\/cumpliendo-con-los-protocolos\\\/\",\"name\":\"Cumpliendo con los protocolos - Ej\\u00e9rcito Nacional\",\"description\":\"60 efectivos retornaron a la Unidad 02.01.2021 M\\u00e1s de 60 integrantes del Batall\\u00f3n \\\"Rinc\\u00f3n\\\" de Infanter\\u00eda Mecanizado N\\u00ba 9 luego de cumplir con el periodo de Servicio de Guardia C\\u00e1rcel en el INR N\\u00ba 12 \\u201cCerro Carancho\\u201d del dpto. de Rivera, retornaron a la Unidad y fueron recibidos por el personal sanitario para cumplir con\",\"inLanguage\":\"es-UY\",\"isPartOf\":{\"@id\":\"https:\\\/\\\/www.ejercito.mil.uy\\\/#website\"},\"breadcrumb\":{\"@id\":\"https:\\\/\\\/www.ejercito.mil.uy\\\/index.php\\\/2021\\\/01\\\/02\\\/cumpliendo-con-los-protocolos\\\/#breadcrumblist\"},\"author\":{\"@id\":\"https:\\\/\\\/www.ejercito.mil.uy\\\/index.php\\\/author\\\/acastro\\\/#author\"},\"creator\":{\"@id\":\"https:\\\/\\\/www.ejercito.mil.uy\\\/index.php\\\/author\\\/acastro\\\/#author\"},\"datePublished\":\"2021-01-02T11:19:00-03:00\",\"dateModified\":\"2021-03-18T11:28:58-03:00\"},{\"@type\":\"WebSite\",\"@id\":\"https:\\\/\\\/www.ejercito.mil.uy\\\/#website\",\"url\":\"https:\\\/\\\/www.ejercito.mil.uy\\\/\",\"name\":\"Ej\\u00e9rcito Nacional\",\"description\":\"La Fuerza de todos\",\"inLanguage\":\"es-UY\",\"publisher\":{\"@id\":\"https:\\\/\\\/www.ejercito.mil.uy\\\/#organization\"}}]}\n\t\t<\/script>\n\t\t<!-- All in One SEO -->\n\n","aioseo_head_json":{"title":"Cumpliendo con los protocolos - Ej\u00e9rcito Nacional","description":"60 efectivos retornaron a la Unidad 02.01.2021 M\u00e1s de 60 integrantes del Batall\u00f3n \"Rinc\u00f3n\" de Infanter\u00eda Mecanizado N\u00ba 9 luego de cumplir con el periodo de Servicio de Guardia C\u00e1rcel en el INR N\u00ba 12 \u201cCerro Carancho\u201d del dpto. de Rivera, retornaron a la Unidad y fueron recibidos por el personal sanitario para cumplir con","canonical_url":"https:\/\/www.ejercito.mil.uy\/index.php\/2021\/01\/02\/cumpliendo-con-los-protocolos\/","robots":"max-image-preview:large","keywords":"","webmasterTools":{"miscellaneous":""},"schema":{"@context":"https:\/\/schema.org","@graph":[{"@type":"BlogPosting","@id":"https:\/\/www.ejercito.mil.uy\/index.php\/2021\/01\/02\/cumpliendo-con-los-protocolos\/#blogposting","name":"Cumpliendo con los protocolos - Ej\u00e9rcito Nacional","headline":"Cumpliendo con los protocolos","author":{"@id":"https:\/\/www.ejercito.mil.uy\/index.php\/author\/acastro\/#author"},"publisher":{"@id":"https:\/\/www.ejercito.mil.uy\/#organization"},"image":{"@type":"ImageObject","url":"http:\/\/www.ejercito.mil.uy\/wp-content\/uploads\/2021\/03\/covid19-4-1024x683.jpg","@id":"https:\/\/www.ejercito.mil.uy\/index.php\/2021\/01\/02\/cumpliendo-con-los-protocolos\/#articleImage"},"datePublished":"2021-01-02T11:19:00-03:00","dateModified":"2021-03-18T11:28:58-03:00","inLanguage":"es-UY","mainEntityOfPage":{"@id":"https:\/\/www.ejercito.mil.uy\/index.php\/2021\/01\/02\/cumpliendo-con-los-protocolos\/#webpage"},"isPartOf":{"@id":"https:\/\/www.ejercito.mil.uy\/index.php\/2021\/01\/02\/cumpliendo-con-los-protocolos\/#webpage"},"articleSection":"Blog, Noticias"},{"@type":"BreadcrumbList","@id":"https:\/\/www.ejercito.mil.uy\/index.php\/2021\/01\/02\/cumpliendo-con-los-protocolos\/#breadcrumblist","itemListElement":[{"@type":"ListItem","@id":"https:\/\/www.ejercito.mil.uy#listItem","position":1,"name":"Home","item":"https:\/\/www.ejercito.mil.uy","nextItem":{"@type":"ListItem","@id":"https:\/\/www.ejercito.mil.uy\/index.php\/category\/destacados\/#listItem","name":"Destacados"}},{"@type":"ListItem","@id":"https:\/\/www.ejercito.mil.uy\/index.php\/category\/destacados\/#listItem","position":2,"name":"Destacados","item":"https:\/\/www.ejercito.mil.uy\/index.php\/category\/destacados\/","nextItem":{"@type":"ListItem","@id":"https:\/\/www.ejercito.mil.uy\/index.php\/category\/destacados\/noticias\/#listItem","name":"Noticias"},"previousItem":{"@type":"ListItem","@id":"https:\/\/www.ejercito.mil.uy#listItem","name":"Home"}},{"@type":"ListItem","@id":"https:\/\/www.ejercito.mil.uy\/index.php\/category\/destacados\/noticias\/#listItem","position":3,"name":"Noticias","item":"https:\/\/www.ejercito.mil.uy\/index.php\/category\/destacados\/noticias\/","nextItem":{"@type":"ListItem","@id":"https:\/\/www.ejercito.mil.uy\/index.php\/2021\/01\/02\/cumpliendo-con-los-protocolos\/#listItem","name":"Cumpliendo con los protocolos"},"previousItem":{"@type":"ListItem","@id":"https:\/\/www.ejercito.mil.uy\/index.php\/category\/destacados\/#listItem","name":"Destacados"}},{"@type":"ListItem","@id":"https:\/\/www.ejercito.mil.uy\/index.php\/2021\/01\/02\/cumpliendo-con-los-protocolos\/#listItem","position":4,"name":"Cumpliendo con los protocolos","previousItem":{"@type":"ListItem","@id":"https:\/\/www.ejercito.mil.uy\/index.php\/category\/destacados\/noticias\/#listItem","name":"Noticias"}}]},{"@type":"Organization","@id":"https:\/\/www.ejercito.mil.uy\/#organization","name":"Ej\u00e9rcito Nacional","description":"La Fuerza de todos","url":"https:\/\/www.ejercito.mil.uy\/","logo":{"@type":"ImageObject","url":"https:\/\/www.ejercito.mil.uy\/wp-content\/uploads\/2022\/01\/Escudo_EN_URUGUAY.png","@id":"https:\/\/www.ejercito.mil.uy\/index.php\/2021\/01\/02\/cumpliendo-con-los-protocolos\/#organizationLogo","width":134,"height":119},"image":{"@id":"https:\/\/www.ejercito.mil.uy\/index.php\/2021\/01\/02\/cumpliendo-con-los-protocolos\/#organizationLogo"}},{"@type":"Person","@id":"https:\/\/www.ejercito.mil.uy\/index.php\/author\/acastro\/#author","url":"https:\/\/www.ejercito.mil.uy\/index.php\/author\/acastro\/","name":"Alejandro Castro","image":{"@type":"ImageObject","@id":"https:\/\/www.ejercito.mil.uy\/index.php\/2021\/01\/02\/cumpliendo-con-los-protocolos\/#authorImage","url":"https:\/\/secure.gravatar.com\/avatar\/89bb77d4bf696501dd94ca89e6794e1787eaffba7c7197528d249e15bd099f68?s=96&d=mm&r=g","width":96,"height":96,"caption":"Alejandro Castro"}},{"@type":"WebPage","@id":"https:\/\/www.ejercito.mil.uy\/index.php\/2021\/01\/02\/cumpliendo-con-los-protocolos\/#webpage","url":"https:\/\/www.ejercito.mil.uy\/index.php\/2021\/01\/02\/cumpliendo-con-los-protocolos\/","name":"Cumpliendo con los protocolos - Ej\u00e9rcito Nacional","description":"60 efectivos retornaron a la Unidad 02.01.2021 M\u00e1s de 60 integrantes del Batall\u00f3n \"Rinc\u00f3n\" de Infanter\u00eda Mecanizado N\u00ba 9 luego de cumplir con el periodo de Servicio de Guardia C\u00e1rcel en el INR N\u00ba 12 \u201cCerro Carancho\u201d del dpto. de Rivera, retornaron a la Unidad y fueron recibidos por el personal sanitario para cumplir con","inLanguage":"es-UY","isPartOf":{"@id":"https:\/\/www.ejercito.mil.uy\/#website"},"breadcrumb":{"@id":"https:\/\/www.ejercito.mil.uy\/index.php\/2021\/01\/02\/cumpliendo-con-los-protocolos\/#breadcrumblist"},"author":{"@id":"https:\/\/www.ejercito.mil.uy\/index.php\/author\/acastro\/#author"},"creator":{"@id":"https:\/\/www.ejercito.mil.uy\/index.php\/author\/acastro\/#author"},"datePublished":"2021-01-02T11:19:00-03:00","dateModified":"2021-03-18T11:28:58-03:00"},{"@type":"WebSite","@id":"https:\/\/www.ejercito.mil.uy\/#website","url":"https:\/\/www.ejercito.mil.uy\/","name":"Ej\u00e9rcito Nacional","description":"La Fuerza de todos","inLanguage":"es-UY","publisher":{"@id":"https:\/\/www.ejercito.mil.uy\/#organization"}}]},"og:locale":"es_ES","og:site_name":"Ej\u00e9rcito Nacional - La Fuerza de todos","og:type":"article","og:title":"Cumpliendo con los protocolos - Ej\u00e9rcito Nacional","og:description":"60 efectivos retornaron a la Unidad 02.01.2021 M\u00e1s de 60 integrantes del Batall\u00f3n &quot;Rinc\u00f3n&quot; de Infanter\u00eda Mecanizado N\u00ba 9 luego de cumplir con el periodo de Servicio de Guardia C\u00e1rcel en el INR N\u00ba 12 \u201cCerro Carancho\u201d del dpto. de Rivera, retornaron a la Unidad y fueron recibidos por el personal sanitario para cumplir con","og:url":"https:\/\/www.ejercito.mil.uy\/index.php\/2021\/01\/02\/cumpliendo-con-los-protocolos\/","og:image":"https:\/\/www.ejercito.mil.uy\/wp-content\/uploads\/2022\/01\/Escudo_EN_URUGUAY.png","og:image:secure_url":"https:\/\/www.ejercito.mil.uy\/wp-content\/uploads\/2022\/01\/Escudo_EN_URUGUAY.png","og:image:width":134,"og:image:height":119,"article:published_time":"2021-01-02T14:19:00+00:00","article:modified_time":"2021-03-18T14:28:58+00:00","twitter:card":"summary_large_image","twitter:title":"Cumpliendo con los protocolos - Ej\u00e9rcito Nacional","twitter:description":"60 efectivos retornaron a la Unidad 02.01.2021 M\u00e1s de 60 integrantes del Batall\u00f3n &quot;Rinc\u00f3n&quot; de Infanter\u00eda Mecanizado N\u00ba 9 luego de cumplir con el periodo de Servicio de Guardia C\u00e1rcel en el INR N\u00ba 12 \u201cCerro Carancho\u201d del dpto. de Rivera, retornaron a la Unidad y fueron recibidos por el personal sanitario para cumplir con","twitter:image":"https:\/\/www.ejercito.mil.uy\/wp-content\/uploads\/2022\/01\/Escudo_EN_URUGUAY.png"},"aioseo_meta_data":{"post_id":"872","title":null,"description":null,"keywords":null,"keyphrases":null,"primary_term":null,"canonical_url":null,"og_title":null,"og_description":null,"og_object_type":"default","og_image_type":"default","og_image_url":null,"og_image_width":null,"og_image_height":null,"og_image_custom_url":null,"og_image_custom_fields":null,"og_video":null,"og_custom_url":null,"og_article_section":null,"og_article_tags":null,"twitter_use_og":false,"twitter_card":"default","twitter_image_type":"default","twitter_image_url":null,"twitter_image_custom_url":null,"twitter_image_custom_fields":null,"twitter_title":null,"twitter_description":null,"schema":{"blockGraphs":[],"customGraphs":[],"default":{"data":{"Article":[],"Course":[],"Dataset":[],"FAQPage":[],"Movie":[],"Person":[],"Product":[],"ProductReview":[],"Car":[],"Recipe":[],"Service":[],"SoftwareApplication":[],"WebPage":[]},"graphName":"","isEnabled":true},"graphs":[]},"schema_type":"default","schema_type_options":null,"pillar_content":false,"robots_default":true,"robots_noindex":false,"robots_noarchive":false,"robots_nosnippet":false,"robots_nofollow":false,"robots_noimageindex":false,"robots_noodp":false,"robots_notranslate":false,"robots_max_snippet":null,"robots_max_videopreview":null,"robots_max_imagepreview":"large","priority":null,"frequency":null,"local_seo":null,"breadcrumb_settings":null,"limit_modified_date":false,"ai":null,"created":"2025-08-30 01:38:27","updated":"2025-08-30 01:38:27","seo_analyzer_scan_date":null,"focus_keyword":null,"additional_keywords":null,"truseo_locale":null},"aioseo_breadcrumb":"<div class=\"aioseo-breadcrumbs\"><span class=\"aioseo-breadcrumb\">\n\t\t\t<a href=\"https:\/\/www.ejercito.mil.uy\" title=\"Home\">Home<\/a>\n\t\t<\/span><span class=\"aioseo-breadcrumb-separator\">&raquo;<\/span><span class=\"aioseo-breadcrumb\">\n\t\t\t<a href=\"https:\/\/www.ejercito.mil.uy\/index.php\/category\/destacados\/\" title=\"Destacados\">Destacados<\/a>\n\t\t<\/span><span class=\"aioseo-breadcrumb-separator\">&raquo;<\/span><span class=\"aioseo-breadcrumb\">\n\t\t\t<a href=\"https:\/\/www.ejercito.mil.uy\/index.php\/category\/destacados\/noticias\/\" title=\"Noticias\">Noticias<\/a>\n\t\t<\/span><span class=\"aioseo-breadcrumb-separator\">&raquo;<\/span><span class=\"aioseo-breadcrumb\">\n\t\t\tCumpliendo con los protocolos\n\t\t<\/span><\/div>","aioseo_breadcrumb_json":[{"label":"Home","link":"https:\/\/www.ejercito.mil.uy"},{"label":"Destacados","link":"https:\/\/www.ejercito.mil.uy\/index.php\/category\/destacados\/"},{"label":"Noticias","link":"https:\/\/www.ejercito.mil.uy\/index.php\/category\/destacados\/noticias\/"},{"label":"Cumpliendo con los protocolos","link":"https:\/\/www.ejercito.mil.uy\/index.php\/2021\/01\/02\/cumpliendo-con-los-protocolos\/"}],"_links":{"self":[{"href":"https:\/\/www.ejercito.mil.uy\/index.php\/wp-json\/wp\/v2\/posts\/872","targetHints":{"allow":["GET"]}}],"collection":[{"href":"https:\/\/www.ejercito.mil.uy\/index.php\/wp-json\/wp\/v2\/posts"}],"about":[{"href":"https:\/\/www.ejercito.mil.uy\/index.php\/wp-json\/wp\/v2\/types\/post"}],"author":[{"embeddable":true,"href":"https:\/\/www.ejercito.mil.uy\/index.php\/wp-json\/wp\/v2\/users\/4"}],"replies":[{"embeddable":true,"href":"https:\/\/www.ejercito.mil.uy\/index.php\/wp-json\/wp\/v2\/comments?post=872"}],"version-history":[{"count":2,"href":"https:\/\/www.ejercito.mil.uy\/index.php\/wp-json\/wp\/v2\/posts\/872\/revisions"}],"predecessor-version":[{"id":880,"href":"https:\/\/www.ejercito.mil.uy\/index.php\/wp-json\/wp\/v2\/posts\/872\/revisions\/880"}],"wp:attachment":[{"href":"https:\/\/www.ejercito.mil.uy\/index.php\/wp-json\/wp\/v2\/media?parent=872"}],"wp:term":[{"taxonomy":"category","embeddable":true,"href":"https:\/\/www.ejercito.mil.uy\/index.php\/wp-json\/wp\/v2\/categories?post=872"},{"taxonomy":"post_tag","embeddable":true,"href":"https:\/\/www.ejercito.mil.uy\/index.php\/wp-json\/wp\/v2\/tags?post=872"}],"curies":[{"name":"wp","href":"https:\/\/api.w.org\/{rel}","templated":true}]}}