{"id":8729,"date":"2021-12-09T19:00:06","date_gmt":"2021-12-09T22:00:06","guid":{"rendered":"https:\/\/www.ejercito.mil.uy\/?p=8729"},"modified":"2021-12-10T08:42:21","modified_gmt":"2021-12-10T11:42:21","slug":"clausura-de-cursos-2021-en-el-instituto-militar-de-las-armas-y-especialidades","status":"publish","type":"post","link":"https:\/\/www.ejercito.mil.uy\/index.php\/2021\/12\/09\/clausura-de-cursos-2021-en-el-instituto-militar-de-las-armas-y-especialidades\/","title":{"rendered":"Clausura de Cursos 2021 en el Instituto Militar de las Armas y Especialidades"},"content":{"rendered":"\n<div style=\"height:33px\" aria-hidden=\"true\" class=\"wp-block-spacer\"><\/div>\n\n\n\n<p class=\"wp-block-paragraph\" style=\"font-size:14px\">09.12.2021 &#8211; Instituto Militar de las Armas y Especialidades<\/p>\n\n\n\n<div style=\"height:33px\" aria-hidden=\"true\" class=\"wp-block-spacer\"><\/div>\n\n\n\n<p class=\"wp-block-paragraph\"><strong>Esta tarde, con la presencia del Sub Secretario del <a rel=\"noreferrer noopener\" href=\"https:\/\/www.facebook.com\/profile.php?id=100067818971869&amp;__cft__[0]=AZXrLM4Hopgkn3OeGg7gOaAybyEGwj7jqrP_EHwsovGf-0E6B-ngycxfieMESKhzCeSXp0finrDRyc-_GWww-5__NoCNNLOY5GRVykyUttttgYYGGQlLBFcRjiMo8sNvPDfB0Ce-62q7lhakm_c3opjC&amp;__tn__=-]K-R\" target=\"_blank\">Ministerio de Defensa Nacional<\/a>, Cnel. (R) Rivera Elgue, se realiz\u00f3 la ceremonia de clausura de cursos del <a rel=\"noreferrer noopener\" href=\"https:\/\/www.facebook.com\/imaeuruguay\/?__cft__[0]=AZXrLM4Hopgkn3OeGg7gOaAybyEGwj7jqrP_EHwsovGf-0E6B-ngycxfieMESKhzCeSXp0finrDRyc-_GWww-5__NoCNNLOY5GRVykyUttttgYYGGQlLBFcRjiMo8sNvPDfB0Ce-62q7lhakm_c3opjC&amp;__tn__=kK-R\" target=\"_blank\">Instituto Militar de las Armas y Especialidades<\/a> (IMAE).<\/strong><\/p>\n\n\n\n<div style=\"height:33px\" aria-hidden=\"true\" class=\"wp-block-spacer\"><\/div>\n\n\n\n<figure class=\"wp-block-image size-large\"><img loading=\"lazy\" decoding=\"async\" width=\"1024\" height=\"683\" src=\"https:\/\/www.ejercito.mil.uy\/wp-content\/uploads\/2021\/12\/IMAE-1024x683.jpg\" alt=\"\" class=\"wp-image-8742\" srcset=\"https:\/\/www.ejercito.mil.uy\/wp-content\/uploads\/2021\/12\/IMAE-1024x683.jpg 1024w, https:\/\/www.ejercito.mil.uy\/wp-content\/uploads\/2021\/12\/IMAE-300x200.jpg 300w, https:\/\/www.ejercito.mil.uy\/wp-content\/uploads\/2021\/12\/IMAE.jpg 1200w\" sizes=\"auto, (max-width: 1024px) 100vw, 1024px\" \/><\/figure>\n\n\n\n<div style=\"height:50px\" aria-hidden=\"true\" class=\"wp-block-spacer\"><\/div>\n\n\n\n<p class=\"wp-block-paragraph\">El Equipo de Apoyo a la Instrucci\u00f3n de la <a href=\"https:\/\/www.facebook.com\/EscuelaDeMusicosDelEjercitoOficial?__cft__[0]=AZXrLM4Hopgkn3OeGg7gOaAybyEGwj7jqrP_EHwsovGf-0E6B-ngycxfieMESKhzCeSXp0finrDRyc-_GWww-5__NoCNNLOY5GRVykyUttttgYYGGQlLBFcRjiMo8sNvPDfB0Ce-62q7lhakm_c3opjC&amp;__tn__=-]K-R\" target=\"_blank\" rel=\"noreferrer noopener\"><strong>Escuela de M\u00fasicos del Ej\u00e9rcito<\/strong><\/a>, ejecut\u00f3 el Himno Nacional y se invit\u00f3 a los presentes a entonar sus estrofas.<\/p>\n\n\n\n<div style=\"height:33px\" aria-hidden=\"true\" class=\"wp-block-spacer\"><\/div>\n\n\n\n<p class=\"wp-block-paragraph\">Luego, el Sub Secretario del MDN junto al Comandante en Jefe del Ej\u00e9rcito, Jefe del Estado Mayor de la Defensa, Dtor. Gral. del Sistema de Ense\u00f1anza del Ej\u00e9rcito, Dtor. del IMAE y Dtor. de Formaci\u00f3n Militar del MDN, firmaron el libro de actas por el cual se da por clausurado el periodo lectivo 2021.<\/p>\n\n\n\n<div style=\"height:33px\" aria-hidden=\"true\" class=\"wp-block-spacer\"><\/div>\n\n\n\n<p class=\"wp-block-paragraph\">Asimismo, se efectu\u00f3 la entrega de premios a los alumnos que han obtenido las m\u00e1s altas calificaciones:<\/p>\n\n\n\n<div style=\"height:33px\" aria-hidden=\"true\" class=\"wp-block-spacer\"><\/div>\n\n\n\n<figure class=\"wp-block-gallery columns-2 is-cropped wp-block-gallery-1 is-layout-flex wp-block-gallery-is-layout-flex\"><ul class=\"blocks-gallery-grid\"><li class=\"blocks-gallery-item\"><figure><img loading=\"lazy\" decoding=\"async\" width=\"1024\" height=\"683\" src=\"https:\/\/www.ejercito.mil.uy\/wp-content\/uploads\/2021\/12\/IMAE-12-1024x683.jpg\" alt=\"\" data-id=\"8732\" data-full-url=\"https:\/\/www.ejercito.mil.uy\/wp-content\/uploads\/2021\/12\/IMAE-12.jpg\" data-link=\"https:\/\/www.ejercito.mil.uy\/?attachment_id=8732\" class=\"wp-image-8732\" srcset=\"https:\/\/www.ejercito.mil.uy\/wp-content\/uploads\/2021\/12\/IMAE-12-1024x683.jpg 1024w, https:\/\/www.ejercito.mil.uy\/wp-content\/uploads\/2021\/12\/IMAE-12-300x200.jpg 300w, https:\/\/www.ejercito.mil.uy\/wp-content\/uploads\/2021\/12\/IMAE-12.jpg 1200w\" sizes=\"auto, (max-width: 1024px) 100vw, 1024px\" \/><\/figure><\/li><li class=\"blocks-gallery-item\"><figure><img loading=\"lazy\" decoding=\"async\" width=\"1024\" height=\"683\" src=\"https:\/\/www.ejercito.mil.uy\/wp-content\/uploads\/2021\/12\/IMAE-5-1024x683.jpg\" alt=\"\" data-id=\"8731\" data-full-url=\"https:\/\/www.ejercito.mil.uy\/wp-content\/uploads\/2021\/12\/IMAE-5.jpg\" data-link=\"https:\/\/www.ejercito.mil.uy\/?attachment_id=8731\" class=\"wp-image-8731\" srcset=\"https:\/\/www.ejercito.mil.uy\/wp-content\/uploads\/2021\/12\/IMAE-5-1024x683.jpg 1024w, https:\/\/www.ejercito.mil.uy\/wp-content\/uploads\/2021\/12\/IMAE-5-300x200.jpg 300w, https:\/\/www.ejercito.mil.uy\/wp-content\/uploads\/2021\/12\/IMAE-5.jpg 1200w\" sizes=\"auto, (max-width: 1024px) 100vw, 1024px\" \/><\/figure><\/li><\/ul><\/figure>\n\n\n\n<div style=\"height:50px\" aria-hidden=\"true\" class=\"wp-block-spacer\"><\/div>\n\n\n\n<p class=\"wp-block-paragraph\">\u2022 <strong>Tte. 1\u00ba Nicol\u00e1s Torello<\/strong>, alumno con mayor promedio general en el Curso de Capacitaci\u00f3n y Perfeccionamiento para Oficiales<\/p>\n\n\n\n<div style=\"height:33px\" aria-hidden=\"true\" class=\"wp-block-spacer\"><\/div>\n\n\n\n<p class=\"wp-block-paragraph\">\u2022 <strong>Sgto. Carlos Alanis<\/strong>, alumno con mayor promedio general en el Curso Avanzado para SuboficialesFinalizando la ceremonia, los efectivos formados desfilaron rindiendo honores a las autoridades presentes.<\/p>\n\n\n\n<div style=\"height:50px\" aria-hidden=\"true\" class=\"wp-block-spacer\"><\/div>\n\n\n\n<div aria-label=\"Carousel Gallery\" class=\"wp-block-coblocks-gallery-carousel\"><div class=\"is-cropped coblocks-gallery has-no-alignment has-caption-style-dark has-horizontal-gutter has-lightbox\"><div class=\"has-carousel has-carousel-lrg\" style=\"height:400px\" data-flickity=\"{&quot;autoPlay&quot;:false,&quot;draggable&quot;:true,&quot;pageDots&quot;:false,&quot;prevNextButtons&quot;:true,&quot;wrapAround&quot;:true,&quot;cellAlign&quot;:&quot;center&quot;,&quot;pauseAutoPlayOnHover&quot;:false,&quot;freeScroll&quot;:true,&quot;arrowShape&quot;:{&quot;x0&quot;:10,&quot;x1&quot;:60,&quot;y1&quot;:50,&quot;x2&quot;:65,&quot;y2&quot;:45,&quot;x3&quot;:20},&quot;thumbnails&quot;:false,&quot;responsiveHeight&quot;:false}\"><div class=\"coblocks-gallery--item\"><figure class=\"coblocks-gallery--figure has-margin-left-10 has-margin-left-mobile-5 has-margin-right-10 has-margin-right-mobile-5\"><img loading=\"lazy\" decoding=\"async\" width=\"1024\" height=\"683\" src=\"https:\/\/www.ejercito.mil.uy\/wp-content\/uploads\/2021\/12\/IMAE-1-1024x683.jpg\" alt=\"\" data-id=\"8733\" data-link=\"https:\/\/www.ejercito.mil.uy\/?attachment_id=8733\" class=\"wp-image-8733\" srcset=\"https:\/\/www.ejercito.mil.uy\/wp-content\/uploads\/2021\/12\/IMAE-1-1024x683.jpg 1024w, https:\/\/www.ejercito.mil.uy\/wp-content\/uploads\/2021\/12\/IMAE-1-300x200.jpg 300w, https:\/\/www.ejercito.mil.uy\/wp-content\/uploads\/2021\/12\/IMAE-1.jpg 1200w\" sizes=\"auto, (max-width: 1024px) 100vw, 1024px\" \/><\/figure><\/div><div class=\"coblocks-gallery--item\"><figure class=\"coblocks-gallery--figure has-margin-left-10 has-margin-left-mobile-5 has-margin-right-10 has-margin-right-mobile-5\"><img loading=\"lazy\" decoding=\"async\" width=\"1024\" height=\"683\" src=\"https:\/\/www.ejercito.mil.uy\/wp-content\/uploads\/2021\/12\/IMAE-3-1024x683.jpg\" alt=\"\" data-id=\"8734\" data-link=\"https:\/\/www.ejercito.mil.uy\/?attachment_id=8734\" class=\"wp-image-8734\" srcset=\"https:\/\/www.ejercito.mil.uy\/wp-content\/uploads\/2021\/12\/IMAE-3-1024x683.jpg 1024w, https:\/\/www.ejercito.mil.uy\/wp-content\/uploads\/2021\/12\/IMAE-3-300x200.jpg 300w, https:\/\/www.ejercito.mil.uy\/wp-content\/uploads\/2021\/12\/IMAE-3.jpg 1200w\" sizes=\"auto, (max-width: 1024px) 100vw, 1024px\" \/><\/figure><\/div><div class=\"coblocks-gallery--item\"><figure class=\"coblocks-gallery--figure has-margin-left-10 has-margin-left-mobile-5 has-margin-right-10 has-margin-right-mobile-5\"><img loading=\"lazy\" decoding=\"async\" width=\"1024\" height=\"683\" src=\"https:\/\/www.ejercito.mil.uy\/wp-content\/uploads\/2021\/12\/IMAE-4-1024x683.jpg\" alt=\"\" data-id=\"8735\" data-link=\"https:\/\/www.ejercito.mil.uy\/?attachment_id=8735\" class=\"wp-image-8735\" srcset=\"https:\/\/www.ejercito.mil.uy\/wp-content\/uploads\/2021\/12\/IMAE-4-1024x683.jpg 1024w, https:\/\/www.ejercito.mil.uy\/wp-content\/uploads\/2021\/12\/IMAE-4-300x200.jpg 300w, https:\/\/www.ejercito.mil.uy\/wp-content\/uploads\/2021\/12\/IMAE-4.jpg 1200w\" sizes=\"auto, (max-width: 1024px) 100vw, 1024px\" \/><\/figure><\/div><div class=\"coblocks-gallery--item\"><figure class=\"coblocks-gallery--figure has-margin-left-10 has-margin-left-mobile-5 has-margin-right-10 has-margin-right-mobile-5\"><img loading=\"lazy\" decoding=\"async\" width=\"1024\" height=\"683\" src=\"https:\/\/www.ejercito.mil.uy\/wp-content\/uploads\/2021\/12\/IMAE-7-1024x683.jpg\" alt=\"\" data-id=\"8736\" data-link=\"https:\/\/www.ejercito.mil.uy\/?attachment_id=8736\" class=\"wp-image-8736\" srcset=\"https:\/\/www.ejercito.mil.uy\/wp-content\/uploads\/2021\/12\/IMAE-7-1024x683.jpg 1024w, https:\/\/www.ejercito.mil.uy\/wp-content\/uploads\/2021\/12\/IMAE-7-300x200.jpg 300w, https:\/\/www.ejercito.mil.uy\/wp-content\/uploads\/2021\/12\/IMAE-7.jpg 1200w\" sizes=\"auto, (max-width: 1024px) 100vw, 1024px\" \/><\/figure><\/div><div class=\"coblocks-gallery--item\"><figure class=\"coblocks-gallery--figure has-margin-left-10 has-margin-left-mobile-5 has-margin-right-10 has-margin-right-mobile-5\"><img loading=\"lazy\" decoding=\"async\" width=\"1024\" height=\"683\" src=\"https:\/\/www.ejercito.mil.uy\/wp-content\/uploads\/2021\/12\/IMAE-8-1024x683.jpg\" alt=\"\" data-id=\"8737\" data-link=\"https:\/\/www.ejercito.mil.uy\/?attachment_id=8737\" class=\"wp-image-8737\" srcset=\"https:\/\/www.ejercito.mil.uy\/wp-content\/uploads\/2021\/12\/IMAE-8-1024x683.jpg 1024w, https:\/\/www.ejercito.mil.uy\/wp-content\/uploads\/2021\/12\/IMAE-8-300x200.jpg 300w, https:\/\/www.ejercito.mil.uy\/wp-content\/uploads\/2021\/12\/IMAE-8.jpg 1200w\" sizes=\"auto, (max-width: 1024px) 100vw, 1024px\" \/><\/figure><\/div><div class=\"coblocks-gallery--item\"><figure class=\"coblocks-gallery--figure has-margin-left-10 has-margin-left-mobile-5 has-margin-right-10 has-margin-right-mobile-5\"><img loading=\"lazy\" decoding=\"async\" width=\"1024\" height=\"683\" src=\"https:\/\/www.ejercito.mil.uy\/wp-content\/uploads\/2021\/12\/IMAE-9-1024x683.jpg\" alt=\"\" data-id=\"8738\" data-link=\"https:\/\/www.ejercito.mil.uy\/?attachment_id=8738\" class=\"wp-image-8738\" srcset=\"https:\/\/www.ejercito.mil.uy\/wp-content\/uploads\/2021\/12\/IMAE-9-1024x683.jpg 1024w, https:\/\/www.ejercito.mil.uy\/wp-content\/uploads\/2021\/12\/IMAE-9-300x200.jpg 300w, https:\/\/www.ejercito.mil.uy\/wp-content\/uploads\/2021\/12\/IMAE-9.jpg 1200w\" sizes=\"auto, (max-width: 1024px) 100vw, 1024px\" \/><\/figure><\/div><div class=\"coblocks-gallery--item\"><figure class=\"coblocks-gallery--figure has-margin-left-10 has-margin-left-mobile-5 has-margin-right-10 has-margin-right-mobile-5\"><img loading=\"lazy\" decoding=\"async\" width=\"1024\" height=\"683\" src=\"https:\/\/www.ejercito.mil.uy\/wp-content\/uploads\/2021\/12\/IMAE-10-1024x683.jpg\" alt=\"\" data-id=\"8739\" data-link=\"https:\/\/www.ejercito.mil.uy\/?attachment_id=8739\" class=\"wp-image-8739\" srcset=\"https:\/\/www.ejercito.mil.uy\/wp-content\/uploads\/2021\/12\/IMAE-10-1024x683.jpg 1024w, https:\/\/www.ejercito.mil.uy\/wp-content\/uploads\/2021\/12\/IMAE-10-300x200.jpg 300w, https:\/\/www.ejercito.mil.uy\/wp-content\/uploads\/2021\/12\/IMAE-10.jpg 1200w\" sizes=\"auto, (max-width: 1024px) 100vw, 1024px\" \/><\/figure><\/div><div class=\"coblocks-gallery--item\"><figure class=\"coblocks-gallery--figure has-margin-left-10 has-margin-left-mobile-5 has-margin-right-10 has-margin-right-mobile-5\"><img loading=\"lazy\" decoding=\"async\" width=\"1024\" height=\"683\" src=\"https:\/\/www.ejercito.mil.uy\/wp-content\/uploads\/2021\/12\/IMAE-11-1024x683.jpg\" alt=\"\" data-id=\"8740\" data-link=\"https:\/\/www.ejercito.mil.uy\/?attachment_id=8740\" class=\"wp-image-8740\" srcset=\"https:\/\/www.ejercito.mil.uy\/wp-content\/uploads\/2021\/12\/IMAE-11-1024x683.jpg 1024w, https:\/\/www.ejercito.mil.uy\/wp-content\/uploads\/2021\/12\/IMAE-11-300x200.jpg 300w, https:\/\/www.ejercito.mil.uy\/wp-content\/uploads\/2021\/12\/IMAE-11.jpg 1200w\" sizes=\"auto, (max-width: 1024px) 100vw, 1024px\" \/><\/figure><\/div><div class=\"coblocks-gallery--item\"><figure class=\"coblocks-gallery--figure has-margin-left-10 has-margin-left-mobile-5 has-margin-right-10 has-margin-right-mobile-5\"><img loading=\"lazy\" decoding=\"async\" width=\"1024\" height=\"683\" src=\"https:\/\/www.ejercito.mil.uy\/wp-content\/uploads\/2021\/12\/IMAE-12-1-1024x683.jpg\" alt=\"\" data-id=\"8741\" data-link=\"https:\/\/www.ejercito.mil.uy\/?attachment_id=8741\" class=\"wp-image-8741\" srcset=\"https:\/\/www.ejercito.mil.uy\/wp-content\/uploads\/2021\/12\/IMAE-12-1-1024x683.jpg 1024w, https:\/\/www.ejercito.mil.uy\/wp-content\/uploads\/2021\/12\/IMAE-12-1-300x200.jpg 300w, https:\/\/www.ejercito.mil.uy\/wp-content\/uploads\/2021\/12\/IMAE-12-1.jpg 1200w\" sizes=\"auto, (max-width: 1024px) 100vw, 1024px\" \/><\/figure><\/div><\/div><\/div><\/div>\n\n\n\n<div style=\"height:99px\" aria-hidden=\"true\" class=\"wp-block-spacer\"><\/div>\n","protected":false},"excerpt":{"rendered":"<p>09.12.2021 &#8211; Esta tarde, con la presencia del Sub Secretario del Ministerio de Defensa Nacional, Cnel. (R) Rivera Elgue, se realiz\u00f3 la ceremonia de clausura de cursos del Instituto Militar de las Armas y Especialidades (IMAE).<\/p>\n","protected":false},"author":4,"featured_media":8743,"comment_status":"closed","ping_status":"open","sticky":false,"template":"","format":"standard","meta":{"_coblocks_attr":"","_coblocks_dimensions":"","_coblocks_responsive_height":"","_coblocks_accordion_ie_support":"","_monsterinsights_skip_tracking":false,"_uf_show_specific_survey":0,"_uf_disable_surveys":false,"footnotes":""},"categories":[2,10,14],"tags":[44,78],"class_list":["post-8729","post","type-post","status-publish","format-standard","has-post-thumbnail","hentry","category-blog","category-destacados","category-noticias","tag-ceremonia","tag-educacion"],"aioseo_notices":[],"aioseo_head":"\n\t\t<!-- All in One SEO 5.0.1.1 - aioseo.com -->\n\t<meta name=\"description\" content=\"09.12.2021 - Esta tarde, con la presencia del Sub Secretario del Ministerio de Defensa Nacional, Cnel. (R) Rivera Elgue, se realiz\u00f3 la ceremonia de clausura de cursos del Instituto Militar de las Armas y Especialidades (IMAE).\" \/>\n\t<meta name=\"robots\" content=\"max-image-preview:large\" \/>\n\t<meta name=\"author\" content=\"Alejandro Castro\"\/>\n\t<link rel=\"canonical\" href=\"https:\/\/www.ejercito.mil.uy\/index.php\/2021\/12\/09\/clausura-de-cursos-2021-en-el-instituto-militar-de-las-armas-y-especialidades\/\" \/>\n\t<meta name=\"generator\" content=\"All in One SEO (AIOSEO) 5.0.1.1\" \/>\n\t\t<meta property=\"og:locale\" content=\"es_ES\" \/>\n\t\t<meta property=\"og:site_name\" content=\"Ej\u00e9rcito Nacional - La Fuerza de todos\" \/>\n\t\t<meta property=\"og:type\" content=\"article\" \/>\n\t\t<meta property=\"og:title\" content=\"Clausura de Cursos 2021 en el Instituto Militar de las Armas y Especialidades - Ej\u00e9rcito Nacional\" \/>\n\t\t<meta property=\"og:description\" content=\"09.12.2021 - Esta tarde, con la presencia del Sub Secretario del Ministerio de Defensa Nacional, Cnel. (R) Rivera Elgue, se realiz\u00f3 la ceremonia de clausura de cursos del Instituto Militar de las Armas y Especialidades (IMAE).\" \/>\n\t\t<meta property=\"og:url\" content=\"https:\/\/www.ejercito.mil.uy\/index.php\/2021\/12\/09\/clausura-de-cursos-2021-en-el-instituto-militar-de-las-armas-y-especialidades\/\" \/>\n\t\t<meta property=\"og:image\" content=\"https:\/\/www.ejercito.mil.uy\/wp-content\/uploads\/2022\/01\/Escudo_EN_URUGUAY.png\" \/>\n\t\t<meta property=\"og:image:secure_url\" content=\"https:\/\/www.ejercito.mil.uy\/wp-content\/uploads\/2022\/01\/Escudo_EN_URUGUAY.png\" \/>\n\t\t<meta property=\"og:image:width\" content=\"134\" \/>\n\t\t<meta property=\"og:image:height\" content=\"119\" \/>\n\t\t<meta property=\"article:published_time\" content=\"2021-12-09T22:00:06+00:00\" \/>\n\t\t<meta property=\"article:modified_time\" content=\"2021-12-10T11:42:21+00:00\" \/>\n\t\t<meta name=\"twitter:card\" content=\"summary_large_image\" \/>\n\t\t<meta name=\"twitter:title\" content=\"Clausura de Cursos 2021 en el Instituto Militar de las Armas y Especialidades - Ej\u00e9rcito Nacional\" \/>\n\t\t<meta name=\"twitter:description\" content=\"09.12.2021 - Esta tarde, con la presencia del Sub Secretario del Ministerio de Defensa Nacional, Cnel. (R) Rivera Elgue, se realiz\u00f3 la ceremonia de clausura de cursos del Instituto Militar de las Armas y Especialidades (IMAE).\" \/>\n\t\t<meta name=\"twitter:image\" content=\"https:\/\/www.ejercito.mil.uy\/wp-content\/uploads\/2022\/01\/Escudo_EN_URUGUAY.png\" \/>\n\t\t<script type=\"application\/ld+json\" class=\"aioseo-schema\">\n\t\t\t{\"@context\":\"https:\\\/\\\/schema.org\",\"@graph\":[{\"@type\":\"BlogPosting\",\"@id\":\"https:\\\/\\\/www.ejercito.mil.uy\\\/index.php\\\/2021\\\/12\\\/09\\\/clausura-de-cursos-2021-en-el-instituto-militar-de-las-armas-y-especialidades\\\/#blogposting\",\"name\":\"Clausura de Cursos 2021 en el Instituto Militar de las Armas y Especialidades - Ej\\u00e9rcito Nacional\",\"headline\":\"Clausura de Cursos 2021 en el Instituto Militar de las Armas y Especialidades\",\"author\":{\"@id\":\"https:\\\/\\\/www.ejercito.mil.uy\\\/index.php\\\/author\\\/acastro\\\/#author\"},\"publisher\":{\"@id\":\"https:\\\/\\\/www.ejercito.mil.uy\\\/#organization\"},\"image\":{\"@type\":\"ImageObject\",\"url\":\"https:\\\/\\\/www.ejercito.mil.uy\\\/wp-content\\\/uploads\\\/2021\\\/12\\\/IMAE-6.jpg\",\"width\":1200,\"height\":800,\"caption\":\"IMAE\"},\"datePublished\":\"2021-12-09T19:00:06-03:00\",\"dateModified\":\"2021-12-10T08:42:21-03:00\",\"inLanguage\":\"es-UY\",\"mainEntityOfPage\":{\"@id\":\"https:\\\/\\\/www.ejercito.mil.uy\\\/index.php\\\/2021\\\/12\\\/09\\\/clausura-de-cursos-2021-en-el-instituto-militar-de-las-armas-y-especialidades\\\/#webpage\"},\"isPartOf\":{\"@id\":\"https:\\\/\\\/www.ejercito.mil.uy\\\/index.php\\\/2021\\\/12\\\/09\\\/clausura-de-cursos-2021-en-el-instituto-militar-de-las-armas-y-especialidades\\\/#webpage\"},\"articleSection\":\"Blog, Destacados, Noticias, Ceremonia, educaci\\u00f3n\"},{\"@type\":\"BreadcrumbList\",\"@id\":\"https:\\\/\\\/www.ejercito.mil.uy\\\/index.php\\\/2021\\\/12\\\/09\\\/clausura-de-cursos-2021-en-el-instituto-militar-de-las-armas-y-especialidades\\\/#breadcrumblist\",\"itemListElement\":[{\"@type\":\"ListItem\",\"@id\":\"https:\\\/\\\/www.ejercito.mil.uy#listItem\",\"position\":1,\"name\":\"Home\",\"item\":\"https:\\\/\\\/www.ejercito.mil.uy\",\"nextItem\":{\"@type\":\"ListItem\",\"@id\":\"https:\\\/\\\/www.ejercito.mil.uy\\\/index.php\\\/category\\\/destacados\\\/#listItem\",\"name\":\"Destacados\"}},{\"@type\":\"ListItem\",\"@id\":\"https:\\\/\\\/www.ejercito.mil.uy\\\/index.php\\\/category\\\/destacados\\\/#listItem\",\"position\":2,\"name\":\"Destacados\",\"item\":\"https:\\\/\\\/www.ejercito.mil.uy\\\/index.php\\\/category\\\/destacados\\\/\",\"nextItem\":{\"@type\":\"ListItem\",\"@id\":\"https:\\\/\\\/www.ejercito.mil.uy\\\/index.php\\\/category\\\/destacados\\\/noticias\\\/#listItem\",\"name\":\"Noticias\"},\"previousItem\":{\"@type\":\"ListItem\",\"@id\":\"https:\\\/\\\/www.ejercito.mil.uy#listItem\",\"name\":\"Home\"}},{\"@type\":\"ListItem\",\"@id\":\"https:\\\/\\\/www.ejercito.mil.uy\\\/index.php\\\/category\\\/destacados\\\/noticias\\\/#listItem\",\"position\":3,\"name\":\"Noticias\",\"item\":\"https:\\\/\\\/www.ejercito.mil.uy\\\/index.php\\\/category\\\/destacados\\\/noticias\\\/\",\"nextItem\":{\"@type\":\"ListItem\",\"@id\":\"https:\\\/\\\/www.ejercito.mil.uy\\\/index.php\\\/2021\\\/12\\\/09\\\/clausura-de-cursos-2021-en-el-instituto-militar-de-las-armas-y-especialidades\\\/#listItem\",\"name\":\"Clausura de Cursos 2021 en el Instituto Militar de las Armas y Especialidades\"},\"previousItem\":{\"@type\":\"ListItem\",\"@id\":\"https:\\\/\\\/www.ejercito.mil.uy\\\/index.php\\\/category\\\/destacados\\\/#listItem\",\"name\":\"Destacados\"}},{\"@type\":\"ListItem\",\"@id\":\"https:\\\/\\\/www.ejercito.mil.uy\\\/index.php\\\/2021\\\/12\\\/09\\\/clausura-de-cursos-2021-en-el-instituto-militar-de-las-armas-y-especialidades\\\/#listItem\",\"position\":4,\"name\":\"Clausura de Cursos 2021 en el Instituto Militar de las Armas y Especialidades\",\"previousItem\":{\"@type\":\"ListItem\",\"@id\":\"https:\\\/\\\/www.ejercito.mil.uy\\\/index.php\\\/category\\\/destacados\\\/noticias\\\/#listItem\",\"name\":\"Noticias\"}}]},{\"@type\":\"Organization\",\"@id\":\"https:\\\/\\\/www.ejercito.mil.uy\\\/#organization\",\"name\":\"Ej\\u00e9rcito Nacional\",\"description\":\"La Fuerza de todos\",\"url\":\"https:\\\/\\\/www.ejercito.mil.uy\\\/\",\"logo\":{\"@type\":\"ImageObject\",\"url\":\"https:\\\/\\\/www.ejercito.mil.uy\\\/wp-content\\\/uploads\\\/2022\\\/01\\\/Escudo_EN_URUGUAY.png\",\"@id\":\"https:\\\/\\\/www.ejercito.mil.uy\\\/index.php\\\/2021\\\/12\\\/09\\\/clausura-de-cursos-2021-en-el-instituto-militar-de-las-armas-y-especialidades\\\/#organizationLogo\",\"width\":134,\"height\":119},\"image\":{\"@id\":\"https:\\\/\\\/www.ejercito.mil.uy\\\/index.php\\\/2021\\\/12\\\/09\\\/clausura-de-cursos-2021-en-el-instituto-militar-de-las-armas-y-especialidades\\\/#organizationLogo\"}},{\"@type\":\"Person\",\"@id\":\"https:\\\/\\\/www.ejercito.mil.uy\\\/index.php\\\/author\\\/acastro\\\/#author\",\"url\":\"https:\\\/\\\/www.ejercito.mil.uy\\\/index.php\\\/author\\\/acastro\\\/\",\"name\":\"Alejandro Castro\",\"image\":{\"@type\":\"ImageObject\",\"@id\":\"https:\\\/\\\/www.ejercito.mil.uy\\\/index.php\\\/2021\\\/12\\\/09\\\/clausura-de-cursos-2021-en-el-instituto-militar-de-las-armas-y-especialidades\\\/#authorImage\",\"url\":\"https:\\\/\\\/secure.gravatar.com\\\/avatar\\\/89bb77d4bf696501dd94ca89e6794e1787eaffba7c7197528d249e15bd099f68?s=96&d=mm&r=g\",\"width\":96,\"height\":96,\"caption\":\"Alejandro Castro\"}},{\"@type\":\"WebPage\",\"@id\":\"https:\\\/\\\/www.ejercito.mil.uy\\\/index.php\\\/2021\\\/12\\\/09\\\/clausura-de-cursos-2021-en-el-instituto-militar-de-las-armas-y-especialidades\\\/#webpage\",\"url\":\"https:\\\/\\\/www.ejercito.mil.uy\\\/index.php\\\/2021\\\/12\\\/09\\\/clausura-de-cursos-2021-en-el-instituto-militar-de-las-armas-y-especialidades\\\/\",\"name\":\"Clausura de Cursos 2021 en el Instituto Militar de las Armas y Especialidades - Ej\\u00e9rcito Nacional\",\"description\":\"09.12.2021 - Esta tarde, con la presencia del Sub Secretario del Ministerio de Defensa Nacional, Cnel. (R) Rivera Elgue, se realiz\\u00f3 la ceremonia de clausura de cursos del Instituto Militar de las Armas y Especialidades (IMAE).\",\"inLanguage\":\"es-UY\",\"isPartOf\":{\"@id\":\"https:\\\/\\\/www.ejercito.mil.uy\\\/#website\"},\"breadcrumb\":{\"@id\":\"https:\\\/\\\/www.ejercito.mil.uy\\\/index.php\\\/2021\\\/12\\\/09\\\/clausura-de-cursos-2021-en-el-instituto-militar-de-las-armas-y-especialidades\\\/#breadcrumblist\"},\"author\":{\"@id\":\"https:\\\/\\\/www.ejercito.mil.uy\\\/index.php\\\/author\\\/acastro\\\/#author\"},\"creator\":{\"@id\":\"https:\\\/\\\/www.ejercito.mil.uy\\\/index.php\\\/author\\\/acastro\\\/#author\"},\"image\":{\"@type\":\"ImageObject\",\"url\":\"https:\\\/\\\/www.ejercito.mil.uy\\\/wp-content\\\/uploads\\\/2021\\\/12\\\/IMAE-6.jpg\",\"@id\":\"https:\\\/\\\/www.ejercito.mil.uy\\\/index.php\\\/2021\\\/12\\\/09\\\/clausura-de-cursos-2021-en-el-instituto-militar-de-las-armas-y-especialidades\\\/#mainImage\",\"width\":1200,\"height\":800,\"caption\":\"IMAE\"},\"primaryImageOfPage\":{\"@id\":\"https:\\\/\\\/www.ejercito.mil.uy\\\/index.php\\\/2021\\\/12\\\/09\\\/clausura-de-cursos-2021-en-el-instituto-militar-de-las-armas-y-especialidades\\\/#mainImage\"},\"datePublished\":\"2021-12-09T19:00:06-03:00\",\"dateModified\":\"2021-12-10T08:42:21-03:00\"},{\"@type\":\"WebSite\",\"@id\":\"https:\\\/\\\/www.ejercito.mil.uy\\\/#website\",\"url\":\"https:\\\/\\\/www.ejercito.mil.uy\\\/\",\"name\":\"Ej\\u00e9rcito Nacional\",\"description\":\"La Fuerza de todos\",\"inLanguage\":\"es-UY\",\"publisher\":{\"@id\":\"https:\\\/\\\/www.ejercito.mil.uy\\\/#organization\"}}]}\n\t\t<\/script>\n\t\t<!-- All in One SEO -->\n\n","aioseo_head_json":{"title":"Clausura de Cursos 2021 en el Instituto Militar de las Armas y Especialidades - Ej\u00e9rcito Nacional","description":"09.12.2021 - Esta tarde, con la presencia del Sub Secretario del Ministerio de Defensa Nacional, Cnel. (R) Rivera Elgue, se realiz\u00f3 la ceremonia de clausura de cursos del Instituto Militar de las Armas y Especialidades (IMAE).","canonical_url":"https:\/\/www.ejercito.mil.uy\/index.php\/2021\/12\/09\/clausura-de-cursos-2021-en-el-instituto-militar-de-las-armas-y-especialidades\/","robots":"max-image-preview:large","keywords":"","webmasterTools":{"miscellaneous":""},"schema":{"@context":"https:\/\/schema.org","@graph":[{"@type":"BlogPosting","@id":"https:\/\/www.ejercito.mil.uy\/index.php\/2021\/12\/09\/clausura-de-cursos-2021-en-el-instituto-militar-de-las-armas-y-especialidades\/#blogposting","name":"Clausura de Cursos 2021 en el Instituto Militar de las Armas y Especialidades - Ej\u00e9rcito Nacional","headline":"Clausura de Cursos 2021 en el Instituto Militar de las Armas y Especialidades","author":{"@id":"https:\/\/www.ejercito.mil.uy\/index.php\/author\/acastro\/#author"},"publisher":{"@id":"https:\/\/www.ejercito.mil.uy\/#organization"},"image":{"@type":"ImageObject","url":"https:\/\/www.ejercito.mil.uy\/wp-content\/uploads\/2021\/12\/IMAE-6.jpg","width":1200,"height":800,"caption":"IMAE"},"datePublished":"2021-12-09T19:00:06-03:00","dateModified":"2021-12-10T08:42:21-03:00","inLanguage":"es-UY","mainEntityOfPage":{"@id":"https:\/\/www.ejercito.mil.uy\/index.php\/2021\/12\/09\/clausura-de-cursos-2021-en-el-instituto-militar-de-las-armas-y-especialidades\/#webpage"},"isPartOf":{"@id":"https:\/\/www.ejercito.mil.uy\/index.php\/2021\/12\/09\/clausura-de-cursos-2021-en-el-instituto-militar-de-las-armas-y-especialidades\/#webpage"},"articleSection":"Blog, Destacados, Noticias, Ceremonia, educaci\u00f3n"},{"@type":"BreadcrumbList","@id":"https:\/\/www.ejercito.mil.uy\/index.php\/2021\/12\/09\/clausura-de-cursos-2021-en-el-instituto-militar-de-las-armas-y-especialidades\/#breadcrumblist","itemListElement":[{"@type":"ListItem","@id":"https:\/\/www.ejercito.mil.uy#listItem","position":1,"name":"Home","item":"https:\/\/www.ejercito.mil.uy","nextItem":{"@type":"ListItem","@id":"https:\/\/www.ejercito.mil.uy\/index.php\/category\/destacados\/#listItem","name":"Destacados"}},{"@type":"ListItem","@id":"https:\/\/www.ejercito.mil.uy\/index.php\/category\/destacados\/#listItem","position":2,"name":"Destacados","item":"https:\/\/www.ejercito.mil.uy\/index.php\/category\/destacados\/","nextItem":{"@type":"ListItem","@id":"https:\/\/www.ejercito.mil.uy\/index.php\/category\/destacados\/noticias\/#listItem","name":"Noticias"},"previousItem":{"@type":"ListItem","@id":"https:\/\/www.ejercito.mil.uy#listItem","name":"Home"}},{"@type":"ListItem","@id":"https:\/\/www.ejercito.mil.uy\/index.php\/category\/destacados\/noticias\/#listItem","position":3,"name":"Noticias","item":"https:\/\/www.ejercito.mil.uy\/index.php\/category\/destacados\/noticias\/","nextItem":{"@type":"ListItem","@id":"https:\/\/www.ejercito.mil.uy\/index.php\/2021\/12\/09\/clausura-de-cursos-2021-en-el-instituto-militar-de-las-armas-y-especialidades\/#listItem","name":"Clausura de Cursos 2021 en el Instituto Militar de las Armas y Especialidades"},"previousItem":{"@type":"ListItem","@id":"https:\/\/www.ejercito.mil.uy\/index.php\/category\/destacados\/#listItem","name":"Destacados"}},{"@type":"ListItem","@id":"https:\/\/www.ejercito.mil.uy\/index.php\/2021\/12\/09\/clausura-de-cursos-2021-en-el-instituto-militar-de-las-armas-y-especialidades\/#listItem","position":4,"name":"Clausura de Cursos 2021 en el Instituto Militar de las Armas y Especialidades","previousItem":{"@type":"ListItem","@id":"https:\/\/www.ejercito.mil.uy\/index.php\/category\/destacados\/noticias\/#listItem","name":"Noticias"}}]},{"@type":"Organization","@id":"https:\/\/www.ejercito.mil.uy\/#organization","name":"Ej\u00e9rcito Nacional","description":"La Fuerza de todos","url":"https:\/\/www.ejercito.mil.uy\/","logo":{"@type":"ImageObject","url":"https:\/\/www.ejercito.mil.uy\/wp-content\/uploads\/2022\/01\/Escudo_EN_URUGUAY.png","@id":"https:\/\/www.ejercito.mil.uy\/index.php\/2021\/12\/09\/clausura-de-cursos-2021-en-el-instituto-militar-de-las-armas-y-especialidades\/#organizationLogo","width":134,"height":119},"image":{"@id":"https:\/\/www.ejercito.mil.uy\/index.php\/2021\/12\/09\/clausura-de-cursos-2021-en-el-instituto-militar-de-las-armas-y-especialidades\/#organizationLogo"}},{"@type":"Person","@id":"https:\/\/www.ejercito.mil.uy\/index.php\/author\/acastro\/#author","url":"https:\/\/www.ejercito.mil.uy\/index.php\/author\/acastro\/","name":"Alejandro Castro","image":{"@type":"ImageObject","@id":"https:\/\/www.ejercito.mil.uy\/index.php\/2021\/12\/09\/clausura-de-cursos-2021-en-el-instituto-militar-de-las-armas-y-especialidades\/#authorImage","url":"https:\/\/secure.gravatar.com\/avatar\/89bb77d4bf696501dd94ca89e6794e1787eaffba7c7197528d249e15bd099f68?s=96&d=mm&r=g","width":96,"height":96,"caption":"Alejandro Castro"}},{"@type":"WebPage","@id":"https:\/\/www.ejercito.mil.uy\/index.php\/2021\/12\/09\/clausura-de-cursos-2021-en-el-instituto-militar-de-las-armas-y-especialidades\/#webpage","url":"https:\/\/www.ejercito.mil.uy\/index.php\/2021\/12\/09\/clausura-de-cursos-2021-en-el-instituto-militar-de-las-armas-y-especialidades\/","name":"Clausura de Cursos 2021 en el Instituto Militar de las Armas y Especialidades - Ej\u00e9rcito Nacional","description":"09.12.2021 - Esta tarde, con la presencia del Sub Secretario del Ministerio de Defensa Nacional, Cnel. (R) Rivera Elgue, se realiz\u00f3 la ceremonia de clausura de cursos del Instituto Militar de las Armas y Especialidades (IMAE).","inLanguage":"es-UY","isPartOf":{"@id":"https:\/\/www.ejercito.mil.uy\/#website"},"breadcrumb":{"@id":"https:\/\/www.ejercito.mil.uy\/index.php\/2021\/12\/09\/clausura-de-cursos-2021-en-el-instituto-militar-de-las-armas-y-especialidades\/#breadcrumblist"},"author":{"@id":"https:\/\/www.ejercito.mil.uy\/index.php\/author\/acastro\/#author"},"creator":{"@id":"https:\/\/www.ejercito.mil.uy\/index.php\/author\/acastro\/#author"},"image":{"@type":"ImageObject","url":"https:\/\/www.ejercito.mil.uy\/wp-content\/uploads\/2021\/12\/IMAE-6.jpg","@id":"https:\/\/www.ejercito.mil.uy\/index.php\/2021\/12\/09\/clausura-de-cursos-2021-en-el-instituto-militar-de-las-armas-y-especialidades\/#mainImage","width":1200,"height":800,"caption":"IMAE"},"primaryImageOfPage":{"@id":"https:\/\/www.ejercito.mil.uy\/index.php\/2021\/12\/09\/clausura-de-cursos-2021-en-el-instituto-militar-de-las-armas-y-especialidades\/#mainImage"},"datePublished":"2021-12-09T19:00:06-03:00","dateModified":"2021-12-10T08:42:21-03:00"},{"@type":"WebSite","@id":"https:\/\/www.ejercito.mil.uy\/#website","url":"https:\/\/www.ejercito.mil.uy\/","name":"Ej\u00e9rcito Nacional","description":"La Fuerza de todos","inLanguage":"es-UY","publisher":{"@id":"https:\/\/www.ejercito.mil.uy\/#organization"}}]},"og:locale":"es_ES","og:site_name":"Ej\u00e9rcito Nacional - La Fuerza de todos","og:type":"article","og:title":"Clausura de Cursos 2021 en el Instituto Militar de las Armas y Especialidades - Ej\u00e9rcito Nacional","og:description":"09.12.2021 - Esta tarde, con la presencia del Sub Secretario del Ministerio de Defensa Nacional, Cnel. (R) Rivera Elgue, se realiz\u00f3 la ceremonia de clausura de cursos del Instituto Militar de las Armas y Especialidades (IMAE).","og:url":"https:\/\/www.ejercito.mil.uy\/index.php\/2021\/12\/09\/clausura-de-cursos-2021-en-el-instituto-militar-de-las-armas-y-especialidades\/","og:image":"https:\/\/www.ejercito.mil.uy\/wp-content\/uploads\/2022\/01\/Escudo_EN_URUGUAY.png","og:image:secure_url":"https:\/\/www.ejercito.mil.uy\/wp-content\/uploads\/2022\/01\/Escudo_EN_URUGUAY.png","og:image:width":134,"og:image:height":119,"article:published_time":"2021-12-09T22:00:06+00:00","article:modified_time":"2021-12-10T11:42:21+00:00","twitter:card":"summary_large_image","twitter:title":"Clausura de Cursos 2021 en el Instituto Militar de las Armas y Especialidades - Ej\u00e9rcito Nacional","twitter:description":"09.12.2021 - Esta tarde, con la presencia del Sub Secretario del Ministerio de Defensa Nacional, Cnel. (R) Rivera Elgue, se realiz\u00f3 la ceremonia de clausura de cursos del Instituto Militar de las Armas y Especialidades (IMAE).","twitter:image":"https:\/\/www.ejercito.mil.uy\/wp-content\/uploads\/2022\/01\/Escudo_EN_URUGUAY.png"},"aioseo_meta_data":{"post_id":"8729","title":null,"description":null,"keywords":null,"keyphrases":null,"primary_term":null,"canonical_url":null,"og_title":null,"og_description":null,"og_object_type":"default","og_image_type":"default","og_image_url":null,"og_image_width":null,"og_image_height":null,"og_image_custom_url":null,"og_image_custom_fields":null,"og_video":null,"og_custom_url":null,"og_article_section":null,"og_article_tags":null,"twitter_use_og":false,"twitter_card":"default","twitter_image_type":"default","twitter_image_url":null,"twitter_image_custom_url":null,"twitter_image_custom_fields":null,"twitter_title":null,"twitter_description":null,"schema":{"blockGraphs":[],"customGraphs":[],"default":{"data":{"Article":[],"Course":[],"Dataset":[],"FAQPage":[],"Movie":[],"Person":[],"Product":[],"ProductReview":[],"Car":[],"Recipe":[],"Service":[],"SoftwareApplication":[],"WebPage":[]},"graphName":"","isEnabled":true},"graphs":[]},"schema_type":"default","schema_type_options":null,"pillar_content":false,"robots_default":true,"robots_noindex":false,"robots_noarchive":false,"robots_nosnippet":false,"robots_nofollow":false,"robots_noimageindex":false,"robots_noodp":false,"robots_notranslate":false,"robots_max_snippet":null,"robots_max_videopreview":null,"robots_max_imagepreview":"large","priority":null,"frequency":null,"local_seo":null,"breadcrumb_settings":null,"limit_modified_date":false,"ai":null,"created":"2025-08-30 02:30:30","updated":"2025-08-30 02:30:30","seo_analyzer_scan_date":null,"focus_keyword":null,"additional_keywords":null,"truseo_locale":null},"aioseo_breadcrumb":"<div class=\"aioseo-breadcrumbs\"><span class=\"aioseo-breadcrumb\">\n\t\t\t<a href=\"https:\/\/www.ejercito.mil.uy\" title=\"Home\">Home<\/a>\n\t\t<\/span><span class=\"aioseo-breadcrumb-separator\">&raquo;<\/span><span class=\"aioseo-breadcrumb\">\n\t\t\t<a href=\"https:\/\/www.ejercito.mil.uy\/index.php\/category\/destacados\/\" title=\"Destacados\">Destacados<\/a>\n\t\t<\/span><span class=\"aioseo-breadcrumb-separator\">&raquo;<\/span><span class=\"aioseo-breadcrumb\">\n\t\t\t<a href=\"https:\/\/www.ejercito.mil.uy\/index.php\/category\/destacados\/noticias\/\" title=\"Noticias\">Noticias<\/a>\n\t\t<\/span><span class=\"aioseo-breadcrumb-separator\">&raquo;<\/span><span class=\"aioseo-breadcrumb\">\n\t\t\tClausura de Cursos 2021 en el Instituto Militar de las Armas y Especialidades\n\t\t<\/span><\/div>","aioseo_breadcrumb_json":[{"label":"Home","link":"https:\/\/www.ejercito.mil.uy"},{"label":"Destacados","link":"https:\/\/www.ejercito.mil.uy\/index.php\/category\/destacados\/"},{"label":"Noticias","link":"https:\/\/www.ejercito.mil.uy\/index.php\/category\/destacados\/noticias\/"},{"label":"Clausura de Cursos 2021 en el Instituto Militar de las Armas y Especialidades","link":"https:\/\/www.ejercito.mil.uy\/index.php\/2021\/12\/09\/clausura-de-cursos-2021-en-el-instituto-militar-de-las-armas-y-especialidades\/"}],"_links":{"self":[{"href":"https:\/\/www.ejercito.mil.uy\/index.php\/wp-json\/wp\/v2\/posts\/8729","targetHints":{"allow":["GET"]}}],"collection":[{"href":"https:\/\/www.ejercito.mil.uy\/index.php\/wp-json\/wp\/v2\/posts"}],"about":[{"href":"https:\/\/www.ejercito.mil.uy\/index.php\/wp-json\/wp\/v2\/types\/post"}],"author":[{"embeddable":true,"href":"https:\/\/www.ejercito.mil.uy\/index.php\/wp-json\/wp\/v2\/users\/4"}],"replies":[{"embeddable":true,"href":"https:\/\/www.ejercito.mil.uy\/index.php\/wp-json\/wp\/v2\/comments?post=8729"}],"version-history":[{"count":2,"href":"https:\/\/www.ejercito.mil.uy\/index.php\/wp-json\/wp\/v2\/posts\/8729\/revisions"}],"predecessor-version":[{"id":8744,"href":"https:\/\/www.ejercito.mil.uy\/index.php\/wp-json\/wp\/v2\/posts\/8729\/revisions\/8744"}],"wp:featuredmedia":[{"embeddable":true,"href":"https:\/\/www.ejercito.mil.uy\/index.php\/wp-json\/wp\/v2\/media\/8743"}],"wp:attachment":[{"href":"https:\/\/www.ejercito.mil.uy\/index.php\/wp-json\/wp\/v2\/media?parent=8729"}],"wp:term":[{"taxonomy":"category","embeddable":true,"href":"https:\/\/www.ejercito.mil.uy\/index.php\/wp-json\/wp\/v2\/categories?post=8729"},{"taxonomy":"post_tag","embeddable":true,"href":"https:\/\/www.ejercito.mil.uy\/index.php\/wp-json\/wp\/v2\/tags?post=8729"}],"curies":[{"name":"wp","href":"https:\/\/api.w.org\/{rel}","templated":true}]}}