{"id":887,"date":"2021-03-13T20:00:00","date_gmt":"2021-03-13T23:00:00","guid":{"rendered":"http:\/\/10.1.99.112\/?p=887"},"modified":"2021-04-27T14:20:31","modified_gmt":"2021-04-27T17:20:31","slug":"el-ejercito-nacional-continua-con-la-operacion-frontera-segura","status":"publish","type":"post","link":"https:\/\/www.ejercito.mil.uy\/index.php\/2021\/03\/13\/el-ejercito-nacional-continua-con-la-operacion-frontera-segura\/","title":{"rendered":"\u00a1El Ej\u00e9rcito Nacional contin\u00faa con la Operaci\u00f3n Frontera Segura!"},"content":{"rendered":"\n<p class=\"wp-block-paragraph\" style=\"font-size:14px\">13.03.2021 &#8211; Cerro Largo<\/p>\n\n\n\n<div style=\"height:33px\" aria-hidden=\"true\" class=\"wp-block-spacer\"><\/div>\n\n\n\n<p class=\"wp-block-paragraph\">Efectivos y medios del <strong>Regimiento \u201cGral. Aparicio Saravia\u201d de Caballer\u00eda Mecanizado N\u00b0 7<\/strong> y del <strong>Regimiento \u201cPatria\u201d de Caballer\u00eda Blindado N\u00b0 8<\/strong>, del dpto. de Cerro Largo, contin\u00faan realizando patrullas, identificaci\u00f3n de personas y registro de veh\u00edculos.<\/p>\n\n\n\n<div style=\"height:33px\" aria-hidden=\"true\" class=\"wp-block-spacer\"><\/div>\n\n\n\n<div class=\"wp-block-coblocks-gallery-carousel\"><div class=\"is-cropped coblocks-gallery has-no-alignment has-caption-style-dark has-horizontal-gutter has-lightbox\"><div class=\"has-carousel has-carousel-lrg\" style=\"height:400px\" data-flickity=\"{&quot;autoPlay&quot;:3000,&quot;draggable&quot;:true,&quot;pageDots&quot;:false,&quot;prevNextButtons&quot;:true,&quot;wrapAround&quot;:true,&quot;cellAlign&quot;:&quot;center&quot;,&quot;pauseAutoPlayOnHover&quot;:false,&quot;freeScroll&quot;:true,&quot;arrowShape&quot;:{&quot;x0&quot;:10,&quot;x1&quot;:60,&quot;y1&quot;:50,&quot;x2&quot;:65,&quot;y2&quot;:45,&quot;x3&quot;:20},&quot;thumbnails&quot;:false,&quot;responsiveHeight&quot;:false}\"><div class=\"coblocks-gallery--item\"><figure class=\"coblocks-gallery--figure has-margin-left-10 has-margin-left-mobile-5 has-margin-right-10 has-margin-right-mobile-5\"><img loading=\"lazy\" decoding=\"async\" width=\"1024\" height=\"683\" src=\"http:\/\/www.ejercito.mil.uy\/wp-content\/uploads\/2021\/03\/Patrullas-Reg.C.7-1-1-1024x683.jpg\" alt=\"\" data-id=\"949\" data-link=\"http:\/\/www.ejercito.mil.uy\/?attachment_id=949\" class=\"wp-image-949\" srcset=\"https:\/\/www.ejercito.mil.uy\/wp-content\/uploads\/2021\/03\/Patrullas-Reg.C.7-1-1-1024x683.jpg 1024w, https:\/\/www.ejercito.mil.uy\/wp-content\/uploads\/2021\/03\/Patrullas-Reg.C.7-1-1-300x200.jpg 300w, https:\/\/www.ejercito.mil.uy\/wp-content\/uploads\/2021\/03\/Patrullas-Reg.C.7-1-1.jpg 1200w\" sizes=\"auto, (max-width: 1024px) 100vw, 1024px\" \/><\/figure><\/div><div class=\"coblocks-gallery--item\"><figure class=\"coblocks-gallery--figure has-margin-left-10 has-margin-left-mobile-5 has-margin-right-10 has-margin-right-mobile-5\"><img loading=\"lazy\" decoding=\"async\" width=\"1024\" height=\"683\" src=\"http:\/\/www.ejercito.mil.uy\/wp-content\/uploads\/2021\/03\/Patrullas-Reg.C.7-2-1-1024x683.jpg\" alt=\"\" data-id=\"950\" data-link=\"http:\/\/www.ejercito.mil.uy\/?attachment_id=950\" class=\"wp-image-950\" srcset=\"https:\/\/www.ejercito.mil.uy\/wp-content\/uploads\/2021\/03\/Patrullas-Reg.C.7-2-1-1024x683.jpg 1024w, https:\/\/www.ejercito.mil.uy\/wp-content\/uploads\/2021\/03\/Patrullas-Reg.C.7-2-1-300x200.jpg 300w, https:\/\/www.ejercito.mil.uy\/wp-content\/uploads\/2021\/03\/Patrullas-Reg.C.7-2-1.jpg 1200w\" sizes=\"auto, (max-width: 1024px) 100vw, 1024px\" \/><\/figure><\/div><div class=\"coblocks-gallery--item\"><figure class=\"coblocks-gallery--figure has-margin-left-10 has-margin-left-mobile-5 has-margin-right-10 has-margin-right-mobile-5\"><img loading=\"lazy\" decoding=\"async\" width=\"1024\" height=\"683\" src=\"http:\/\/www.ejercito.mil.uy\/wp-content\/uploads\/2021\/03\/Patrullas-Reg.C.7-3-1-1024x683.jpg\" alt=\"\" data-id=\"951\" data-link=\"http:\/\/www.ejercito.mil.uy\/?attachment_id=951\" class=\"wp-image-951\" srcset=\"https:\/\/www.ejercito.mil.uy\/wp-content\/uploads\/2021\/03\/Patrullas-Reg.C.7-3-1-1024x683.jpg 1024w, https:\/\/www.ejercito.mil.uy\/wp-content\/uploads\/2021\/03\/Patrullas-Reg.C.7-3-1-300x200.jpg 300w, https:\/\/www.ejercito.mil.uy\/wp-content\/uploads\/2021\/03\/Patrullas-Reg.C.7-3-1.jpg 1200w\" sizes=\"auto, (max-width: 1024px) 100vw, 1024px\" \/><\/figure><\/div><div class=\"coblocks-gallery--item\"><figure class=\"coblocks-gallery--figure has-margin-left-10 has-margin-left-mobile-5 has-margin-right-10 has-margin-right-mobile-5\"><img loading=\"lazy\" decoding=\"async\" width=\"1024\" height=\"683\" src=\"http:\/\/www.ejercito.mil.uy\/wp-content\/uploads\/2021\/03\/Patrullas-Reg.C.7-4-1-1024x683.jpg\" alt=\"\" data-id=\"952\" data-link=\"http:\/\/www.ejercito.mil.uy\/?attachment_id=952\" class=\"wp-image-952\" srcset=\"https:\/\/www.ejercito.mil.uy\/wp-content\/uploads\/2021\/03\/Patrullas-Reg.C.7-4-1-1024x683.jpg 1024w, https:\/\/www.ejercito.mil.uy\/wp-content\/uploads\/2021\/03\/Patrullas-Reg.C.7-4-1-300x200.jpg 300w, https:\/\/www.ejercito.mil.uy\/wp-content\/uploads\/2021\/03\/Patrullas-Reg.C.7-4-1.jpg 1200w\" sizes=\"auto, (max-width: 1024px) 100vw, 1024px\" \/><\/figure><\/div><div class=\"coblocks-gallery--item\"><figure class=\"coblocks-gallery--figure has-margin-left-10 has-margin-left-mobile-5 has-margin-right-10 has-margin-right-mobile-5\"><img loading=\"lazy\" decoding=\"async\" width=\"1024\" height=\"683\" src=\"http:\/\/www.ejercito.mil.uy\/wp-content\/uploads\/2021\/03\/Patrullas-y-marcha-de-mantenimiento-Reg.C.8-1-1-1024x683.jpg\" alt=\"\" data-id=\"953\" data-link=\"http:\/\/www.ejercito.mil.uy\/?attachment_id=953\" class=\"wp-image-953\" srcset=\"https:\/\/www.ejercito.mil.uy\/wp-content\/uploads\/2021\/03\/Patrullas-y-marcha-de-mantenimiento-Reg.C.8-1-1-1024x683.jpg 1024w, https:\/\/www.ejercito.mil.uy\/wp-content\/uploads\/2021\/03\/Patrullas-y-marcha-de-mantenimiento-Reg.C.8-1-1-300x200.jpg 300w, https:\/\/www.ejercito.mil.uy\/wp-content\/uploads\/2021\/03\/Patrullas-y-marcha-de-mantenimiento-Reg.C.8-1-1.jpg 1200w\" sizes=\"auto, (max-width: 1024px) 100vw, 1024px\" \/><\/figure><\/div><div class=\"coblocks-gallery--item\"><figure class=\"coblocks-gallery--figure has-margin-left-10 has-margin-left-mobile-5 has-margin-right-10 has-margin-right-mobile-5\"><img loading=\"lazy\" decoding=\"async\" width=\"1024\" height=\"683\" src=\"http:\/\/www.ejercito.mil.uy\/wp-content\/uploads\/2021\/03\/Patrullas-y-marcha-de-mantenimiento-Reg.C.8-2-1-1024x683.jpg\" alt=\"\" data-id=\"954\" data-link=\"http:\/\/www.ejercito.mil.uy\/?attachment_id=954\" class=\"wp-image-954\" srcset=\"https:\/\/www.ejercito.mil.uy\/wp-content\/uploads\/2021\/03\/Patrullas-y-marcha-de-mantenimiento-Reg.C.8-2-1-1024x683.jpg 1024w, https:\/\/www.ejercito.mil.uy\/wp-content\/uploads\/2021\/03\/Patrullas-y-marcha-de-mantenimiento-Reg.C.8-2-1-300x200.jpg 300w, https:\/\/www.ejercito.mil.uy\/wp-content\/uploads\/2021\/03\/Patrullas-y-marcha-de-mantenimiento-Reg.C.8-2-1.jpg 1200w\" sizes=\"auto, (max-width: 1024px) 100vw, 1024px\" \/><\/figure><\/div><div class=\"coblocks-gallery--item\"><figure class=\"coblocks-gallery--figure has-margin-left-10 has-margin-left-mobile-5 has-margin-right-10 has-margin-right-mobile-5\"><img loading=\"lazy\" decoding=\"async\" width=\"1024\" height=\"683\" src=\"http:\/\/www.ejercito.mil.uy\/wp-content\/uploads\/2021\/03\/Patrullas-y-marcha-de-mantenimiento-Reg.C.8-3-1-1024x683.jpg\" alt=\"\" data-id=\"955\" data-link=\"http:\/\/www.ejercito.mil.uy\/?attachment_id=955\" class=\"wp-image-955\" srcset=\"https:\/\/www.ejercito.mil.uy\/wp-content\/uploads\/2021\/03\/Patrullas-y-marcha-de-mantenimiento-Reg.C.8-3-1-1024x683.jpg 1024w, https:\/\/www.ejercito.mil.uy\/wp-content\/uploads\/2021\/03\/Patrullas-y-marcha-de-mantenimiento-Reg.C.8-3-1-300x200.jpg 300w, https:\/\/www.ejercito.mil.uy\/wp-content\/uploads\/2021\/03\/Patrullas-y-marcha-de-mantenimiento-Reg.C.8-3-1.jpg 1200w\" sizes=\"auto, (max-width: 1024px) 100vw, 1024px\" \/><\/figure><\/div><div class=\"coblocks-gallery--item\"><figure class=\"coblocks-gallery--figure has-margin-left-10 has-margin-left-mobile-5 has-margin-right-10 has-margin-right-mobile-5\"><img loading=\"lazy\" decoding=\"async\" width=\"1024\" height=\"683\" src=\"http:\/\/www.ejercito.mil.uy\/wp-content\/uploads\/2021\/03\/Patrullas-y-marcha-de-mantenimiento-Reg.C.8-4-1-1024x683.jpg\" alt=\"\" data-id=\"956\" data-link=\"http:\/\/www.ejercito.mil.uy\/?attachment_id=956\" class=\"wp-image-956\" srcset=\"https:\/\/www.ejercito.mil.uy\/wp-content\/uploads\/2021\/03\/Patrullas-y-marcha-de-mantenimiento-Reg.C.8-4-1-1024x683.jpg 1024w, https:\/\/www.ejercito.mil.uy\/wp-content\/uploads\/2021\/03\/Patrullas-y-marcha-de-mantenimiento-Reg.C.8-4-1-300x200.jpg 300w, https:\/\/www.ejercito.mil.uy\/wp-content\/uploads\/2021\/03\/Patrullas-y-marcha-de-mantenimiento-Reg.C.8-4-1.jpg 1200w\" sizes=\"auto, (max-width: 1024px) 100vw, 1024px\" \/><\/figure><\/div><div class=\"coblocks-gallery--item\"><figure class=\"coblocks-gallery--figure has-margin-left-10 has-margin-left-mobile-5 has-margin-right-10 has-margin-right-mobile-5\"><img loading=\"lazy\" decoding=\"async\" width=\"1024\" height=\"683\" src=\"http:\/\/www.ejercito.mil.uy\/wp-content\/uploads\/2021\/03\/Patrullas-y-marcha-de-mantenimiento-Reg.C.8-5-1-1024x683.jpg\" alt=\"\" data-id=\"957\" data-link=\"http:\/\/www.ejercito.mil.uy\/?attachment_id=957\" class=\"wp-image-957\" srcset=\"https:\/\/www.ejercito.mil.uy\/wp-content\/uploads\/2021\/03\/Patrullas-y-marcha-de-mantenimiento-Reg.C.8-5-1-1024x683.jpg 1024w, https:\/\/www.ejercito.mil.uy\/wp-content\/uploads\/2021\/03\/Patrullas-y-marcha-de-mantenimiento-Reg.C.8-5-1-300x200.jpg 300w, https:\/\/www.ejercito.mil.uy\/wp-content\/uploads\/2021\/03\/Patrullas-y-marcha-de-mantenimiento-Reg.C.8-5-1.jpg 1200w\" sizes=\"auto, (max-width: 1024px) 100vw, 1024px\" \/><\/figure><\/div><\/div><\/div><\/div>\n\n\n\n<div style=\"height:33px\" aria-hidden=\"true\" class=\"wp-block-spacer\"><\/div>\n\n\n\n<p class=\"wp-block-paragraph\">Por su parte, el <strong>Regimiento \u201cGral. Aparicio Saravia\u201d de Caballer\u00eda Mecanizado N\u00b0 7<\/strong> operan un puesto de control en la Regi\u00f3n Gral. \u201cPaso Johnny\u201d a 1,5 km de la Unidad, para brindar seguridad y vigilancia en la franja de la frontera con la Rep\u00fablica Federativa de Brasil.<\/p>\n\n\n\n<div style=\"height:33px\" aria-hidden=\"true\" class=\"wp-block-spacer\"><\/div>\n\n\n\n<p class=\"wp-block-paragraph\">En cambio, los medios del <strong>Escuadr\u00f3n Tiradores Blindados <\/strong>del <strong>Regimiento \u00abPatria\u00bb de Caballer\u00eda Blindado N\u00b0 8<\/strong>, se hicieron presentes en las inmediaciones de la localidad de Isidoro Nobl\u00eda, donde realizaron una marcha de mantenimiento para luego integrar un puesto de control de rutas, improvisado en la Regi\u00f3n Gral. \u201cSan Diego\u201d. En paralelo a la marcha de los veh\u00edculos blindados M-113, se desarroll\u00f3 la instrucci\u00f3n y utilizaci\u00f3n de un drone, elemento complementario para las inspecciones de veh\u00edculos de gran porte y reconocimiento de caminer\u00eda en mal estado.<\/p>\n","protected":false},"excerpt":{"rendered":"<p>13.03.2021 &#8211; Cerro Largo Efectivos y medios del Regimiento \u201cGral. Aparicio Saravia\u201d de Caballer\u00eda Mecanizado N\u00b0 7 y del Regimiento \u201cPatria\u201d de Caballer\u00eda Blindado N\u00b0 8, del dpto. de Cerro Largo, contin\u00faan realizando patrullas, identificaci\u00f3n de personas y registro de veh\u00edculos. Por su parte, el Regimiento \u201cGral. Aparicio Saravia\u201d de Caballer\u00eda Mecanizado N\u00b0 7 operan <a href=\"https:\/\/www.ejercito.mil.uy\/index.php\/2021\/03\/13\/el-ejercito-nacional-continua-con-la-operacion-frontera-segura\/\" class=\"more-link\">&#8230;<span class=\"screen-reader-text\">  \u00a1El Ej\u00e9rcito Nacional contin\u00faa con la Operaci\u00f3n Frontera Segura!<\/span><\/a><\/p>\n","protected":false},"author":4,"featured_media":951,"comment_status":"open","ping_status":"open","sticky":false,"template":"","format":"standard","meta":{"_coblocks_attr":"","_coblocks_dimensions":"","_coblocks_responsive_height":"","_coblocks_accordion_ie_support":"","_monsterinsights_skip_tracking":false,"_uf_show_specific_survey":0,"_uf_disable_surveys":false,"footnotes":""},"categories":[2,14],"tags":[34,26,73,33],"class_list":["post-887","post","type-post","status-publish","format-standard","has-post-thumbnail","hentry","category-blog","category-noticias","tag-control","tag-frontera","tag-patrullas","tag-seguridad"],"aioseo_notices":[],"aioseo_head":"\n\t\t<!-- All in One SEO 5.0.1.1 - aioseo.com -->\n\t<meta name=\"description\" content=\"13.03.2021 - Cerro Largo Efectivos y medios del Regimiento \u201cGral. Aparicio Saravia\u201d de Caballer\u00eda Mecanizado N\u00b0 7 y del Regimiento \u201cPatria\u201d de Caballer\u00eda Blindado N\u00b0 8, del dpto. de Cerro Largo, contin\u00faan realizando patrullas, identificaci\u00f3n de personas y registro de veh\u00edculos. Por su parte, el Regimiento \u201cGral. Aparicio Saravia\u201d de Caballer\u00eda Mecanizado N\u00b0 7 operan\" \/>\n\t<meta name=\"robots\" content=\"max-image-preview:large\" \/>\n\t<meta name=\"author\" content=\"Alejandro Castro\"\/>\n\t<link rel=\"canonical\" href=\"https:\/\/www.ejercito.mil.uy\/index.php\/2021\/03\/13\/el-ejercito-nacional-continua-con-la-operacion-frontera-segura\/\" \/>\n\t<meta name=\"generator\" content=\"All in One SEO (AIOSEO) 5.0.1.1\" \/>\n\t\t<meta property=\"og:locale\" content=\"es_ES\" \/>\n\t\t<meta property=\"og:site_name\" content=\"Ej\u00e9rcito Nacional - La Fuerza de todos\" \/>\n\t\t<meta property=\"og:type\" content=\"article\" \/>\n\t\t<meta property=\"og:title\" content=\"\u00a1El Ej\u00e9rcito Nacional contin\u00faa con la Operaci\u00f3n Frontera Segura! - Ej\u00e9rcito Nacional\" \/>\n\t\t<meta property=\"og:description\" content=\"13.03.2021 - Cerro Largo Efectivos y medios del Regimiento \u201cGral. Aparicio Saravia\u201d de Caballer\u00eda Mecanizado N\u00b0 7 y del Regimiento \u201cPatria\u201d de Caballer\u00eda Blindado N\u00b0 8, del dpto. de Cerro Largo, contin\u00faan realizando patrullas, identificaci\u00f3n de personas y registro de veh\u00edculos. Por su parte, el Regimiento \u201cGral. Aparicio Saravia\u201d de Caballer\u00eda Mecanizado N\u00b0 7 operan\" \/>\n\t\t<meta property=\"og:url\" content=\"https:\/\/www.ejercito.mil.uy\/index.php\/2021\/03\/13\/el-ejercito-nacional-continua-con-la-operacion-frontera-segura\/\" \/>\n\t\t<meta property=\"og:image\" content=\"https:\/\/www.ejercito.mil.uy\/wp-content\/uploads\/2022\/01\/Escudo_EN_URUGUAY.png\" \/>\n\t\t<meta property=\"og:image:secure_url\" content=\"https:\/\/www.ejercito.mil.uy\/wp-content\/uploads\/2022\/01\/Escudo_EN_URUGUAY.png\" \/>\n\t\t<meta property=\"og:image:width\" content=\"134\" \/>\n\t\t<meta property=\"og:image:height\" content=\"119\" \/>\n\t\t<meta property=\"article:published_time\" content=\"2021-03-13T23:00:00+00:00\" \/>\n\t\t<meta property=\"article:modified_time\" content=\"2021-04-27T17:20:31+00:00\" \/>\n\t\t<meta name=\"twitter:card\" content=\"summary_large_image\" \/>\n\t\t<meta name=\"twitter:title\" content=\"\u00a1El Ej\u00e9rcito Nacional contin\u00faa con la Operaci\u00f3n Frontera Segura! - Ej\u00e9rcito Nacional\" \/>\n\t\t<meta name=\"twitter:description\" content=\"13.03.2021 - Cerro Largo Efectivos y medios del Regimiento \u201cGral. Aparicio Saravia\u201d de Caballer\u00eda Mecanizado N\u00b0 7 y del Regimiento \u201cPatria\u201d de Caballer\u00eda Blindado N\u00b0 8, del dpto. de Cerro Largo, contin\u00faan realizando patrullas, identificaci\u00f3n de personas y registro de veh\u00edculos. Por su parte, el Regimiento \u201cGral. Aparicio Saravia\u201d de Caballer\u00eda Mecanizado N\u00b0 7 operan\" \/>\n\t\t<meta name=\"twitter:image\" content=\"https:\/\/www.ejercito.mil.uy\/wp-content\/uploads\/2022\/01\/Escudo_EN_URUGUAY.png\" \/>\n\t\t<script type=\"application\/ld+json\" class=\"aioseo-schema\">\n\t\t\t{\"@context\":\"https:\\\/\\\/schema.org\",\"@graph\":[{\"@type\":\"BlogPosting\",\"@id\":\"https:\\\/\\\/www.ejercito.mil.uy\\\/index.php\\\/2021\\\/03\\\/13\\\/el-ejercito-nacional-continua-con-la-operacion-frontera-segura\\\/#blogposting\",\"name\":\"\\u00a1El Ej\\u00e9rcito Nacional contin\\u00faa con la Operaci\\u00f3n Frontera Segura! - Ej\\u00e9rcito Nacional\",\"headline\":\"\\u00a1El Ej\\u00e9rcito Nacional contin\\u00faa con la Operaci\\u00f3n Frontera Segura!\",\"author\":{\"@id\":\"https:\\\/\\\/www.ejercito.mil.uy\\\/index.php\\\/author\\\/acastro\\\/#author\"},\"publisher\":{\"@id\":\"https:\\\/\\\/www.ejercito.mil.uy\\\/#organization\"},\"image\":{\"@type\":\"ImageObject\",\"url\":\"https:\\\/\\\/www.ejercito.mil.uy\\\/wp-content\\\/uploads\\\/2021\\\/03\\\/Patrullas-Reg.C.7-3-1.jpg\",\"width\":1200,\"height\":800,\"caption\":\"Patrullas\"},\"datePublished\":\"2021-03-13T20:00:00-03:00\",\"dateModified\":\"2021-04-27T14:20:31-03:00\",\"inLanguage\":\"es-UY\",\"mainEntityOfPage\":{\"@id\":\"https:\\\/\\\/www.ejercito.mil.uy\\\/index.php\\\/2021\\\/03\\\/13\\\/el-ejercito-nacional-continua-con-la-operacion-frontera-segura\\\/#webpage\"},\"isPartOf\":{\"@id\":\"https:\\\/\\\/www.ejercito.mil.uy\\\/index.php\\\/2021\\\/03\\\/13\\\/el-ejercito-nacional-continua-con-la-operacion-frontera-segura\\\/#webpage\"},\"articleSection\":\"Blog, Noticias, control, frontera, patrullas, seguridad\"},{\"@type\":\"BreadcrumbList\",\"@id\":\"https:\\\/\\\/www.ejercito.mil.uy\\\/index.php\\\/2021\\\/03\\\/13\\\/el-ejercito-nacional-continua-con-la-operacion-frontera-segura\\\/#breadcrumblist\",\"itemListElement\":[{\"@type\":\"ListItem\",\"@id\":\"https:\\\/\\\/www.ejercito.mil.uy#listItem\",\"position\":1,\"name\":\"Home\",\"item\":\"https:\\\/\\\/www.ejercito.mil.uy\",\"nextItem\":{\"@type\":\"ListItem\",\"@id\":\"https:\\\/\\\/www.ejercito.mil.uy\\\/index.php\\\/category\\\/destacados\\\/#listItem\",\"name\":\"Destacados\"}},{\"@type\":\"ListItem\",\"@id\":\"https:\\\/\\\/www.ejercito.mil.uy\\\/index.php\\\/category\\\/destacados\\\/#listItem\",\"position\":2,\"name\":\"Destacados\",\"item\":\"https:\\\/\\\/www.ejercito.mil.uy\\\/index.php\\\/category\\\/destacados\\\/\",\"nextItem\":{\"@type\":\"ListItem\",\"@id\":\"https:\\\/\\\/www.ejercito.mil.uy\\\/index.php\\\/category\\\/destacados\\\/noticias\\\/#listItem\",\"name\":\"Noticias\"},\"previousItem\":{\"@type\":\"ListItem\",\"@id\":\"https:\\\/\\\/www.ejercito.mil.uy#listItem\",\"name\":\"Home\"}},{\"@type\":\"ListItem\",\"@id\":\"https:\\\/\\\/www.ejercito.mil.uy\\\/index.php\\\/category\\\/destacados\\\/noticias\\\/#listItem\",\"position\":3,\"name\":\"Noticias\",\"item\":\"https:\\\/\\\/www.ejercito.mil.uy\\\/index.php\\\/category\\\/destacados\\\/noticias\\\/\",\"nextItem\":{\"@type\":\"ListItem\",\"@id\":\"https:\\\/\\\/www.ejercito.mil.uy\\\/index.php\\\/2021\\\/03\\\/13\\\/el-ejercito-nacional-continua-con-la-operacion-frontera-segura\\\/#listItem\",\"name\":\"\\u00a1El Ej\\u00e9rcito Nacional contin\\u00faa con la Operaci\\u00f3n Frontera Segura!\"},\"previousItem\":{\"@type\":\"ListItem\",\"@id\":\"https:\\\/\\\/www.ejercito.mil.uy\\\/index.php\\\/category\\\/destacados\\\/#listItem\",\"name\":\"Destacados\"}},{\"@type\":\"ListItem\",\"@id\":\"https:\\\/\\\/www.ejercito.mil.uy\\\/index.php\\\/2021\\\/03\\\/13\\\/el-ejercito-nacional-continua-con-la-operacion-frontera-segura\\\/#listItem\",\"position\":4,\"name\":\"\\u00a1El Ej\\u00e9rcito Nacional contin\\u00faa con la Operaci\\u00f3n Frontera Segura!\",\"previousItem\":{\"@type\":\"ListItem\",\"@id\":\"https:\\\/\\\/www.ejercito.mil.uy\\\/index.php\\\/category\\\/destacados\\\/noticias\\\/#listItem\",\"name\":\"Noticias\"}}]},{\"@type\":\"Organization\",\"@id\":\"https:\\\/\\\/www.ejercito.mil.uy\\\/#organization\",\"name\":\"Ej\\u00e9rcito Nacional\",\"description\":\"La Fuerza de todos\",\"url\":\"https:\\\/\\\/www.ejercito.mil.uy\\\/\",\"logo\":{\"@type\":\"ImageObject\",\"url\":\"https:\\\/\\\/www.ejercito.mil.uy\\\/wp-content\\\/uploads\\\/2022\\\/01\\\/Escudo_EN_URUGUAY.png\",\"@id\":\"https:\\\/\\\/www.ejercito.mil.uy\\\/index.php\\\/2021\\\/03\\\/13\\\/el-ejercito-nacional-continua-con-la-operacion-frontera-segura\\\/#organizationLogo\",\"width\":134,\"height\":119},\"image\":{\"@id\":\"https:\\\/\\\/www.ejercito.mil.uy\\\/index.php\\\/2021\\\/03\\\/13\\\/el-ejercito-nacional-continua-con-la-operacion-frontera-segura\\\/#organizationLogo\"}},{\"@type\":\"Person\",\"@id\":\"https:\\\/\\\/www.ejercito.mil.uy\\\/index.php\\\/author\\\/acastro\\\/#author\",\"url\":\"https:\\\/\\\/www.ejercito.mil.uy\\\/index.php\\\/author\\\/acastro\\\/\",\"name\":\"Alejandro Castro\",\"image\":{\"@type\":\"ImageObject\",\"@id\":\"https:\\\/\\\/www.ejercito.mil.uy\\\/index.php\\\/2021\\\/03\\\/13\\\/el-ejercito-nacional-continua-con-la-operacion-frontera-segura\\\/#authorImage\",\"url\":\"https:\\\/\\\/secure.gravatar.com\\\/avatar\\\/89bb77d4bf696501dd94ca89e6794e1787eaffba7c7197528d249e15bd099f68?s=96&d=mm&r=g\",\"width\":96,\"height\":96,\"caption\":\"Alejandro Castro\"}},{\"@type\":\"WebPage\",\"@id\":\"https:\\\/\\\/www.ejercito.mil.uy\\\/index.php\\\/2021\\\/03\\\/13\\\/el-ejercito-nacional-continua-con-la-operacion-frontera-segura\\\/#webpage\",\"url\":\"https:\\\/\\\/www.ejercito.mil.uy\\\/index.php\\\/2021\\\/03\\\/13\\\/el-ejercito-nacional-continua-con-la-operacion-frontera-segura\\\/\",\"name\":\"\\u00a1El Ej\\u00e9rcito Nacional contin\\u00faa con la Operaci\\u00f3n Frontera Segura! - Ej\\u00e9rcito Nacional\",\"description\":\"13.03.2021 - Cerro Largo Efectivos y medios del Regimiento \\u201cGral. Aparicio Saravia\\u201d de Caballer\\u00eda Mecanizado N\\u00b0 7 y del Regimiento \\u201cPatria\\u201d de Caballer\\u00eda Blindado N\\u00b0 8, del dpto. de Cerro Largo, contin\\u00faan realizando patrullas, identificaci\\u00f3n de personas y registro de veh\\u00edculos. Por su parte, el Regimiento \\u201cGral. Aparicio Saravia\\u201d de Caballer\\u00eda Mecanizado N\\u00b0 7 operan\",\"inLanguage\":\"es-UY\",\"isPartOf\":{\"@id\":\"https:\\\/\\\/www.ejercito.mil.uy\\\/#website\"},\"breadcrumb\":{\"@id\":\"https:\\\/\\\/www.ejercito.mil.uy\\\/index.php\\\/2021\\\/03\\\/13\\\/el-ejercito-nacional-continua-con-la-operacion-frontera-segura\\\/#breadcrumblist\"},\"author\":{\"@id\":\"https:\\\/\\\/www.ejercito.mil.uy\\\/index.php\\\/author\\\/acastro\\\/#author\"},\"creator\":{\"@id\":\"https:\\\/\\\/www.ejercito.mil.uy\\\/index.php\\\/author\\\/acastro\\\/#author\"},\"image\":{\"@type\":\"ImageObject\",\"url\":\"https:\\\/\\\/www.ejercito.mil.uy\\\/wp-content\\\/uploads\\\/2021\\\/03\\\/Patrullas-Reg.C.7-3-1.jpg\",\"@id\":\"https:\\\/\\\/www.ejercito.mil.uy\\\/index.php\\\/2021\\\/03\\\/13\\\/el-ejercito-nacional-continua-con-la-operacion-frontera-segura\\\/#mainImage\",\"width\":1200,\"height\":800,\"caption\":\"Patrullas\"},\"primaryImageOfPage\":{\"@id\":\"https:\\\/\\\/www.ejercito.mil.uy\\\/index.php\\\/2021\\\/03\\\/13\\\/el-ejercito-nacional-continua-con-la-operacion-frontera-segura\\\/#mainImage\"},\"datePublished\":\"2021-03-13T20:00:00-03:00\",\"dateModified\":\"2021-04-27T14:20:31-03:00\"},{\"@type\":\"WebSite\",\"@id\":\"https:\\\/\\\/www.ejercito.mil.uy\\\/#website\",\"url\":\"https:\\\/\\\/www.ejercito.mil.uy\\\/\",\"name\":\"Ej\\u00e9rcito Nacional\",\"description\":\"La Fuerza de todos\",\"inLanguage\":\"es-UY\",\"publisher\":{\"@id\":\"https:\\\/\\\/www.ejercito.mil.uy\\\/#organization\"}}]}\n\t\t<\/script>\n\t\t<!-- All in One SEO -->\n\n","aioseo_head_json":{"title":"\u00a1El Ej\u00e9rcito Nacional contin\u00faa con la Operaci\u00f3n Frontera Segura! - Ej\u00e9rcito Nacional","description":"13.03.2021 - Cerro Largo Efectivos y medios del Regimiento \u201cGral. Aparicio Saravia\u201d de Caballer\u00eda Mecanizado N\u00b0 7 y del Regimiento \u201cPatria\u201d de Caballer\u00eda Blindado N\u00b0 8, del dpto. de Cerro Largo, contin\u00faan realizando patrullas, identificaci\u00f3n de personas y registro de veh\u00edculos. Por su parte, el Regimiento \u201cGral. Aparicio Saravia\u201d de Caballer\u00eda Mecanizado N\u00b0 7 operan","canonical_url":"https:\/\/www.ejercito.mil.uy\/index.php\/2021\/03\/13\/el-ejercito-nacional-continua-con-la-operacion-frontera-segura\/","robots":"max-image-preview:large","keywords":"","webmasterTools":{"miscellaneous":""},"schema":{"@context":"https:\/\/schema.org","@graph":[{"@type":"BlogPosting","@id":"https:\/\/www.ejercito.mil.uy\/index.php\/2021\/03\/13\/el-ejercito-nacional-continua-con-la-operacion-frontera-segura\/#blogposting","name":"\u00a1El Ej\u00e9rcito Nacional contin\u00faa con la Operaci\u00f3n Frontera Segura! - Ej\u00e9rcito Nacional","headline":"\u00a1El Ej\u00e9rcito Nacional contin\u00faa con la Operaci\u00f3n Frontera Segura!","author":{"@id":"https:\/\/www.ejercito.mil.uy\/index.php\/author\/acastro\/#author"},"publisher":{"@id":"https:\/\/www.ejercito.mil.uy\/#organization"},"image":{"@type":"ImageObject","url":"https:\/\/www.ejercito.mil.uy\/wp-content\/uploads\/2021\/03\/Patrullas-Reg.C.7-3-1.jpg","width":1200,"height":800,"caption":"Patrullas"},"datePublished":"2021-03-13T20:00:00-03:00","dateModified":"2021-04-27T14:20:31-03:00","inLanguage":"es-UY","mainEntityOfPage":{"@id":"https:\/\/www.ejercito.mil.uy\/index.php\/2021\/03\/13\/el-ejercito-nacional-continua-con-la-operacion-frontera-segura\/#webpage"},"isPartOf":{"@id":"https:\/\/www.ejercito.mil.uy\/index.php\/2021\/03\/13\/el-ejercito-nacional-continua-con-la-operacion-frontera-segura\/#webpage"},"articleSection":"Blog, Noticias, control, frontera, patrullas, seguridad"},{"@type":"BreadcrumbList","@id":"https:\/\/www.ejercito.mil.uy\/index.php\/2021\/03\/13\/el-ejercito-nacional-continua-con-la-operacion-frontera-segura\/#breadcrumblist","itemListElement":[{"@type":"ListItem","@id":"https:\/\/www.ejercito.mil.uy#listItem","position":1,"name":"Home","item":"https:\/\/www.ejercito.mil.uy","nextItem":{"@type":"ListItem","@id":"https:\/\/www.ejercito.mil.uy\/index.php\/category\/destacados\/#listItem","name":"Destacados"}},{"@type":"ListItem","@id":"https:\/\/www.ejercito.mil.uy\/index.php\/category\/destacados\/#listItem","position":2,"name":"Destacados","item":"https:\/\/www.ejercito.mil.uy\/index.php\/category\/destacados\/","nextItem":{"@type":"ListItem","@id":"https:\/\/www.ejercito.mil.uy\/index.php\/category\/destacados\/noticias\/#listItem","name":"Noticias"},"previousItem":{"@type":"ListItem","@id":"https:\/\/www.ejercito.mil.uy#listItem","name":"Home"}},{"@type":"ListItem","@id":"https:\/\/www.ejercito.mil.uy\/index.php\/category\/destacados\/noticias\/#listItem","position":3,"name":"Noticias","item":"https:\/\/www.ejercito.mil.uy\/index.php\/category\/destacados\/noticias\/","nextItem":{"@type":"ListItem","@id":"https:\/\/www.ejercito.mil.uy\/index.php\/2021\/03\/13\/el-ejercito-nacional-continua-con-la-operacion-frontera-segura\/#listItem","name":"\u00a1El Ej\u00e9rcito Nacional contin\u00faa con la Operaci\u00f3n Frontera Segura!"},"previousItem":{"@type":"ListItem","@id":"https:\/\/www.ejercito.mil.uy\/index.php\/category\/destacados\/#listItem","name":"Destacados"}},{"@type":"ListItem","@id":"https:\/\/www.ejercito.mil.uy\/index.php\/2021\/03\/13\/el-ejercito-nacional-continua-con-la-operacion-frontera-segura\/#listItem","position":4,"name":"\u00a1El Ej\u00e9rcito Nacional contin\u00faa con la Operaci\u00f3n Frontera Segura!","previousItem":{"@type":"ListItem","@id":"https:\/\/www.ejercito.mil.uy\/index.php\/category\/destacados\/noticias\/#listItem","name":"Noticias"}}]},{"@type":"Organization","@id":"https:\/\/www.ejercito.mil.uy\/#organization","name":"Ej\u00e9rcito Nacional","description":"La Fuerza de todos","url":"https:\/\/www.ejercito.mil.uy\/","logo":{"@type":"ImageObject","url":"https:\/\/www.ejercito.mil.uy\/wp-content\/uploads\/2022\/01\/Escudo_EN_URUGUAY.png","@id":"https:\/\/www.ejercito.mil.uy\/index.php\/2021\/03\/13\/el-ejercito-nacional-continua-con-la-operacion-frontera-segura\/#organizationLogo","width":134,"height":119},"image":{"@id":"https:\/\/www.ejercito.mil.uy\/index.php\/2021\/03\/13\/el-ejercito-nacional-continua-con-la-operacion-frontera-segura\/#organizationLogo"}},{"@type":"Person","@id":"https:\/\/www.ejercito.mil.uy\/index.php\/author\/acastro\/#author","url":"https:\/\/www.ejercito.mil.uy\/index.php\/author\/acastro\/","name":"Alejandro Castro","image":{"@type":"ImageObject","@id":"https:\/\/www.ejercito.mil.uy\/index.php\/2021\/03\/13\/el-ejercito-nacional-continua-con-la-operacion-frontera-segura\/#authorImage","url":"https:\/\/secure.gravatar.com\/avatar\/89bb77d4bf696501dd94ca89e6794e1787eaffba7c7197528d249e15bd099f68?s=96&d=mm&r=g","width":96,"height":96,"caption":"Alejandro Castro"}},{"@type":"WebPage","@id":"https:\/\/www.ejercito.mil.uy\/index.php\/2021\/03\/13\/el-ejercito-nacional-continua-con-la-operacion-frontera-segura\/#webpage","url":"https:\/\/www.ejercito.mil.uy\/index.php\/2021\/03\/13\/el-ejercito-nacional-continua-con-la-operacion-frontera-segura\/","name":"\u00a1El Ej\u00e9rcito Nacional contin\u00faa con la Operaci\u00f3n Frontera Segura! - Ej\u00e9rcito Nacional","description":"13.03.2021 - Cerro Largo Efectivos y medios del Regimiento \u201cGral. Aparicio Saravia\u201d de Caballer\u00eda Mecanizado N\u00b0 7 y del Regimiento \u201cPatria\u201d de Caballer\u00eda Blindado N\u00b0 8, del dpto. de Cerro Largo, contin\u00faan realizando patrullas, identificaci\u00f3n de personas y registro de veh\u00edculos. Por su parte, el Regimiento \u201cGral. Aparicio Saravia\u201d de Caballer\u00eda Mecanizado N\u00b0 7 operan","inLanguage":"es-UY","isPartOf":{"@id":"https:\/\/www.ejercito.mil.uy\/#website"},"breadcrumb":{"@id":"https:\/\/www.ejercito.mil.uy\/index.php\/2021\/03\/13\/el-ejercito-nacional-continua-con-la-operacion-frontera-segura\/#breadcrumblist"},"author":{"@id":"https:\/\/www.ejercito.mil.uy\/index.php\/author\/acastro\/#author"},"creator":{"@id":"https:\/\/www.ejercito.mil.uy\/index.php\/author\/acastro\/#author"},"image":{"@type":"ImageObject","url":"https:\/\/www.ejercito.mil.uy\/wp-content\/uploads\/2021\/03\/Patrullas-Reg.C.7-3-1.jpg","@id":"https:\/\/www.ejercito.mil.uy\/index.php\/2021\/03\/13\/el-ejercito-nacional-continua-con-la-operacion-frontera-segura\/#mainImage","width":1200,"height":800,"caption":"Patrullas"},"primaryImageOfPage":{"@id":"https:\/\/www.ejercito.mil.uy\/index.php\/2021\/03\/13\/el-ejercito-nacional-continua-con-la-operacion-frontera-segura\/#mainImage"},"datePublished":"2021-03-13T20:00:00-03:00","dateModified":"2021-04-27T14:20:31-03:00"},{"@type":"WebSite","@id":"https:\/\/www.ejercito.mil.uy\/#website","url":"https:\/\/www.ejercito.mil.uy\/","name":"Ej\u00e9rcito Nacional","description":"La Fuerza de todos","inLanguage":"es-UY","publisher":{"@id":"https:\/\/www.ejercito.mil.uy\/#organization"}}]},"og:locale":"es_ES","og:site_name":"Ej\u00e9rcito Nacional - La Fuerza de todos","og:type":"article","og:title":"\u00a1El Ej\u00e9rcito Nacional contin\u00faa con la Operaci\u00f3n Frontera Segura! - Ej\u00e9rcito Nacional","og:description":"13.03.2021 - Cerro Largo Efectivos y medios del Regimiento \u201cGral. Aparicio Saravia\u201d de Caballer\u00eda Mecanizado N\u00b0 7 y del Regimiento \u201cPatria\u201d de Caballer\u00eda Blindado N\u00b0 8, del dpto. de Cerro Largo, contin\u00faan realizando patrullas, identificaci\u00f3n de personas y registro de veh\u00edculos. Por su parte, el Regimiento \u201cGral. Aparicio Saravia\u201d de Caballer\u00eda Mecanizado N\u00b0 7 operan","og:url":"https:\/\/www.ejercito.mil.uy\/index.php\/2021\/03\/13\/el-ejercito-nacional-continua-con-la-operacion-frontera-segura\/","og:image":"https:\/\/www.ejercito.mil.uy\/wp-content\/uploads\/2022\/01\/Escudo_EN_URUGUAY.png","og:image:secure_url":"https:\/\/www.ejercito.mil.uy\/wp-content\/uploads\/2022\/01\/Escudo_EN_URUGUAY.png","og:image:width":134,"og:image:height":119,"article:published_time":"2021-03-13T23:00:00+00:00","article:modified_time":"2021-04-27T17:20:31+00:00","twitter:card":"summary_large_image","twitter:title":"\u00a1El Ej\u00e9rcito Nacional contin\u00faa con la Operaci\u00f3n Frontera Segura! - Ej\u00e9rcito Nacional","twitter:description":"13.03.2021 - Cerro Largo Efectivos y medios del Regimiento \u201cGral. Aparicio Saravia\u201d de Caballer\u00eda Mecanizado N\u00b0 7 y del Regimiento \u201cPatria\u201d de Caballer\u00eda Blindado N\u00b0 8, del dpto. de Cerro Largo, contin\u00faan realizando patrullas, identificaci\u00f3n de personas y registro de veh\u00edculos. Por su parte, el Regimiento \u201cGral. Aparicio Saravia\u201d de Caballer\u00eda Mecanizado N\u00b0 7 operan","twitter:image":"https:\/\/www.ejercito.mil.uy\/wp-content\/uploads\/2022\/01\/Escudo_EN_URUGUAY.png"},"aioseo_meta_data":{"post_id":"887","title":null,"description":null,"keywords":null,"keyphrases":null,"primary_term":null,"canonical_url":null,"og_title":null,"og_description":null,"og_object_type":"default","og_image_type":"default","og_image_url":null,"og_image_width":null,"og_image_height":null,"og_image_custom_url":null,"og_image_custom_fields":null,"og_video":null,"og_custom_url":null,"og_article_section":null,"og_article_tags":null,"twitter_use_og":false,"twitter_card":"default","twitter_image_type":"default","twitter_image_url":null,"twitter_image_custom_url":null,"twitter_image_custom_fields":null,"twitter_title":null,"twitter_description":null,"schema":{"blockGraphs":[],"customGraphs":[],"default":{"data":{"Article":[],"Course":[],"Dataset":[],"FAQPage":[],"Movie":[],"Person":[],"Product":[],"ProductReview":[],"Car":[],"Recipe":[],"Service":[],"SoftwareApplication":[],"WebPage":[]},"graphName":"","isEnabled":true},"graphs":[]},"schema_type":"default","schema_type_options":null,"pillar_content":false,"robots_default":true,"robots_noindex":false,"robots_noarchive":false,"robots_nosnippet":false,"robots_nofollow":false,"robots_noimageindex":false,"robots_noodp":false,"robots_notranslate":false,"robots_max_snippet":null,"robots_max_videopreview":null,"robots_max_imagepreview":"large","priority":null,"frequency":null,"local_seo":null,"breadcrumb_settings":null,"limit_modified_date":false,"ai":null,"created":"2025-08-30 01:42:28","updated":"2025-08-30 01:42:28","seo_analyzer_scan_date":null,"focus_keyword":null,"additional_keywords":null,"truseo_locale":null},"aioseo_breadcrumb":"<div class=\"aioseo-breadcrumbs\"><span class=\"aioseo-breadcrumb\">\n\t\t\t<a href=\"https:\/\/www.ejercito.mil.uy\" title=\"Home\">Home<\/a>\n\t\t<\/span><span class=\"aioseo-breadcrumb-separator\">&raquo;<\/span><span class=\"aioseo-breadcrumb\">\n\t\t\t<a href=\"https:\/\/www.ejercito.mil.uy\/index.php\/category\/destacados\/\" title=\"Destacados\">Destacados<\/a>\n\t\t<\/span><span class=\"aioseo-breadcrumb-separator\">&raquo;<\/span><span class=\"aioseo-breadcrumb\">\n\t\t\t<a href=\"https:\/\/www.ejercito.mil.uy\/index.php\/category\/destacados\/noticias\/\" title=\"Noticias\">Noticias<\/a>\n\t\t<\/span><span class=\"aioseo-breadcrumb-separator\">&raquo;<\/span><span class=\"aioseo-breadcrumb\">\n\t\t\t\u00a1El Ej\u00e9rcito Nacional contin\u00faa con la Operaci\u00f3n Frontera Segura!\n\t\t<\/span><\/div>","aioseo_breadcrumb_json":[{"label":"Home","link":"https:\/\/www.ejercito.mil.uy"},{"label":"Destacados","link":"https:\/\/www.ejercito.mil.uy\/index.php\/category\/destacados\/"},{"label":"Noticias","link":"https:\/\/www.ejercito.mil.uy\/index.php\/category\/destacados\/noticias\/"},{"label":"\u00a1El Ej\u00e9rcito Nacional contin\u00faa con la Operaci\u00f3n Frontera Segura!","link":"https:\/\/www.ejercito.mil.uy\/index.php\/2021\/03\/13\/el-ejercito-nacional-continua-con-la-operacion-frontera-segura\/"}],"_links":{"self":[{"href":"https:\/\/www.ejercito.mil.uy\/index.php\/wp-json\/wp\/v2\/posts\/887","targetHints":{"allow":["GET"]}}],"collection":[{"href":"https:\/\/www.ejercito.mil.uy\/index.php\/wp-json\/wp\/v2\/posts"}],"about":[{"href":"https:\/\/www.ejercito.mil.uy\/index.php\/wp-json\/wp\/v2\/types\/post"}],"author":[{"embeddable":true,"href":"https:\/\/www.ejercito.mil.uy\/index.php\/wp-json\/wp\/v2\/users\/4"}],"replies":[{"embeddable":true,"href":"https:\/\/www.ejercito.mil.uy\/index.php\/wp-json\/wp\/v2\/comments?post=887"}],"version-history":[{"count":4,"href":"https:\/\/www.ejercito.mil.uy\/index.php\/wp-json\/wp\/v2\/posts\/887\/revisions"}],"predecessor-version":[{"id":2441,"href":"https:\/\/www.ejercito.mil.uy\/index.php\/wp-json\/wp\/v2\/posts\/887\/revisions\/2441"}],"wp:featuredmedia":[{"embeddable":true,"href":"https:\/\/www.ejercito.mil.uy\/index.php\/wp-json\/wp\/v2\/media\/951"}],"wp:attachment":[{"href":"https:\/\/www.ejercito.mil.uy\/index.php\/wp-json\/wp\/v2\/media?parent=887"}],"wp:term":[{"taxonomy":"category","embeddable":true,"href":"https:\/\/www.ejercito.mil.uy\/index.php\/wp-json\/wp\/v2\/categories?post=887"},{"taxonomy":"post_tag","embeddable":true,"href":"https:\/\/www.ejercito.mil.uy\/index.php\/wp-json\/wp\/v2\/tags?post=887"}],"curies":[{"name":"wp","href":"https:\/\/api.w.org\/{rel}","templated":true}]}}