{"id":9028,"date":"2021-12-19T11:00:41","date_gmt":"2021-12-19T14:00:41","guid":{"rendered":"https:\/\/www.ejercito.mil.uy\/?p=9028"},"modified":"2021-12-21T11:20:48","modified_gmt":"2021-12-21T14:20:48","slug":"un-merecido-reconocimiento","status":"publish","type":"post","link":"https:\/\/www.ejercito.mil.uy\/index.php\/2021\/12\/19\/un-merecido-reconocimiento\/","title":{"rendered":"Un merecido reconocimiento"},"content":{"rendered":"\n<p class=\"wp-block-paragraph\" style=\"font-size:14px\">19.12.2021 &#8211; Cerro Largo<\/p>\n\n\n\n<div style=\"height:24px\" aria-hidden=\"true\" class=\"wp-block-spacer\"><\/div>\n\n\n\n<p class=\"wp-block-paragraph\"><strong>Con la presencia de la Directora de Dptal. de Salud de Cerro Largo, Dra. Mariela Anch\u00e9n, autoridades militares y los vacunadores del Centro Tisiol\u00f3gico, se realiz\u00f3 un reconocimiento a la labor del Cabo 1\u00aa (Enf.) Oscar Alfaro de la Brigada de Caballer\u00eda N\u00ba 2, quien se desempe\u00f1\u00f3 como vacunador del Centro.<\/strong><\/p>\n\n\n\n<div style=\"height:33px\" aria-hidden=\"true\" class=\"wp-block-spacer\"><\/div>\n\n\n\n<p class=\"wp-block-paragraph\">El camarada particip\u00f3 desde el comienzo de la campa\u00f1a de inoculaci\u00f3n contra el COVID19 en Melo y Fraile Muerto, as\u00ed como tambi\u00e9n en los centros poblados del interior del dpto., destac\u00e1ndose por su profesionalidad, conducta, compa\u00f1erismo, dejando en alto a la Instituci\u00f3n Militar.<\/p>\n\n\n\n<div style=\"height:33px\" aria-hidden=\"true\" class=\"wp-block-spacer\"><\/div>\n\n\n\n<div class=\"wp-block-image\"><figure class=\"aligncenter size-large is-resized\"><img loading=\"lazy\" decoding=\"async\" src=\"https:\/\/www.ejercito.mil.uy\/wp-content\/uploads\/2021\/12\/Vacuna_2021-4-1024x683.jpg\" alt=\"\" class=\"wp-image-9031\" width=\"768\" height=\"512\" srcset=\"https:\/\/www.ejercito.mil.uy\/wp-content\/uploads\/2021\/12\/Vacuna_2021-4-1024x683.jpg 1024w, https:\/\/www.ejercito.mil.uy\/wp-content\/uploads\/2021\/12\/Vacuna_2021-4-300x200.jpg 300w, https:\/\/www.ejercito.mil.uy\/wp-content\/uploads\/2021\/12\/Vacuna_2021-4.jpg 1200w\" sizes=\"auto, (max-width: 768px) 100vw, 768px\" \/><\/figure><\/div>\n\n\n\n<div style=\"height:44px\" aria-hidden=\"true\" class=\"wp-block-spacer\"><\/div>\n\n\n\n<p class=\"wp-block-paragraph\">Por otra parte, el <strong>Regimiento \u201cPatria\u201d de Caballer\u00eda Blindado N\u00ba 8 <\/strong>culmin\u00f3 con el mismo apoyo, que desde el 1 de marzo, colabor\u00f3 con 2 enfermeros (vacunadores), que desarrollaron su funci\u00f3n en jornadas de 8 horas durante 175 d\u00edas.<\/p>\n\n\n\n<div style=\"height:33px\" aria-hidden=\"true\" class=\"wp-block-spacer\"><\/div>\n\n\n\n<figure class=\"wp-block-gallery columns-2 is-cropped wp-block-gallery-1 is-layout-flex wp-block-gallery-is-layout-flex\"><ul class=\"blocks-gallery-grid\"><li class=\"blocks-gallery-item\"><figure><img loading=\"lazy\" decoding=\"async\" width=\"1024\" height=\"683\" src=\"https:\/\/www.ejercito.mil.uy\/wp-content\/uploads\/2021\/12\/Vacuna_2021-3-1024x683.jpg\" alt=\"\" data-id=\"9033\" data-full-url=\"https:\/\/www.ejercito.mil.uy\/wp-content\/uploads\/2021\/12\/Vacuna_2021-3.jpg\" data-link=\"https:\/\/www.ejercito.mil.uy\/?attachment_id=9033\" class=\"wp-image-9033\" srcset=\"https:\/\/www.ejercito.mil.uy\/wp-content\/uploads\/2021\/12\/Vacuna_2021-3-1024x683.jpg 1024w, https:\/\/www.ejercito.mil.uy\/wp-content\/uploads\/2021\/12\/Vacuna_2021-3-300x200.jpg 300w, https:\/\/www.ejercito.mil.uy\/wp-content\/uploads\/2021\/12\/Vacuna_2021-3.jpg 1200w\" sizes=\"auto, (max-width: 1024px) 100vw, 1024px\" \/><\/figure><\/li><li class=\"blocks-gallery-item\"><figure><img loading=\"lazy\" decoding=\"async\" width=\"1024\" height=\"683\" src=\"https:\/\/www.ejercito.mil.uy\/wp-content\/uploads\/2021\/12\/Vacuna_2021-2-1024x683.jpg\" alt=\"\" data-id=\"9032\" data-full-url=\"https:\/\/www.ejercito.mil.uy\/wp-content\/uploads\/2021\/12\/Vacuna_2021-2.jpg\" data-link=\"https:\/\/www.ejercito.mil.uy\/?attachment_id=9032\" class=\"wp-image-9032\" srcset=\"https:\/\/www.ejercito.mil.uy\/wp-content\/uploads\/2021\/12\/Vacuna_2021-2-1024x683.jpg 1024w, https:\/\/www.ejercito.mil.uy\/wp-content\/uploads\/2021\/12\/Vacuna_2021-2-300x200.jpg 300w, https:\/\/www.ejercito.mil.uy\/wp-content\/uploads\/2021\/12\/Vacuna_2021-2.jpg 1200w\" sizes=\"auto, (max-width: 1024px) 100vw, 1024px\" \/><\/figure><\/li><\/ul><\/figure>\n\n\n\n<p class=\"wp-block-paragraph\"><\/p>\n","protected":false},"excerpt":{"rendered":"<p>19.12.2021 &#8211; Cerro Largo Con la presencia de la Directora de Dptal. de Salud de Cerro Largo, Dra. Mariela Anch\u00e9n, autoridades militares y los vacunadores del Centro Tisiol\u00f3gico, se realiz\u00f3 un reconocimiento a la labor del Cabo 1\u00aa (Enf.) Oscar Alfaro de la Brigada de Caballer\u00eda N\u00ba 2, quien se desempe\u00f1\u00f3 como vacunador del Centro. <a href=\"https:\/\/www.ejercito.mil.uy\/index.php\/2021\/12\/19\/un-merecido-reconocimiento\/\" class=\"more-link\">&#8230;<span class=\"screen-reader-text\">  Un merecido reconocimiento<\/span><\/a><\/p>\n","protected":false},"author":4,"featured_media":9034,"comment_status":"closed","ping_status":"open","sticky":false,"template":"","format":"standard","meta":{"_coblocks_attr":"","_coblocks_dimensions":"","_coblocks_responsive_height":"","_coblocks_accordion_ie_support":"","_monsterinsights_skip_tracking":false,"_uf_show_specific_survey":0,"_uf_disable_surveys":false,"footnotes":""},"categories":[2,14],"tags":[27,32,29,25,37,23],"class_list":["post-9028","post","type-post","status-publish","format-standard","has-post-thumbnail","hentry","category-blog","category-noticias","tag-apoyo","tag-bienestar","tag-comunidad","tag-covid","tag-sociedad","tag-vacunacion"],"aioseo_notices":[],"aioseo_head":"\n\t\t<!-- All in One SEO 5.0.1.1 - aioseo.com -->\n\t<meta name=\"description\" content=\"19.12.2021 - Cerro Largo Con la presencia de la Directora de Dptal. de Salud de Cerro Largo, Dra. Mariela Anch\u00e9n, autoridades militares y los vacunadores del Centro Tisiol\u00f3gico, se realiz\u00f3 un reconocimiento a la labor del Cabo 1\u00aa (Enf.) Oscar Alfaro de la Brigada de Caballer\u00eda N\u00ba 2, quien se desempe\u00f1\u00f3 como vacunador del Centro.\" \/>\n\t<meta name=\"robots\" content=\"max-image-preview:large\" \/>\n\t<meta name=\"author\" content=\"Alejandro Castro\"\/>\n\t<link rel=\"canonical\" href=\"https:\/\/www.ejercito.mil.uy\/index.php\/2021\/12\/19\/un-merecido-reconocimiento\/\" \/>\n\t<meta name=\"generator\" content=\"All in One SEO (AIOSEO) 5.0.1.1\" \/>\n\t\t<meta property=\"og:locale\" content=\"es_ES\" \/>\n\t\t<meta property=\"og:site_name\" content=\"Ej\u00e9rcito Nacional - La Fuerza de todos\" \/>\n\t\t<meta property=\"og:type\" content=\"article\" \/>\n\t\t<meta property=\"og:title\" content=\"Un merecido reconocimiento - Ej\u00e9rcito Nacional\" \/>\n\t\t<meta property=\"og:description\" content=\"19.12.2021 - Cerro Largo Con la presencia de la Directora de Dptal. de Salud de Cerro Largo, Dra. Mariela Anch\u00e9n, autoridades militares y los vacunadores del Centro Tisiol\u00f3gico, se realiz\u00f3 un reconocimiento a la labor del Cabo 1\u00aa (Enf.) Oscar Alfaro de la Brigada de Caballer\u00eda N\u00ba 2, quien se desempe\u00f1\u00f3 como vacunador del Centro.\" \/>\n\t\t<meta property=\"og:url\" content=\"https:\/\/www.ejercito.mil.uy\/index.php\/2021\/12\/19\/un-merecido-reconocimiento\/\" \/>\n\t\t<meta property=\"og:image\" content=\"https:\/\/www.ejercito.mil.uy\/wp-content\/uploads\/2022\/01\/Escudo_EN_URUGUAY.png\" \/>\n\t\t<meta property=\"og:image:secure_url\" content=\"https:\/\/www.ejercito.mil.uy\/wp-content\/uploads\/2022\/01\/Escudo_EN_URUGUAY.png\" \/>\n\t\t<meta property=\"og:image:width\" content=\"134\" \/>\n\t\t<meta property=\"og:image:height\" content=\"119\" \/>\n\t\t<meta property=\"article:published_time\" content=\"2021-12-19T14:00:41+00:00\" \/>\n\t\t<meta property=\"article:modified_time\" content=\"2021-12-21T14:20:48+00:00\" \/>\n\t\t<meta name=\"twitter:card\" content=\"summary_large_image\" \/>\n\t\t<meta name=\"twitter:title\" content=\"Un merecido reconocimiento - Ej\u00e9rcito Nacional\" \/>\n\t\t<meta name=\"twitter:description\" content=\"19.12.2021 - Cerro Largo Con la presencia de la Directora de Dptal. de Salud de Cerro Largo, Dra. Mariela Anch\u00e9n, autoridades militares y los vacunadores del Centro Tisiol\u00f3gico, se realiz\u00f3 un reconocimiento a la labor del Cabo 1\u00aa (Enf.) Oscar Alfaro de la Brigada de Caballer\u00eda N\u00ba 2, quien se desempe\u00f1\u00f3 como vacunador del Centro.\" \/>\n\t\t<meta name=\"twitter:image\" content=\"https:\/\/www.ejercito.mil.uy\/wp-content\/uploads\/2022\/01\/Escudo_EN_URUGUAY.png\" \/>\n\t\t<script type=\"application\/ld+json\" class=\"aioseo-schema\">\n\t\t\t{\"@context\":\"https:\\\/\\\/schema.org\",\"@graph\":[{\"@type\":\"BlogPosting\",\"@id\":\"https:\\\/\\\/www.ejercito.mil.uy\\\/index.php\\\/2021\\\/12\\\/19\\\/un-merecido-reconocimiento\\\/#blogposting\",\"name\":\"Un merecido reconocimiento - Ej\\u00e9rcito Nacional\",\"headline\":\"Un merecido reconocimiento\",\"author\":{\"@id\":\"https:\\\/\\\/www.ejercito.mil.uy\\\/index.php\\\/author\\\/acastro\\\/#author\"},\"publisher\":{\"@id\":\"https:\\\/\\\/www.ejercito.mil.uy\\\/#organization\"},\"image\":{\"@type\":\"ImageObject\",\"url\":\"https:\\\/\\\/www.ejercito.mil.uy\\\/wp-content\\\/uploads\\\/2021\\\/12\\\/Vacuna_2021-6.jpg\",\"width\":1200,\"height\":800,\"caption\":\"Vacuna_2021\"},\"datePublished\":\"2021-12-19T11:00:41-03:00\",\"dateModified\":\"2021-12-21T11:20:48-03:00\",\"inLanguage\":\"es-UY\",\"mainEntityOfPage\":{\"@id\":\"https:\\\/\\\/www.ejercito.mil.uy\\\/index.php\\\/2021\\\/12\\\/19\\\/un-merecido-reconocimiento\\\/#webpage\"},\"isPartOf\":{\"@id\":\"https:\\\/\\\/www.ejercito.mil.uy\\\/index.php\\\/2021\\\/12\\\/19\\\/un-merecido-reconocimiento\\\/#webpage\"},\"articleSection\":\"Blog, Noticias, apoyo, bienestar, comunidad, covid, sociedad, vacunacion\"},{\"@type\":\"BreadcrumbList\",\"@id\":\"https:\\\/\\\/www.ejercito.mil.uy\\\/index.php\\\/2021\\\/12\\\/19\\\/un-merecido-reconocimiento\\\/#breadcrumblist\",\"itemListElement\":[{\"@type\":\"ListItem\",\"@id\":\"https:\\\/\\\/www.ejercito.mil.uy#listItem\",\"position\":1,\"name\":\"Home\",\"item\":\"https:\\\/\\\/www.ejercito.mil.uy\",\"nextItem\":{\"@type\":\"ListItem\",\"@id\":\"https:\\\/\\\/www.ejercito.mil.uy\\\/index.php\\\/category\\\/destacados\\\/#listItem\",\"name\":\"Destacados\"}},{\"@type\":\"ListItem\",\"@id\":\"https:\\\/\\\/www.ejercito.mil.uy\\\/index.php\\\/category\\\/destacados\\\/#listItem\",\"position\":2,\"name\":\"Destacados\",\"item\":\"https:\\\/\\\/www.ejercito.mil.uy\\\/index.php\\\/category\\\/destacados\\\/\",\"nextItem\":{\"@type\":\"ListItem\",\"@id\":\"https:\\\/\\\/www.ejercito.mil.uy\\\/index.php\\\/category\\\/destacados\\\/noticias\\\/#listItem\",\"name\":\"Noticias\"},\"previousItem\":{\"@type\":\"ListItem\",\"@id\":\"https:\\\/\\\/www.ejercito.mil.uy#listItem\",\"name\":\"Home\"}},{\"@type\":\"ListItem\",\"@id\":\"https:\\\/\\\/www.ejercito.mil.uy\\\/index.php\\\/category\\\/destacados\\\/noticias\\\/#listItem\",\"position\":3,\"name\":\"Noticias\",\"item\":\"https:\\\/\\\/www.ejercito.mil.uy\\\/index.php\\\/category\\\/destacados\\\/noticias\\\/\",\"nextItem\":{\"@type\":\"ListItem\",\"@id\":\"https:\\\/\\\/www.ejercito.mil.uy\\\/index.php\\\/2021\\\/12\\\/19\\\/un-merecido-reconocimiento\\\/#listItem\",\"name\":\"Un merecido reconocimiento\"},\"previousItem\":{\"@type\":\"ListItem\",\"@id\":\"https:\\\/\\\/www.ejercito.mil.uy\\\/index.php\\\/category\\\/destacados\\\/#listItem\",\"name\":\"Destacados\"}},{\"@type\":\"ListItem\",\"@id\":\"https:\\\/\\\/www.ejercito.mil.uy\\\/index.php\\\/2021\\\/12\\\/19\\\/un-merecido-reconocimiento\\\/#listItem\",\"position\":4,\"name\":\"Un merecido reconocimiento\",\"previousItem\":{\"@type\":\"ListItem\",\"@id\":\"https:\\\/\\\/www.ejercito.mil.uy\\\/index.php\\\/category\\\/destacados\\\/noticias\\\/#listItem\",\"name\":\"Noticias\"}}]},{\"@type\":\"Organization\",\"@id\":\"https:\\\/\\\/www.ejercito.mil.uy\\\/#organization\",\"name\":\"Ej\\u00e9rcito Nacional\",\"description\":\"La Fuerza de todos\",\"url\":\"https:\\\/\\\/www.ejercito.mil.uy\\\/\",\"logo\":{\"@type\":\"ImageObject\",\"url\":\"https:\\\/\\\/www.ejercito.mil.uy\\\/wp-content\\\/uploads\\\/2022\\\/01\\\/Escudo_EN_URUGUAY.png\",\"@id\":\"https:\\\/\\\/www.ejercito.mil.uy\\\/index.php\\\/2021\\\/12\\\/19\\\/un-merecido-reconocimiento\\\/#organizationLogo\",\"width\":134,\"height\":119},\"image\":{\"@id\":\"https:\\\/\\\/www.ejercito.mil.uy\\\/index.php\\\/2021\\\/12\\\/19\\\/un-merecido-reconocimiento\\\/#organizationLogo\"}},{\"@type\":\"Person\",\"@id\":\"https:\\\/\\\/www.ejercito.mil.uy\\\/index.php\\\/author\\\/acastro\\\/#author\",\"url\":\"https:\\\/\\\/www.ejercito.mil.uy\\\/index.php\\\/author\\\/acastro\\\/\",\"name\":\"Alejandro Castro\",\"image\":{\"@type\":\"ImageObject\",\"@id\":\"https:\\\/\\\/www.ejercito.mil.uy\\\/index.php\\\/2021\\\/12\\\/19\\\/un-merecido-reconocimiento\\\/#authorImage\",\"url\":\"https:\\\/\\\/secure.gravatar.com\\\/avatar\\\/89bb77d4bf696501dd94ca89e6794e1787eaffba7c7197528d249e15bd099f68?s=96&d=mm&r=g\",\"width\":96,\"height\":96,\"caption\":\"Alejandro Castro\"}},{\"@type\":\"WebPage\",\"@id\":\"https:\\\/\\\/www.ejercito.mil.uy\\\/index.php\\\/2021\\\/12\\\/19\\\/un-merecido-reconocimiento\\\/#webpage\",\"url\":\"https:\\\/\\\/www.ejercito.mil.uy\\\/index.php\\\/2021\\\/12\\\/19\\\/un-merecido-reconocimiento\\\/\",\"name\":\"Un merecido reconocimiento - Ej\\u00e9rcito Nacional\",\"description\":\"19.12.2021 - Cerro Largo Con la presencia de la Directora de Dptal. de Salud de Cerro Largo, Dra. Mariela Anch\\u00e9n, autoridades militares y los vacunadores del Centro Tisiol\\u00f3gico, se realiz\\u00f3 un reconocimiento a la labor del Cabo 1\\u00aa (Enf.) Oscar Alfaro de la Brigada de Caballer\\u00eda N\\u00ba 2, quien se desempe\\u00f1\\u00f3 como vacunador del Centro.\",\"inLanguage\":\"es-UY\",\"isPartOf\":{\"@id\":\"https:\\\/\\\/www.ejercito.mil.uy\\\/#website\"},\"breadcrumb\":{\"@id\":\"https:\\\/\\\/www.ejercito.mil.uy\\\/index.php\\\/2021\\\/12\\\/19\\\/un-merecido-reconocimiento\\\/#breadcrumblist\"},\"author\":{\"@id\":\"https:\\\/\\\/www.ejercito.mil.uy\\\/index.php\\\/author\\\/acastro\\\/#author\"},\"creator\":{\"@id\":\"https:\\\/\\\/www.ejercito.mil.uy\\\/index.php\\\/author\\\/acastro\\\/#author\"},\"image\":{\"@type\":\"ImageObject\",\"url\":\"https:\\\/\\\/www.ejercito.mil.uy\\\/wp-content\\\/uploads\\\/2021\\\/12\\\/Vacuna_2021-6.jpg\",\"@id\":\"https:\\\/\\\/www.ejercito.mil.uy\\\/index.php\\\/2021\\\/12\\\/19\\\/un-merecido-reconocimiento\\\/#mainImage\",\"width\":1200,\"height\":800,\"caption\":\"Vacuna_2021\"},\"primaryImageOfPage\":{\"@id\":\"https:\\\/\\\/www.ejercito.mil.uy\\\/index.php\\\/2021\\\/12\\\/19\\\/un-merecido-reconocimiento\\\/#mainImage\"},\"datePublished\":\"2021-12-19T11:00:41-03:00\",\"dateModified\":\"2021-12-21T11:20:48-03:00\"},{\"@type\":\"WebSite\",\"@id\":\"https:\\\/\\\/www.ejercito.mil.uy\\\/#website\",\"url\":\"https:\\\/\\\/www.ejercito.mil.uy\\\/\",\"name\":\"Ej\\u00e9rcito Nacional\",\"description\":\"La Fuerza de todos\",\"inLanguage\":\"es-UY\",\"publisher\":{\"@id\":\"https:\\\/\\\/www.ejercito.mil.uy\\\/#organization\"}}]}\n\t\t<\/script>\n\t\t<!-- All in One SEO -->\n\n","aioseo_head_json":{"title":"Un merecido reconocimiento - Ej\u00e9rcito Nacional","description":"19.12.2021 - Cerro Largo Con la presencia de la Directora de Dptal. de Salud de Cerro Largo, Dra. Mariela Anch\u00e9n, autoridades militares y los vacunadores del Centro Tisiol\u00f3gico, se realiz\u00f3 un reconocimiento a la labor del Cabo 1\u00aa (Enf.) Oscar Alfaro de la Brigada de Caballer\u00eda N\u00ba 2, quien se desempe\u00f1\u00f3 como vacunador del Centro.","canonical_url":"https:\/\/www.ejercito.mil.uy\/index.php\/2021\/12\/19\/un-merecido-reconocimiento\/","robots":"max-image-preview:large","keywords":"","webmasterTools":{"miscellaneous":""},"schema":{"@context":"https:\/\/schema.org","@graph":[{"@type":"BlogPosting","@id":"https:\/\/www.ejercito.mil.uy\/index.php\/2021\/12\/19\/un-merecido-reconocimiento\/#blogposting","name":"Un merecido reconocimiento - Ej\u00e9rcito Nacional","headline":"Un merecido reconocimiento","author":{"@id":"https:\/\/www.ejercito.mil.uy\/index.php\/author\/acastro\/#author"},"publisher":{"@id":"https:\/\/www.ejercito.mil.uy\/#organization"},"image":{"@type":"ImageObject","url":"https:\/\/www.ejercito.mil.uy\/wp-content\/uploads\/2021\/12\/Vacuna_2021-6.jpg","width":1200,"height":800,"caption":"Vacuna_2021"},"datePublished":"2021-12-19T11:00:41-03:00","dateModified":"2021-12-21T11:20:48-03:00","inLanguage":"es-UY","mainEntityOfPage":{"@id":"https:\/\/www.ejercito.mil.uy\/index.php\/2021\/12\/19\/un-merecido-reconocimiento\/#webpage"},"isPartOf":{"@id":"https:\/\/www.ejercito.mil.uy\/index.php\/2021\/12\/19\/un-merecido-reconocimiento\/#webpage"},"articleSection":"Blog, Noticias, apoyo, bienestar, comunidad, covid, sociedad, vacunacion"},{"@type":"BreadcrumbList","@id":"https:\/\/www.ejercito.mil.uy\/index.php\/2021\/12\/19\/un-merecido-reconocimiento\/#breadcrumblist","itemListElement":[{"@type":"ListItem","@id":"https:\/\/www.ejercito.mil.uy#listItem","position":1,"name":"Home","item":"https:\/\/www.ejercito.mil.uy","nextItem":{"@type":"ListItem","@id":"https:\/\/www.ejercito.mil.uy\/index.php\/category\/destacados\/#listItem","name":"Destacados"}},{"@type":"ListItem","@id":"https:\/\/www.ejercito.mil.uy\/index.php\/category\/destacados\/#listItem","position":2,"name":"Destacados","item":"https:\/\/www.ejercito.mil.uy\/index.php\/category\/destacados\/","nextItem":{"@type":"ListItem","@id":"https:\/\/www.ejercito.mil.uy\/index.php\/category\/destacados\/noticias\/#listItem","name":"Noticias"},"previousItem":{"@type":"ListItem","@id":"https:\/\/www.ejercito.mil.uy#listItem","name":"Home"}},{"@type":"ListItem","@id":"https:\/\/www.ejercito.mil.uy\/index.php\/category\/destacados\/noticias\/#listItem","position":3,"name":"Noticias","item":"https:\/\/www.ejercito.mil.uy\/index.php\/category\/destacados\/noticias\/","nextItem":{"@type":"ListItem","@id":"https:\/\/www.ejercito.mil.uy\/index.php\/2021\/12\/19\/un-merecido-reconocimiento\/#listItem","name":"Un merecido reconocimiento"},"previousItem":{"@type":"ListItem","@id":"https:\/\/www.ejercito.mil.uy\/index.php\/category\/destacados\/#listItem","name":"Destacados"}},{"@type":"ListItem","@id":"https:\/\/www.ejercito.mil.uy\/index.php\/2021\/12\/19\/un-merecido-reconocimiento\/#listItem","position":4,"name":"Un merecido reconocimiento","previousItem":{"@type":"ListItem","@id":"https:\/\/www.ejercito.mil.uy\/index.php\/category\/destacados\/noticias\/#listItem","name":"Noticias"}}]},{"@type":"Organization","@id":"https:\/\/www.ejercito.mil.uy\/#organization","name":"Ej\u00e9rcito Nacional","description":"La Fuerza de todos","url":"https:\/\/www.ejercito.mil.uy\/","logo":{"@type":"ImageObject","url":"https:\/\/www.ejercito.mil.uy\/wp-content\/uploads\/2022\/01\/Escudo_EN_URUGUAY.png","@id":"https:\/\/www.ejercito.mil.uy\/index.php\/2021\/12\/19\/un-merecido-reconocimiento\/#organizationLogo","width":134,"height":119},"image":{"@id":"https:\/\/www.ejercito.mil.uy\/index.php\/2021\/12\/19\/un-merecido-reconocimiento\/#organizationLogo"}},{"@type":"Person","@id":"https:\/\/www.ejercito.mil.uy\/index.php\/author\/acastro\/#author","url":"https:\/\/www.ejercito.mil.uy\/index.php\/author\/acastro\/","name":"Alejandro Castro","image":{"@type":"ImageObject","@id":"https:\/\/www.ejercito.mil.uy\/index.php\/2021\/12\/19\/un-merecido-reconocimiento\/#authorImage","url":"https:\/\/secure.gravatar.com\/avatar\/89bb77d4bf696501dd94ca89e6794e1787eaffba7c7197528d249e15bd099f68?s=96&d=mm&r=g","width":96,"height":96,"caption":"Alejandro Castro"}},{"@type":"WebPage","@id":"https:\/\/www.ejercito.mil.uy\/index.php\/2021\/12\/19\/un-merecido-reconocimiento\/#webpage","url":"https:\/\/www.ejercito.mil.uy\/index.php\/2021\/12\/19\/un-merecido-reconocimiento\/","name":"Un merecido reconocimiento - Ej\u00e9rcito Nacional","description":"19.12.2021 - Cerro Largo Con la presencia de la Directora de Dptal. de Salud de Cerro Largo, Dra. Mariela Anch\u00e9n, autoridades militares y los vacunadores del Centro Tisiol\u00f3gico, se realiz\u00f3 un reconocimiento a la labor del Cabo 1\u00aa (Enf.) Oscar Alfaro de la Brigada de Caballer\u00eda N\u00ba 2, quien se desempe\u00f1\u00f3 como vacunador del Centro.","inLanguage":"es-UY","isPartOf":{"@id":"https:\/\/www.ejercito.mil.uy\/#website"},"breadcrumb":{"@id":"https:\/\/www.ejercito.mil.uy\/index.php\/2021\/12\/19\/un-merecido-reconocimiento\/#breadcrumblist"},"author":{"@id":"https:\/\/www.ejercito.mil.uy\/index.php\/author\/acastro\/#author"},"creator":{"@id":"https:\/\/www.ejercito.mil.uy\/index.php\/author\/acastro\/#author"},"image":{"@type":"ImageObject","url":"https:\/\/www.ejercito.mil.uy\/wp-content\/uploads\/2021\/12\/Vacuna_2021-6.jpg","@id":"https:\/\/www.ejercito.mil.uy\/index.php\/2021\/12\/19\/un-merecido-reconocimiento\/#mainImage","width":1200,"height":800,"caption":"Vacuna_2021"},"primaryImageOfPage":{"@id":"https:\/\/www.ejercito.mil.uy\/index.php\/2021\/12\/19\/un-merecido-reconocimiento\/#mainImage"},"datePublished":"2021-12-19T11:00:41-03:00","dateModified":"2021-12-21T11:20:48-03:00"},{"@type":"WebSite","@id":"https:\/\/www.ejercito.mil.uy\/#website","url":"https:\/\/www.ejercito.mil.uy\/","name":"Ej\u00e9rcito Nacional","description":"La Fuerza de todos","inLanguage":"es-UY","publisher":{"@id":"https:\/\/www.ejercito.mil.uy\/#organization"}}]},"og:locale":"es_ES","og:site_name":"Ej\u00e9rcito Nacional - La Fuerza de todos","og:type":"article","og:title":"Un merecido reconocimiento - Ej\u00e9rcito Nacional","og:description":"19.12.2021 - Cerro Largo Con la presencia de la Directora de Dptal. de Salud de Cerro Largo, Dra. Mariela Anch\u00e9n, autoridades militares y los vacunadores del Centro Tisiol\u00f3gico, se realiz\u00f3 un reconocimiento a la labor del Cabo 1\u00aa (Enf.) Oscar Alfaro de la Brigada de Caballer\u00eda N\u00ba 2, quien se desempe\u00f1\u00f3 como vacunador del Centro.","og:url":"https:\/\/www.ejercito.mil.uy\/index.php\/2021\/12\/19\/un-merecido-reconocimiento\/","og:image":"https:\/\/www.ejercito.mil.uy\/wp-content\/uploads\/2022\/01\/Escudo_EN_URUGUAY.png","og:image:secure_url":"https:\/\/www.ejercito.mil.uy\/wp-content\/uploads\/2022\/01\/Escudo_EN_URUGUAY.png","og:image:width":134,"og:image:height":119,"article:published_time":"2021-12-19T14:00:41+00:00","article:modified_time":"2021-12-21T14:20:48+00:00","twitter:card":"summary_large_image","twitter:title":"Un merecido reconocimiento - Ej\u00e9rcito Nacional","twitter:description":"19.12.2021 - Cerro Largo Con la presencia de la Directora de Dptal. de Salud de Cerro Largo, Dra. Mariela Anch\u00e9n, autoridades militares y los vacunadores del Centro Tisiol\u00f3gico, se realiz\u00f3 un reconocimiento a la labor del Cabo 1\u00aa (Enf.) Oscar Alfaro de la Brigada de Caballer\u00eda N\u00ba 2, quien se desempe\u00f1\u00f3 como vacunador del Centro.","twitter:image":"https:\/\/www.ejercito.mil.uy\/wp-content\/uploads\/2022\/01\/Escudo_EN_URUGUAY.png"},"aioseo_meta_data":{"post_id":"9028","title":null,"description":null,"keywords":null,"keyphrases":null,"primary_term":null,"canonical_url":null,"og_title":null,"og_description":null,"og_object_type":"default","og_image_type":"default","og_image_url":null,"og_image_width":null,"og_image_height":null,"og_image_custom_url":null,"og_image_custom_fields":null,"og_video":null,"og_custom_url":null,"og_article_section":null,"og_article_tags":null,"twitter_use_og":false,"twitter_card":"default","twitter_image_type":"default","twitter_image_url":null,"twitter_image_custom_url":null,"twitter_image_custom_fields":null,"twitter_title":null,"twitter_description":null,"schema":{"blockGraphs":[],"customGraphs":[],"default":{"data":{"Article":[],"Course":[],"Dataset":[],"FAQPage":[],"Movie":[],"Person":[],"Product":[],"ProductReview":[],"Car":[],"Recipe":[],"Service":[],"SoftwareApplication":[],"WebPage":[]},"graphName":"","isEnabled":true},"graphs":[]},"schema_type":"default","schema_type_options":null,"pillar_content":false,"robots_default":true,"robots_noindex":false,"robots_noarchive":false,"robots_nosnippet":false,"robots_nofollow":false,"robots_noimageindex":false,"robots_noodp":false,"robots_notranslate":false,"robots_max_snippet":null,"robots_max_videopreview":null,"robots_max_imagepreview":"large","priority":null,"frequency":null,"local_seo":null,"breadcrumb_settings":null,"limit_modified_date":false,"ai":null,"created":"2025-08-30 02:31:35","updated":"2025-08-30 02:31:35","seo_analyzer_scan_date":null,"focus_keyword":null,"additional_keywords":null,"truseo_locale":null},"aioseo_breadcrumb":"<div class=\"aioseo-breadcrumbs\"><span class=\"aioseo-breadcrumb\">\n\t\t\t<a href=\"https:\/\/www.ejercito.mil.uy\" title=\"Home\">Home<\/a>\n\t\t<\/span><span class=\"aioseo-breadcrumb-separator\">&raquo;<\/span><span class=\"aioseo-breadcrumb\">\n\t\t\t<a href=\"https:\/\/www.ejercito.mil.uy\/index.php\/category\/destacados\/\" title=\"Destacados\">Destacados<\/a>\n\t\t<\/span><span class=\"aioseo-breadcrumb-separator\">&raquo;<\/span><span class=\"aioseo-breadcrumb\">\n\t\t\t<a href=\"https:\/\/www.ejercito.mil.uy\/index.php\/category\/destacados\/noticias\/\" title=\"Noticias\">Noticias<\/a>\n\t\t<\/span><span class=\"aioseo-breadcrumb-separator\">&raquo;<\/span><span class=\"aioseo-breadcrumb\">\n\t\t\tUn merecido reconocimiento\n\t\t<\/span><\/div>","aioseo_breadcrumb_json":[{"label":"Home","link":"https:\/\/www.ejercito.mil.uy"},{"label":"Destacados","link":"https:\/\/www.ejercito.mil.uy\/index.php\/category\/destacados\/"},{"label":"Noticias","link":"https:\/\/www.ejercito.mil.uy\/index.php\/category\/destacados\/noticias\/"},{"label":"Un merecido reconocimiento","link":"https:\/\/www.ejercito.mil.uy\/index.php\/2021\/12\/19\/un-merecido-reconocimiento\/"}],"_links":{"self":[{"href":"https:\/\/www.ejercito.mil.uy\/index.php\/wp-json\/wp\/v2\/posts\/9028","targetHints":{"allow":["GET"]}}],"collection":[{"href":"https:\/\/www.ejercito.mil.uy\/index.php\/wp-json\/wp\/v2\/posts"}],"about":[{"href":"https:\/\/www.ejercito.mil.uy\/index.php\/wp-json\/wp\/v2\/types\/post"}],"author":[{"embeddable":true,"href":"https:\/\/www.ejercito.mil.uy\/index.php\/wp-json\/wp\/v2\/users\/4"}],"replies":[{"embeddable":true,"href":"https:\/\/www.ejercito.mil.uy\/index.php\/wp-json\/wp\/v2\/comments?post=9028"}],"version-history":[{"count":2,"href":"https:\/\/www.ejercito.mil.uy\/index.php\/wp-json\/wp\/v2\/posts\/9028\/revisions"}],"predecessor-version":[{"id":9035,"href":"https:\/\/www.ejercito.mil.uy\/index.php\/wp-json\/wp\/v2\/posts\/9028\/revisions\/9035"}],"wp:featuredmedia":[{"embeddable":true,"href":"https:\/\/www.ejercito.mil.uy\/index.php\/wp-json\/wp\/v2\/media\/9034"}],"wp:attachment":[{"href":"https:\/\/www.ejercito.mil.uy\/index.php\/wp-json\/wp\/v2\/media?parent=9028"}],"wp:term":[{"taxonomy":"category","embeddable":true,"href":"https:\/\/www.ejercito.mil.uy\/index.php\/wp-json\/wp\/v2\/categories?post=9028"},{"taxonomy":"post_tag","embeddable":true,"href":"https:\/\/www.ejercito.mil.uy\/index.php\/wp-json\/wp\/v2\/tags?post=9028"}],"curies":[{"name":"wp","href":"https:\/\/api.w.org\/{rel}","templated":true}]}}