{"id":9041,"date":"2021-12-16T11:44:01","date_gmt":"2021-12-16T14:44:01","guid":{"rendered":"https:\/\/www.ejercito.mil.uy\/?p=9041"},"modified":"2021-12-21T11:50:00","modified_gmt":"2021-12-21T14:50:00","slug":"24a-recreacion-de-la-redota","status":"publish","type":"post","link":"https:\/\/www.ejercito.mil.uy\/index.php\/2021\/12\/16\/24a-recreacion-de-la-redota\/","title":{"rendered":"24\u00aa \u201cRecreaci\u00f3n de la Redota\u201d"},"content":{"rendered":"\n<p style=\"font-size:14px\">16.12.2021 &#8211; Salto<\/p>\n\n\n\n<div style=\"height:33px\" aria-hidden=\"true\" class=\"wp-block-spacer\"><\/div>\n\n\n\n<p>El 11 de diciembre, el <a href=\"https:\/\/www.facebook.com\/batallon7\/?__cft__[0]=AZV4AA0UuTxoWPZh6R5O2pxHWVjGXEh-USSmEYaOFDxyiA8pjCNCk_5cYmBHBG-d2FKMp9PDT9PU-2SDB7G1ikH4tJHqLg0o7x5KfEwQy1HqgvxzmrsIC49NuWkK_-T2O0dqC-yiso4cINry-Qghy6bz&amp;__tn__=kK-R\" target=\"_blank\" rel=\"noreferrer noopener\"><strong>Batall\u00f3n \u00abItuzaing\u00f3\u00bb de Infanter\u00eda N\u00b0 7<\/strong><\/a> particip\u00f3 de la <strong>24\u00aa \u201cRecreaci\u00f3n de la Redota\u201d<\/strong> organizada por la Asociaci\u00f3n Amigos del Patrimonio Hist\u00f3rico de Salto, actividad que se realiza en forma ininterrumpida desde el a\u00f1o 1997.<\/p>\n\n\n\n<div style=\"height:33px\" aria-hidden=\"true\" class=\"wp-block-spacer\"><\/div>\n\n\n\n<p>En la oportunidad, la Unidad hizo el izado y arriado de Pabellones en la Plaza Artigas, as\u00ed como el izado de los Pabellones de Uruguay y Argentina en los m\u00e1stiles del monumento a la Redota \u201cEran miles\u201d, ubicado en la Barra del Arroyo San Antonio.<\/p>\n\n\n\n<div style=\"height:33px\" aria-hidden=\"true\" class=\"wp-block-spacer\"><\/div>\n\n\n\n<div aria-label=\"Carousel Gallery\" class=\"wp-block-coblocks-gallery-carousel coblocks-animate\" data-coblocks-animation=\"clipHorizontal\"><div class=\"is-cropped coblocks-gallery has-no-alignment has-caption-style-dark has-horizontal-gutter has-lightbox\"><div class=\"has-carousel has-carousel-lrg\" style=\"height:400px\" data-flickity=\"{&quot;autoPlay&quot;:4000,&quot;draggable&quot;:true,&quot;pageDots&quot;:false,&quot;prevNextButtons&quot;:true,&quot;wrapAround&quot;:true,&quot;cellAlign&quot;:&quot;center&quot;,&quot;pauseAutoPlayOnHover&quot;:false,&quot;freeScroll&quot;:true,&quot;arrowShape&quot;:{&quot;x0&quot;:10,&quot;x1&quot;:60,&quot;y1&quot;:50,&quot;x2&quot;:65,&quot;y2&quot;:45,&quot;x3&quot;:20},&quot;thumbnails&quot;:false,&quot;responsiveHeight&quot;:false}\"><div class=\"coblocks-gallery--item\"><figure class=\"coblocks-gallery--figure has-margin-left-10 has-margin-left-mobile-5 has-margin-right-10 has-margin-right-mobile-5\"><img fetchpriority=\"high\" decoding=\"async\" width=\"1024\" height=\"683\" src=\"https:\/\/www.ejercito.mil.uy\/wp-content\/uploads\/2021\/12\/Redota-1-1024x683.jpg\" alt=\"\" data-id=\"9043\" data-link=\"https:\/\/www.ejercito.mil.uy\/?attachment_id=9043\" class=\"wp-image-9043\" srcset=\"https:\/\/www.ejercito.mil.uy\/wp-content\/uploads\/2021\/12\/Redota-1-1024x683.jpg 1024w, https:\/\/www.ejercito.mil.uy\/wp-content\/uploads\/2021\/12\/Redota-1-300x200.jpg 300w, https:\/\/www.ejercito.mil.uy\/wp-content\/uploads\/2021\/12\/Redota-1.jpg 1200w\" sizes=\"(max-width: 1024px) 100vw, 1024px\" \/><\/figure><\/div><div class=\"coblocks-gallery--item\"><figure class=\"coblocks-gallery--figure has-margin-left-10 has-margin-left-mobile-5 has-margin-right-10 has-margin-right-mobile-5\"><img decoding=\"async\" width=\"1024\" height=\"683\" src=\"https:\/\/www.ejercito.mil.uy\/wp-content\/uploads\/2021\/12\/Redota-2-1024x683.jpg\" alt=\"\" data-id=\"9044\" data-link=\"https:\/\/www.ejercito.mil.uy\/?attachment_id=9044\" class=\"wp-image-9044\" srcset=\"https:\/\/www.ejercito.mil.uy\/wp-content\/uploads\/2021\/12\/Redota-2-1024x683.jpg 1024w, https:\/\/www.ejercito.mil.uy\/wp-content\/uploads\/2021\/12\/Redota-2-300x200.jpg 300w, https:\/\/www.ejercito.mil.uy\/wp-content\/uploads\/2021\/12\/Redota-2.jpg 1200w\" sizes=\"(max-width: 1024px) 100vw, 1024px\" \/><\/figure><\/div><div class=\"coblocks-gallery--item\"><figure class=\"coblocks-gallery--figure has-margin-left-10 has-margin-left-mobile-5 has-margin-right-10 has-margin-right-mobile-5\"><img decoding=\"async\" width=\"1024\" height=\"683\" src=\"https:\/\/www.ejercito.mil.uy\/wp-content\/uploads\/2021\/12\/Redota-4-1024x683.jpg\" alt=\"\" data-id=\"9045\" data-link=\"https:\/\/www.ejercito.mil.uy\/?attachment_id=9045\" class=\"wp-image-9045\" srcset=\"https:\/\/www.ejercito.mil.uy\/wp-content\/uploads\/2021\/12\/Redota-4-1024x683.jpg 1024w, https:\/\/www.ejercito.mil.uy\/wp-content\/uploads\/2021\/12\/Redota-4-300x200.jpg 300w, https:\/\/www.ejercito.mil.uy\/wp-content\/uploads\/2021\/12\/Redota-4.jpg 1200w\" sizes=\"(max-width: 1024px) 100vw, 1024px\" \/><\/figure><\/div><\/div><\/div><\/div>\n\n\n\n<div style=\"height:77px\" aria-hidden=\"true\" class=\"wp-block-spacer\"><\/div>\n\n\n\n<p><\/p>\n","protected":false},"excerpt":{"rendered":"<p>16.12.2021 &#8211; El 11 de diciembre, el Batall\u00f3n \u00abItuzaing\u00f3\u00bb de Infanter\u00eda N\u00b0 7 particip\u00f3 de la 24\u00aa \u201cRecreaci\u00f3n de la Redota\u201d organizada por la Asociaci\u00f3n Amigos del Patrimonio Hist\u00f3rico de Salto, actividad que se realiza en forma ininterrumpida desde el a\u00f1o 1997.<\/p>\n","protected":false},"author":4,"featured_media":9046,"comment_status":"open","ping_status":"open","sticky":false,"template":"","format":"standard","meta":{"_coblocks_attr":"","_coblocks_dimensions":"","_coblocks_responsive_height":"","_coblocks_accordion_ie_support":"","_monsterinsights_skip_tracking":false,"_monsterinsights_sitenote_active":false,"_monsterinsights_sitenote_note":"","_monsterinsights_sitenote_category":0,"_uf_show_specific_survey":0,"_uf_disable_surveys":false,"footnotes":""},"categories":[2,14],"tags":[44,41,71],"class_list":["post-9041","post","type-post","status-publish","format-standard","has-post-thumbnail","hentry","category-blog","category-noticias","tag-ceremonia","tag-historia","tag-infanteria"],"aioseo_notices":[],"_links":{"self":[{"href":"https:\/\/www.ejercito.mil.uy\/index.php\/wp-json\/wp\/v2\/posts\/9041","targetHints":{"allow":["GET"]}}],"collection":[{"href":"https:\/\/www.ejercito.mil.uy\/index.php\/wp-json\/wp\/v2\/posts"}],"about":[{"href":"https:\/\/www.ejercito.mil.uy\/index.php\/wp-json\/wp\/v2\/types\/post"}],"author":[{"embeddable":true,"href":"https:\/\/www.ejercito.mil.uy\/index.php\/wp-json\/wp\/v2\/users\/4"}],"replies":[{"embeddable":true,"href":"https:\/\/www.ejercito.mil.uy\/index.php\/wp-json\/wp\/v2\/comments?post=9041"}],"version-history":[{"count":2,"href":"https:\/\/www.ejercito.mil.uy\/index.php\/wp-json\/wp\/v2\/posts\/9041\/revisions"}],"predecessor-version":[{"id":9047,"href":"https:\/\/www.ejercito.mil.uy\/index.php\/wp-json\/wp\/v2\/posts\/9041\/revisions\/9047"}],"wp:featuredmedia":[{"embeddable":true,"href":"https:\/\/www.ejercito.mil.uy\/index.php\/wp-json\/wp\/v2\/media\/9046"}],"wp:attachment":[{"href":"https:\/\/www.ejercito.mil.uy\/index.php\/wp-json\/wp\/v2\/media?parent=9041"}],"wp:term":[{"taxonomy":"category","embeddable":true,"href":"https:\/\/www.ejercito.mil.uy\/index.php\/wp-json\/wp\/v2\/categories?post=9041"},{"taxonomy":"post_tag","embeddable":true,"href":"https:\/\/www.ejercito.mil.uy\/index.php\/wp-json\/wp\/v2\/tags?post=9041"}],"curies":[{"name":"wp","href":"https:\/\/api.w.org\/{rel}","templated":true}]}}