{"id":9062,"date":"2021-12-21T14:14:15","date_gmt":"2021-12-21T17:14:15","guid":{"rendered":"https:\/\/www.ejercito.mil.uy\/?p=9062"},"modified":"2021-12-22T09:20:33","modified_gmt":"2021-12-22T12:20:33","slug":"jornada-sobre-manejo-del-paciente-politraumatizado","status":"publish","type":"post","link":"https:\/\/www.ejercito.mil.uy\/index.php\/2021\/12\/21\/jornada-sobre-manejo-del-paciente-politraumatizado\/","title":{"rendered":"Jornada sobre \u201cManejo del paciente Politraumatizado\u201d"},"content":{"rendered":"\n<p class=\"wp-block-paragraph\" style=\"font-size:14px\">21.12.2021 &#8211; Santa Clara de Olimar,&nbsp;Treinta y Tres<\/p>\n\n\n\n<div style=\"height:24px\" aria-hidden=\"true\" class=\"wp-block-spacer\"><\/div>\n\n\n\n<p class=\"wp-block-paragraph\">El personal de Enfermer\u00eda del <a href=\"https:\/\/www.facebook.com\/Regimiento-Dragones-Libertadores-de-Caballer%C3%ADa-Mecanizado-N%C2%BA-9-297948753976687\/?__cft__[0]=AZUDgpvAo71rMnIfUiKz7Tzun0CkXYR4wAaufJcuf8W3p9oq4BEgFUJ2deEfdDyI3d8JAyYvVA77xClwO1L7VGqkGutBqCY9fbItL3Zbgml_rb2ZmNHEz7XL7U_I7eRRqT-B0XeSi6Mp13Yd73k51KWu&amp;__tn__=kK-R\" target=\"_blank\" rel=\"noreferrer noopener\"><strong>Regimiento \u00abDragones Libertadores\u00bb de Caballer\u00eda Mecanizado N\u00ba 9<\/strong><\/a> particip\u00f3 de una jornada sobre \u201cManejo del paciente Politraumatizado\u201d, que se desarroll\u00f3 en el Centro Auxiliar de Santa Clara de Olimar.<\/p>\n\n\n\n<div style=\"height:33px\" aria-hidden=\"true\" class=\"wp-block-spacer\"><\/div>\n\n\n\n<div class=\"wp-block-coblocks-gallery-stacked alignfull\"><ul class=\"coblocks-gallery has-fullwidth-images\"><li class=\"coblocks-gallery--item\"><figure class=\"coblocks-gallery--figure\"><img loading=\"lazy\" decoding=\"async\" width=\"1024\" height=\"683\" src=\"https:\/\/www.ejercito.mil.uy\/wp-content\/uploads\/2021\/12\/Socorrismo-1024x683.jpg\" alt=\"\" data-id=\"9065\" data-imglink=\"\" class=\"wp-image-9065 has-shadow-none\" srcset=\"https:\/\/www.ejercito.mil.uy\/wp-content\/uploads\/2021\/12\/Socorrismo-1024x683.jpg 1024w, https:\/\/www.ejercito.mil.uy\/wp-content\/uploads\/2021\/12\/Socorrismo-300x200.jpg 300w, https:\/\/www.ejercito.mil.uy\/wp-content\/uploads\/2021\/12\/Socorrismo.jpg 1200w\" sizes=\"auto, (max-width: 1024px) 100vw, 1024px\" \/><\/figure><\/li><li class=\"coblocks-gallery--item\"><figure class=\"coblocks-gallery--figure\"><img loading=\"lazy\" decoding=\"async\" width=\"1024\" height=\"683\" src=\"https:\/\/www.ejercito.mil.uy\/wp-content\/uploads\/2021\/12\/Enfermeria-2-1024x683.jpg\" alt=\"\" data-id=\"9066\" data-imglink=\"\" data-link=\"https:\/\/www.ejercito.mil.uy\/?attachment_id=9066\" class=\"wp-image-9066 has-shadow-none\" srcset=\"https:\/\/www.ejercito.mil.uy\/wp-content\/uploads\/2021\/12\/Enfermeria-2-1024x683.jpg 1024w, https:\/\/www.ejercito.mil.uy\/wp-content\/uploads\/2021\/12\/Enfermeria-2-300x200.jpg 300w, https:\/\/www.ejercito.mil.uy\/wp-content\/uploads\/2021\/12\/Enfermeria-2.jpg 1200w\" sizes=\"auto, (max-width: 1024px) 100vw, 1024px\" \/><\/figure><\/li><\/ul><\/div>\n\n\n\n<div style=\"height:99px\" aria-hidden=\"true\" class=\"wp-block-spacer\"><\/div>\n\n\n\n<p class=\"wp-block-paragraph\"><\/p>\n","protected":false},"excerpt":{"rendered":"<p>21.12.2021 &#8211; El personal de Enfermer\u00eda del Regimiento \u00abDragones Libertadores\u00bb de Caballer\u00eda Mecanizado N\u00ba 9 particip\u00f3 de una jornada sobre \u201cManejo del paciente Politraumatizado\u201d, que se desarroll\u00f3 en el Centro Auxiliar de Santa Clara de Olimar.<\/p>\n","protected":false},"author":4,"featured_media":9064,"comment_status":"closed","ping_status":"open","sticky":false,"template":"","format":"standard","meta":{"_coblocks_attr":"","_coblocks_dimensions":"","_coblocks_responsive_height":"","_coblocks_accordion_ie_support":"","_monsterinsights_skip_tracking":false,"_uf_show_specific_survey":0,"_uf_disable_surveys":false,"footnotes":""},"categories":[2,14],"tags":[27,32,29,37],"class_list":["post-9062","post","type-post","status-publish","format-standard","has-post-thumbnail","hentry","category-blog","category-noticias","tag-apoyo","tag-bienestar","tag-comunidad","tag-sociedad"],"aioseo_notices":[],"aioseo_head":"\n\t\t<!-- All in One SEO 5.0.1.1 - aioseo.com -->\n\t<meta name=\"description\" content=\"21.12.2021 - El personal de Enfermer\u00eda del Regimiento &quot;Dragones Libertadores&quot; de Caballer\u00eda Mecanizado N\u00ba 9 particip\u00f3 de una jornada sobre \u201cManejo del paciente Politraumatizado\u201d, que se desarroll\u00f3 en el Centro Auxiliar de Santa Clara de Olimar.\" \/>\n\t<meta name=\"robots\" content=\"max-image-preview:large\" \/>\n\t<meta name=\"author\" content=\"Alejandro Castro\"\/>\n\t<link rel=\"canonical\" href=\"https:\/\/www.ejercito.mil.uy\/index.php\/2021\/12\/21\/jornada-sobre-manejo-del-paciente-politraumatizado\/\" \/>\n\t<meta name=\"generator\" content=\"All in One SEO (AIOSEO) 5.0.1.1\" \/>\n\t\t<meta property=\"og:locale\" content=\"es_ES\" \/>\n\t\t<meta property=\"og:site_name\" content=\"Ej\u00e9rcito Nacional - La Fuerza de todos\" \/>\n\t\t<meta property=\"og:type\" content=\"article\" \/>\n\t\t<meta property=\"og:title\" content=\"Jornada sobre \u201cManejo del paciente Politraumatizado\u201d - Ej\u00e9rcito Nacional\" \/>\n\t\t<meta property=\"og:description\" content=\"21.12.2021 - El personal de Enfermer\u00eda del Regimiento &quot;Dragones Libertadores&quot; de Caballer\u00eda Mecanizado N\u00ba 9 particip\u00f3 de una jornada sobre \u201cManejo del paciente Politraumatizado\u201d, que se desarroll\u00f3 en el Centro Auxiliar de Santa Clara de Olimar.\" \/>\n\t\t<meta property=\"og:url\" content=\"https:\/\/www.ejercito.mil.uy\/index.php\/2021\/12\/21\/jornada-sobre-manejo-del-paciente-politraumatizado\/\" \/>\n\t\t<meta property=\"og:image\" content=\"https:\/\/www.ejercito.mil.uy\/wp-content\/uploads\/2022\/01\/Escudo_EN_URUGUAY.png\" \/>\n\t\t<meta property=\"og:image:secure_url\" content=\"https:\/\/www.ejercito.mil.uy\/wp-content\/uploads\/2022\/01\/Escudo_EN_URUGUAY.png\" \/>\n\t\t<meta property=\"og:image:width\" content=\"134\" \/>\n\t\t<meta property=\"og:image:height\" content=\"119\" \/>\n\t\t<meta property=\"article:published_time\" content=\"2021-12-21T17:14:15+00:00\" \/>\n\t\t<meta property=\"article:modified_time\" content=\"2021-12-22T12:20:33+00:00\" \/>\n\t\t<meta name=\"twitter:card\" content=\"summary_large_image\" \/>\n\t\t<meta name=\"twitter:title\" content=\"Jornada sobre \u201cManejo del paciente Politraumatizado\u201d - Ej\u00e9rcito Nacional\" \/>\n\t\t<meta name=\"twitter:description\" content=\"21.12.2021 - El personal de Enfermer\u00eda del Regimiento &quot;Dragones Libertadores&quot; de Caballer\u00eda Mecanizado N\u00ba 9 particip\u00f3 de una jornada sobre \u201cManejo del paciente Politraumatizado\u201d, que se desarroll\u00f3 en el Centro Auxiliar de Santa Clara de Olimar.\" \/>\n\t\t<meta name=\"twitter:image\" content=\"https:\/\/www.ejercito.mil.uy\/wp-content\/uploads\/2022\/01\/Escudo_EN_URUGUAY.png\" \/>\n\t\t<script type=\"application\/ld+json\" class=\"aioseo-schema\">\n\t\t\t{\"@context\":\"https:\\\/\\\/schema.org\",\"@graph\":[{\"@type\":\"BlogPosting\",\"@id\":\"https:\\\/\\\/www.ejercito.mil.uy\\\/index.php\\\/2021\\\/12\\\/21\\\/jornada-sobre-manejo-del-paciente-politraumatizado\\\/#blogposting\",\"name\":\"Jornada sobre \\u201cManejo del paciente Politraumatizado\\u201d - Ej\\u00e9rcito Nacional\",\"headline\":\"Jornada sobre \\u201cManejo del paciente Politraumatizado\\u201d\",\"author\":{\"@id\":\"https:\\\/\\\/www.ejercito.mil.uy\\\/index.php\\\/author\\\/acastro\\\/#author\"},\"publisher\":{\"@id\":\"https:\\\/\\\/www.ejercito.mil.uy\\\/#organization\"},\"image\":{\"@type\":\"ImageObject\",\"url\":\"https:\\\/\\\/www.ejercito.mil.uy\\\/wp-content\\\/uploads\\\/2021\\\/12\\\/Enfermeria-1.jpg\",\"width\":1200,\"height\":800,\"caption\":\"Enfermer\\u00eda\"},\"datePublished\":\"2021-12-21T14:14:15-03:00\",\"dateModified\":\"2021-12-22T09:20:33-03:00\",\"inLanguage\":\"es-UY\",\"mainEntityOfPage\":{\"@id\":\"https:\\\/\\\/www.ejercito.mil.uy\\\/index.php\\\/2021\\\/12\\\/21\\\/jornada-sobre-manejo-del-paciente-politraumatizado\\\/#webpage\"},\"isPartOf\":{\"@id\":\"https:\\\/\\\/www.ejercito.mil.uy\\\/index.php\\\/2021\\\/12\\\/21\\\/jornada-sobre-manejo-del-paciente-politraumatizado\\\/#webpage\"},\"articleSection\":\"Blog, Noticias, apoyo, bienestar, comunidad, sociedad\"},{\"@type\":\"BreadcrumbList\",\"@id\":\"https:\\\/\\\/www.ejercito.mil.uy\\\/index.php\\\/2021\\\/12\\\/21\\\/jornada-sobre-manejo-del-paciente-politraumatizado\\\/#breadcrumblist\",\"itemListElement\":[{\"@type\":\"ListItem\",\"@id\":\"https:\\\/\\\/www.ejercito.mil.uy#listItem\",\"position\":1,\"name\":\"Home\",\"item\":\"https:\\\/\\\/www.ejercito.mil.uy\",\"nextItem\":{\"@type\":\"ListItem\",\"@id\":\"https:\\\/\\\/www.ejercito.mil.uy\\\/index.php\\\/category\\\/destacados\\\/#listItem\",\"name\":\"Destacados\"}},{\"@type\":\"ListItem\",\"@id\":\"https:\\\/\\\/www.ejercito.mil.uy\\\/index.php\\\/category\\\/destacados\\\/#listItem\",\"position\":2,\"name\":\"Destacados\",\"item\":\"https:\\\/\\\/www.ejercito.mil.uy\\\/index.php\\\/category\\\/destacados\\\/\",\"nextItem\":{\"@type\":\"ListItem\",\"@id\":\"https:\\\/\\\/www.ejercito.mil.uy\\\/index.php\\\/category\\\/destacados\\\/noticias\\\/#listItem\",\"name\":\"Noticias\"},\"previousItem\":{\"@type\":\"ListItem\",\"@id\":\"https:\\\/\\\/www.ejercito.mil.uy#listItem\",\"name\":\"Home\"}},{\"@type\":\"ListItem\",\"@id\":\"https:\\\/\\\/www.ejercito.mil.uy\\\/index.php\\\/category\\\/destacados\\\/noticias\\\/#listItem\",\"position\":3,\"name\":\"Noticias\",\"item\":\"https:\\\/\\\/www.ejercito.mil.uy\\\/index.php\\\/category\\\/destacados\\\/noticias\\\/\",\"nextItem\":{\"@type\":\"ListItem\",\"@id\":\"https:\\\/\\\/www.ejercito.mil.uy\\\/index.php\\\/2021\\\/12\\\/21\\\/jornada-sobre-manejo-del-paciente-politraumatizado\\\/#listItem\",\"name\":\"Jornada sobre \\u201cManejo del paciente Politraumatizado\\u201d\"},\"previousItem\":{\"@type\":\"ListItem\",\"@id\":\"https:\\\/\\\/www.ejercito.mil.uy\\\/index.php\\\/category\\\/destacados\\\/#listItem\",\"name\":\"Destacados\"}},{\"@type\":\"ListItem\",\"@id\":\"https:\\\/\\\/www.ejercito.mil.uy\\\/index.php\\\/2021\\\/12\\\/21\\\/jornada-sobre-manejo-del-paciente-politraumatizado\\\/#listItem\",\"position\":4,\"name\":\"Jornada sobre \\u201cManejo del paciente Politraumatizado\\u201d\",\"previousItem\":{\"@type\":\"ListItem\",\"@id\":\"https:\\\/\\\/www.ejercito.mil.uy\\\/index.php\\\/category\\\/destacados\\\/noticias\\\/#listItem\",\"name\":\"Noticias\"}}]},{\"@type\":\"Organization\",\"@id\":\"https:\\\/\\\/www.ejercito.mil.uy\\\/#organization\",\"name\":\"Ej\\u00e9rcito Nacional\",\"description\":\"La Fuerza de todos\",\"url\":\"https:\\\/\\\/www.ejercito.mil.uy\\\/\",\"logo\":{\"@type\":\"ImageObject\",\"url\":\"https:\\\/\\\/www.ejercito.mil.uy\\\/wp-content\\\/uploads\\\/2022\\\/01\\\/Escudo_EN_URUGUAY.png\",\"@id\":\"https:\\\/\\\/www.ejercito.mil.uy\\\/index.php\\\/2021\\\/12\\\/21\\\/jornada-sobre-manejo-del-paciente-politraumatizado\\\/#organizationLogo\",\"width\":134,\"height\":119},\"image\":{\"@id\":\"https:\\\/\\\/www.ejercito.mil.uy\\\/index.php\\\/2021\\\/12\\\/21\\\/jornada-sobre-manejo-del-paciente-politraumatizado\\\/#organizationLogo\"}},{\"@type\":\"Person\",\"@id\":\"https:\\\/\\\/www.ejercito.mil.uy\\\/index.php\\\/author\\\/acastro\\\/#author\",\"url\":\"https:\\\/\\\/www.ejercito.mil.uy\\\/index.php\\\/author\\\/acastro\\\/\",\"name\":\"Alejandro Castro\",\"image\":{\"@type\":\"ImageObject\",\"@id\":\"https:\\\/\\\/www.ejercito.mil.uy\\\/index.php\\\/2021\\\/12\\\/21\\\/jornada-sobre-manejo-del-paciente-politraumatizado\\\/#authorImage\",\"url\":\"https:\\\/\\\/secure.gravatar.com\\\/avatar\\\/89bb77d4bf696501dd94ca89e6794e1787eaffba7c7197528d249e15bd099f68?s=96&d=mm&r=g\",\"width\":96,\"height\":96,\"caption\":\"Alejandro Castro\"}},{\"@type\":\"WebPage\",\"@id\":\"https:\\\/\\\/www.ejercito.mil.uy\\\/index.php\\\/2021\\\/12\\\/21\\\/jornada-sobre-manejo-del-paciente-politraumatizado\\\/#webpage\",\"url\":\"https:\\\/\\\/www.ejercito.mil.uy\\\/index.php\\\/2021\\\/12\\\/21\\\/jornada-sobre-manejo-del-paciente-politraumatizado\\\/\",\"name\":\"Jornada sobre \\u201cManejo del paciente Politraumatizado\\u201d - Ej\\u00e9rcito Nacional\",\"description\":\"21.12.2021 - El personal de Enfermer\\u00eda del Regimiento \\\"Dragones Libertadores\\\" de Caballer\\u00eda Mecanizado N\\u00ba 9 particip\\u00f3 de una jornada sobre \\u201cManejo del paciente Politraumatizado\\u201d, que se desarroll\\u00f3 en el Centro Auxiliar de Santa Clara de Olimar.\",\"inLanguage\":\"es-UY\",\"isPartOf\":{\"@id\":\"https:\\\/\\\/www.ejercito.mil.uy\\\/#website\"},\"breadcrumb\":{\"@id\":\"https:\\\/\\\/www.ejercito.mil.uy\\\/index.php\\\/2021\\\/12\\\/21\\\/jornada-sobre-manejo-del-paciente-politraumatizado\\\/#breadcrumblist\"},\"author\":{\"@id\":\"https:\\\/\\\/www.ejercito.mil.uy\\\/index.php\\\/author\\\/acastro\\\/#author\"},\"creator\":{\"@id\":\"https:\\\/\\\/www.ejercito.mil.uy\\\/index.php\\\/author\\\/acastro\\\/#author\"},\"image\":{\"@type\":\"ImageObject\",\"url\":\"https:\\\/\\\/www.ejercito.mil.uy\\\/wp-content\\\/uploads\\\/2021\\\/12\\\/Enfermeria-1.jpg\",\"@id\":\"https:\\\/\\\/www.ejercito.mil.uy\\\/index.php\\\/2021\\\/12\\\/21\\\/jornada-sobre-manejo-del-paciente-politraumatizado\\\/#mainImage\",\"width\":1200,\"height\":800,\"caption\":\"Enfermer\\u00eda\"},\"primaryImageOfPage\":{\"@id\":\"https:\\\/\\\/www.ejercito.mil.uy\\\/index.php\\\/2021\\\/12\\\/21\\\/jornada-sobre-manejo-del-paciente-politraumatizado\\\/#mainImage\"},\"datePublished\":\"2021-12-21T14:14:15-03:00\",\"dateModified\":\"2021-12-22T09:20:33-03:00\"},{\"@type\":\"WebSite\",\"@id\":\"https:\\\/\\\/www.ejercito.mil.uy\\\/#website\",\"url\":\"https:\\\/\\\/www.ejercito.mil.uy\\\/\",\"name\":\"Ej\\u00e9rcito Nacional\",\"description\":\"La Fuerza de todos\",\"inLanguage\":\"es-UY\",\"publisher\":{\"@id\":\"https:\\\/\\\/www.ejercito.mil.uy\\\/#organization\"}}]}\n\t\t<\/script>\n\t\t<!-- All in One SEO -->\n\n","aioseo_head_json":{"title":"Jornada sobre \u201cManejo del paciente Politraumatizado\u201d - Ej\u00e9rcito Nacional","description":"21.12.2021 - El personal de Enfermer\u00eda del Regimiento \"Dragones Libertadores\" de Caballer\u00eda Mecanizado N\u00ba 9 particip\u00f3 de una jornada sobre \u201cManejo del paciente Politraumatizado\u201d, que se desarroll\u00f3 en el Centro Auxiliar de Santa Clara de Olimar.","canonical_url":"https:\/\/www.ejercito.mil.uy\/index.php\/2021\/12\/21\/jornada-sobre-manejo-del-paciente-politraumatizado\/","robots":"max-image-preview:large","keywords":"","webmasterTools":{"miscellaneous":""},"schema":{"@context":"https:\/\/schema.org","@graph":[{"@type":"BlogPosting","@id":"https:\/\/www.ejercito.mil.uy\/index.php\/2021\/12\/21\/jornada-sobre-manejo-del-paciente-politraumatizado\/#blogposting","name":"Jornada sobre \u201cManejo del paciente Politraumatizado\u201d - Ej\u00e9rcito Nacional","headline":"Jornada sobre \u201cManejo del paciente Politraumatizado\u201d","author":{"@id":"https:\/\/www.ejercito.mil.uy\/index.php\/author\/acastro\/#author"},"publisher":{"@id":"https:\/\/www.ejercito.mil.uy\/#organization"},"image":{"@type":"ImageObject","url":"https:\/\/www.ejercito.mil.uy\/wp-content\/uploads\/2021\/12\/Enfermeria-1.jpg","width":1200,"height":800,"caption":"Enfermer\u00eda"},"datePublished":"2021-12-21T14:14:15-03:00","dateModified":"2021-12-22T09:20:33-03:00","inLanguage":"es-UY","mainEntityOfPage":{"@id":"https:\/\/www.ejercito.mil.uy\/index.php\/2021\/12\/21\/jornada-sobre-manejo-del-paciente-politraumatizado\/#webpage"},"isPartOf":{"@id":"https:\/\/www.ejercito.mil.uy\/index.php\/2021\/12\/21\/jornada-sobre-manejo-del-paciente-politraumatizado\/#webpage"},"articleSection":"Blog, Noticias, apoyo, bienestar, comunidad, sociedad"},{"@type":"BreadcrumbList","@id":"https:\/\/www.ejercito.mil.uy\/index.php\/2021\/12\/21\/jornada-sobre-manejo-del-paciente-politraumatizado\/#breadcrumblist","itemListElement":[{"@type":"ListItem","@id":"https:\/\/www.ejercito.mil.uy#listItem","position":1,"name":"Home","item":"https:\/\/www.ejercito.mil.uy","nextItem":{"@type":"ListItem","@id":"https:\/\/www.ejercito.mil.uy\/index.php\/category\/destacados\/#listItem","name":"Destacados"}},{"@type":"ListItem","@id":"https:\/\/www.ejercito.mil.uy\/index.php\/category\/destacados\/#listItem","position":2,"name":"Destacados","item":"https:\/\/www.ejercito.mil.uy\/index.php\/category\/destacados\/","nextItem":{"@type":"ListItem","@id":"https:\/\/www.ejercito.mil.uy\/index.php\/category\/destacados\/noticias\/#listItem","name":"Noticias"},"previousItem":{"@type":"ListItem","@id":"https:\/\/www.ejercito.mil.uy#listItem","name":"Home"}},{"@type":"ListItem","@id":"https:\/\/www.ejercito.mil.uy\/index.php\/category\/destacados\/noticias\/#listItem","position":3,"name":"Noticias","item":"https:\/\/www.ejercito.mil.uy\/index.php\/category\/destacados\/noticias\/","nextItem":{"@type":"ListItem","@id":"https:\/\/www.ejercito.mil.uy\/index.php\/2021\/12\/21\/jornada-sobre-manejo-del-paciente-politraumatizado\/#listItem","name":"Jornada sobre \u201cManejo del paciente Politraumatizado\u201d"},"previousItem":{"@type":"ListItem","@id":"https:\/\/www.ejercito.mil.uy\/index.php\/category\/destacados\/#listItem","name":"Destacados"}},{"@type":"ListItem","@id":"https:\/\/www.ejercito.mil.uy\/index.php\/2021\/12\/21\/jornada-sobre-manejo-del-paciente-politraumatizado\/#listItem","position":4,"name":"Jornada sobre \u201cManejo del paciente Politraumatizado\u201d","previousItem":{"@type":"ListItem","@id":"https:\/\/www.ejercito.mil.uy\/index.php\/category\/destacados\/noticias\/#listItem","name":"Noticias"}}]},{"@type":"Organization","@id":"https:\/\/www.ejercito.mil.uy\/#organization","name":"Ej\u00e9rcito Nacional","description":"La Fuerza de todos","url":"https:\/\/www.ejercito.mil.uy\/","logo":{"@type":"ImageObject","url":"https:\/\/www.ejercito.mil.uy\/wp-content\/uploads\/2022\/01\/Escudo_EN_URUGUAY.png","@id":"https:\/\/www.ejercito.mil.uy\/index.php\/2021\/12\/21\/jornada-sobre-manejo-del-paciente-politraumatizado\/#organizationLogo","width":134,"height":119},"image":{"@id":"https:\/\/www.ejercito.mil.uy\/index.php\/2021\/12\/21\/jornada-sobre-manejo-del-paciente-politraumatizado\/#organizationLogo"}},{"@type":"Person","@id":"https:\/\/www.ejercito.mil.uy\/index.php\/author\/acastro\/#author","url":"https:\/\/www.ejercito.mil.uy\/index.php\/author\/acastro\/","name":"Alejandro Castro","image":{"@type":"ImageObject","@id":"https:\/\/www.ejercito.mil.uy\/index.php\/2021\/12\/21\/jornada-sobre-manejo-del-paciente-politraumatizado\/#authorImage","url":"https:\/\/secure.gravatar.com\/avatar\/89bb77d4bf696501dd94ca89e6794e1787eaffba7c7197528d249e15bd099f68?s=96&d=mm&r=g","width":96,"height":96,"caption":"Alejandro Castro"}},{"@type":"WebPage","@id":"https:\/\/www.ejercito.mil.uy\/index.php\/2021\/12\/21\/jornada-sobre-manejo-del-paciente-politraumatizado\/#webpage","url":"https:\/\/www.ejercito.mil.uy\/index.php\/2021\/12\/21\/jornada-sobre-manejo-del-paciente-politraumatizado\/","name":"Jornada sobre \u201cManejo del paciente Politraumatizado\u201d - Ej\u00e9rcito Nacional","description":"21.12.2021 - El personal de Enfermer\u00eda del Regimiento \"Dragones Libertadores\" de Caballer\u00eda Mecanizado N\u00ba 9 particip\u00f3 de una jornada sobre \u201cManejo del paciente Politraumatizado\u201d, que se desarroll\u00f3 en el Centro Auxiliar de Santa Clara de Olimar.","inLanguage":"es-UY","isPartOf":{"@id":"https:\/\/www.ejercito.mil.uy\/#website"},"breadcrumb":{"@id":"https:\/\/www.ejercito.mil.uy\/index.php\/2021\/12\/21\/jornada-sobre-manejo-del-paciente-politraumatizado\/#breadcrumblist"},"author":{"@id":"https:\/\/www.ejercito.mil.uy\/index.php\/author\/acastro\/#author"},"creator":{"@id":"https:\/\/www.ejercito.mil.uy\/index.php\/author\/acastro\/#author"},"image":{"@type":"ImageObject","url":"https:\/\/www.ejercito.mil.uy\/wp-content\/uploads\/2021\/12\/Enfermeria-1.jpg","@id":"https:\/\/www.ejercito.mil.uy\/index.php\/2021\/12\/21\/jornada-sobre-manejo-del-paciente-politraumatizado\/#mainImage","width":1200,"height":800,"caption":"Enfermer\u00eda"},"primaryImageOfPage":{"@id":"https:\/\/www.ejercito.mil.uy\/index.php\/2021\/12\/21\/jornada-sobre-manejo-del-paciente-politraumatizado\/#mainImage"},"datePublished":"2021-12-21T14:14:15-03:00","dateModified":"2021-12-22T09:20:33-03:00"},{"@type":"WebSite","@id":"https:\/\/www.ejercito.mil.uy\/#website","url":"https:\/\/www.ejercito.mil.uy\/","name":"Ej\u00e9rcito Nacional","description":"La Fuerza de todos","inLanguage":"es-UY","publisher":{"@id":"https:\/\/www.ejercito.mil.uy\/#organization"}}]},"og:locale":"es_ES","og:site_name":"Ej\u00e9rcito Nacional - La Fuerza de todos","og:type":"article","og:title":"Jornada sobre \u201cManejo del paciente Politraumatizado\u201d - Ej\u00e9rcito Nacional","og:description":"21.12.2021 - El personal de Enfermer\u00eda del Regimiento &quot;Dragones Libertadores&quot; de Caballer\u00eda Mecanizado N\u00ba 9 particip\u00f3 de una jornada sobre \u201cManejo del paciente Politraumatizado\u201d, que se desarroll\u00f3 en el Centro Auxiliar de Santa Clara de Olimar.","og:url":"https:\/\/www.ejercito.mil.uy\/index.php\/2021\/12\/21\/jornada-sobre-manejo-del-paciente-politraumatizado\/","og:image":"https:\/\/www.ejercito.mil.uy\/wp-content\/uploads\/2022\/01\/Escudo_EN_URUGUAY.png","og:image:secure_url":"https:\/\/www.ejercito.mil.uy\/wp-content\/uploads\/2022\/01\/Escudo_EN_URUGUAY.png","og:image:width":134,"og:image:height":119,"article:published_time":"2021-12-21T17:14:15+00:00","article:modified_time":"2021-12-22T12:20:33+00:00","twitter:card":"summary_large_image","twitter:title":"Jornada sobre \u201cManejo del paciente Politraumatizado\u201d - Ej\u00e9rcito Nacional","twitter:description":"21.12.2021 - El personal de Enfermer\u00eda del Regimiento &quot;Dragones Libertadores&quot; de Caballer\u00eda Mecanizado N\u00ba 9 particip\u00f3 de una jornada sobre \u201cManejo del paciente Politraumatizado\u201d, que se desarroll\u00f3 en el Centro Auxiliar de Santa Clara de Olimar.","twitter:image":"https:\/\/www.ejercito.mil.uy\/wp-content\/uploads\/2022\/01\/Escudo_EN_URUGUAY.png"},"aioseo_meta_data":{"post_id":"9062","title":null,"description":null,"keywords":null,"keyphrases":null,"primary_term":null,"canonical_url":null,"og_title":null,"og_description":null,"og_object_type":"default","og_image_type":"default","og_image_url":null,"og_image_width":null,"og_image_height":null,"og_image_custom_url":null,"og_image_custom_fields":null,"og_video":null,"og_custom_url":null,"og_article_section":null,"og_article_tags":null,"twitter_use_og":false,"twitter_card":"default","twitter_image_type":"default","twitter_image_url":null,"twitter_image_custom_url":null,"twitter_image_custom_fields":null,"twitter_title":null,"twitter_description":null,"schema":{"blockGraphs":[],"customGraphs":[],"default":{"data":{"Article":[],"Course":[],"Dataset":[],"FAQPage":[],"Movie":[],"Person":[],"Product":[],"ProductReview":[],"Car":[],"Recipe":[],"Service":[],"SoftwareApplication":[],"WebPage":[]},"graphName":"","isEnabled":true},"graphs":[]},"schema_type":"default","schema_type_options":null,"pillar_content":false,"robots_default":true,"robots_noindex":false,"robots_noarchive":false,"robots_nosnippet":false,"robots_nofollow":false,"robots_noimageindex":false,"robots_noodp":false,"robots_notranslate":false,"robots_max_snippet":null,"robots_max_videopreview":null,"robots_max_imagepreview":"large","priority":null,"frequency":null,"local_seo":null,"breadcrumb_settings":null,"limit_modified_date":false,"ai":null,"created":"2025-08-30 02:31:35","updated":"2025-08-30 02:31:35","seo_analyzer_scan_date":null,"focus_keyword":null,"additional_keywords":null,"truseo_locale":null},"aioseo_breadcrumb":"<div class=\"aioseo-breadcrumbs\"><span class=\"aioseo-breadcrumb\">\n\t\t\t<a href=\"https:\/\/www.ejercito.mil.uy\" title=\"Home\">Home<\/a>\n\t\t<\/span><span class=\"aioseo-breadcrumb-separator\">&raquo;<\/span><span class=\"aioseo-breadcrumb\">\n\t\t\t<a href=\"https:\/\/www.ejercito.mil.uy\/index.php\/category\/destacados\/\" title=\"Destacados\">Destacados<\/a>\n\t\t<\/span><span class=\"aioseo-breadcrumb-separator\">&raquo;<\/span><span class=\"aioseo-breadcrumb\">\n\t\t\t<a href=\"https:\/\/www.ejercito.mil.uy\/index.php\/category\/destacados\/noticias\/\" title=\"Noticias\">Noticias<\/a>\n\t\t<\/span><span class=\"aioseo-breadcrumb-separator\">&raquo;<\/span><span class=\"aioseo-breadcrumb\">\n\t\t\tJornada sobre \u201cManejo del paciente Politraumatizado\u201d\n\t\t<\/span><\/div>","aioseo_breadcrumb_json":[{"label":"Home","link":"https:\/\/www.ejercito.mil.uy"},{"label":"Destacados","link":"https:\/\/www.ejercito.mil.uy\/index.php\/category\/destacados\/"},{"label":"Noticias","link":"https:\/\/www.ejercito.mil.uy\/index.php\/category\/destacados\/noticias\/"},{"label":"Jornada sobre \u201cManejo del paciente Politraumatizado\u201d","link":"https:\/\/www.ejercito.mil.uy\/index.php\/2021\/12\/21\/jornada-sobre-manejo-del-paciente-politraumatizado\/"}],"_links":{"self":[{"href":"https:\/\/www.ejercito.mil.uy\/index.php\/wp-json\/wp\/v2\/posts\/9062","targetHints":{"allow":["GET"]}}],"collection":[{"href":"https:\/\/www.ejercito.mil.uy\/index.php\/wp-json\/wp\/v2\/posts"}],"about":[{"href":"https:\/\/www.ejercito.mil.uy\/index.php\/wp-json\/wp\/v2\/types\/post"}],"author":[{"embeddable":true,"href":"https:\/\/www.ejercito.mil.uy\/index.php\/wp-json\/wp\/v2\/users\/4"}],"replies":[{"embeddable":true,"href":"https:\/\/www.ejercito.mil.uy\/index.php\/wp-json\/wp\/v2\/comments?post=9062"}],"version-history":[{"count":3,"href":"https:\/\/www.ejercito.mil.uy\/index.php\/wp-json\/wp\/v2\/posts\/9062\/revisions"}],"predecessor-version":[{"id":9069,"href":"https:\/\/www.ejercito.mil.uy\/index.php\/wp-json\/wp\/v2\/posts\/9062\/revisions\/9069"}],"wp:featuredmedia":[{"embeddable":true,"href":"https:\/\/www.ejercito.mil.uy\/index.php\/wp-json\/wp\/v2\/media\/9064"}],"wp:attachment":[{"href":"https:\/\/www.ejercito.mil.uy\/index.php\/wp-json\/wp\/v2\/media?parent=9062"}],"wp:term":[{"taxonomy":"category","embeddable":true,"href":"https:\/\/www.ejercito.mil.uy\/index.php\/wp-json\/wp\/v2\/categories?post=9062"},{"taxonomy":"post_tag","embeddable":true,"href":"https:\/\/www.ejercito.mil.uy\/index.php\/wp-json\/wp\/v2\/tags?post=9062"}],"curies":[{"name":"wp","href":"https:\/\/api.w.org\/{rel}","templated":true}]}}