{"id":9070,"date":"2021-12-21T19:00:46","date_gmt":"2021-12-21T22:00:46","guid":{"rendered":"https:\/\/www.ejercito.mil.uy\/?p=9070"},"modified":"2021-12-22T09:27:59","modified_gmt":"2021-12-22T12:27:59","slug":"mantenimiento-en-la-flota-vehicular-2","status":"publish","type":"post","link":"https:\/\/www.ejercito.mil.uy\/index.php\/2021\/12\/21\/mantenimiento-en-la-flota-vehicular-2\/","title":{"rendered":"Mantenimiento en la flota vehicular"},"content":{"rendered":"\n<p style=\"font-size:14px\">21.12.2021 &#8211; R\u00edo Branco, Cerro Largo<\/p>\n\n\n\n<div style=\"height:24px\" aria-hidden=\"true\" class=\"wp-block-spacer\"><\/div>\n\n\n\n<p>Efectivos del <strong><a rel=\"noreferrer noopener\" href=\"https:\/\/www.facebook.com\/Reg.c.mec7\/\" data-type=\"URL\" data-id=\"https:\/\/www.facebook.com\/Reg.c.mec7\/\" target=\"_blank\">Regimiento \u201cGral. Aparicio Saravia\u201d de Caballer\u00eda Mecanizado N\u00b0 7<\/a><\/strong> realizaron trabajos de mantenimiento y reparaci\u00f3n a sus veh\u00edculos Blindados.<\/p>\n\n\n\n<div style=\"height:33px\" aria-hidden=\"true\" class=\"wp-block-spacer\"><\/div>\n\n\n\n<p>Se trata de los <strong>veh\u00edculos \u201cVodnik\u201d<\/strong> los cuales forman parte de la flota vehicular que se despliega en<strong> Patrullaje de Frontera y Puestos de Control de Ruta<\/strong>, se hizo mantenimiento a sus componentes mec\u00e1nicos y el\u00e9ctricos con el fin de mantenerlos en \u00f3ptimas condiciones para seguir operando en las distintas tareas asignadas.<\/p>\n\n\n\n<div style=\"height:33px\" aria-hidden=\"true\" class=\"wp-block-spacer\"><\/div>\n\n\n\n<div aria-label=\"Carousel Gallery\" class=\"wp-block-coblocks-gallery-carousel\"><div class=\"is-cropped coblocks-gallery has-no-alignment has-caption-style-dark has-horizontal-gutter has-lightbox\"><div class=\"has-carousel has-carousel-lrg\" style=\"height:400px\" data-flickity=\"{&quot;autoPlay&quot;:4000,&quot;draggable&quot;:true,&quot;pageDots&quot;:false,&quot;prevNextButtons&quot;:true,&quot;wrapAround&quot;:true,&quot;cellAlign&quot;:&quot;center&quot;,&quot;pauseAutoPlayOnHover&quot;:false,&quot;freeScroll&quot;:true,&quot;arrowShape&quot;:{&quot;x0&quot;:10,&quot;x1&quot;:60,&quot;y1&quot;:50,&quot;x2&quot;:65,&quot;y2&quot;:45,&quot;x3&quot;:20},&quot;thumbnails&quot;:false,&quot;responsiveHeight&quot;:false}\"><div class=\"coblocks-gallery--item\"><figure class=\"coblocks-gallery--figure has-margin-left-10 has-margin-left-mobile-5 has-margin-right-10 has-margin-right-mobile-5\"><img fetchpriority=\"high\" decoding=\"async\" width=\"1024\" height=\"683\" src=\"https:\/\/www.ejercito.mil.uy\/wp-content\/uploads\/2021\/12\/Vodnik-1-1024x683.jpg\" alt=\"\" data-id=\"9072\" data-link=\"https:\/\/www.ejercito.mil.uy\/?attachment_id=9072\" class=\"wp-image-9072\" srcset=\"https:\/\/www.ejercito.mil.uy\/wp-content\/uploads\/2021\/12\/Vodnik-1-1024x683.jpg 1024w, https:\/\/www.ejercito.mil.uy\/wp-content\/uploads\/2021\/12\/Vodnik-1-300x200.jpg 300w, https:\/\/www.ejercito.mil.uy\/wp-content\/uploads\/2021\/12\/Vodnik-1.jpg 1200w\" sizes=\"(max-width: 1024px) 100vw, 1024px\" \/><\/figure><\/div><div class=\"coblocks-gallery--item\"><figure class=\"coblocks-gallery--figure has-margin-left-10 has-margin-left-mobile-5 has-margin-right-10 has-margin-right-mobile-5\"><img decoding=\"async\" width=\"1024\" height=\"683\" src=\"https:\/\/www.ejercito.mil.uy\/wp-content\/uploads\/2021\/12\/Vodnik-2-1024x683.jpg\" alt=\"\" data-id=\"9073\" data-link=\"https:\/\/www.ejercito.mil.uy\/?attachment_id=9073\" class=\"wp-image-9073\" srcset=\"https:\/\/www.ejercito.mil.uy\/wp-content\/uploads\/2021\/12\/Vodnik-2-1024x683.jpg 1024w, https:\/\/www.ejercito.mil.uy\/wp-content\/uploads\/2021\/12\/Vodnik-2-300x200.jpg 300w, https:\/\/www.ejercito.mil.uy\/wp-content\/uploads\/2021\/12\/Vodnik-2.jpg 1200w\" sizes=\"(max-width: 1024px) 100vw, 1024px\" \/><\/figure><\/div><div class=\"coblocks-gallery--item\"><figure class=\"coblocks-gallery--figure has-margin-left-10 has-margin-left-mobile-5 has-margin-right-10 has-margin-right-mobile-5\"><img decoding=\"async\" width=\"1024\" height=\"683\" src=\"https:\/\/www.ejercito.mil.uy\/wp-content\/uploads\/2021\/12\/Vodnik-3-1024x683.jpg\" alt=\"\" data-id=\"9074\" data-link=\"https:\/\/www.ejercito.mil.uy\/?attachment_id=9074\" class=\"wp-image-9074\" srcset=\"https:\/\/www.ejercito.mil.uy\/wp-content\/uploads\/2021\/12\/Vodnik-3-1024x683.jpg 1024w, https:\/\/www.ejercito.mil.uy\/wp-content\/uploads\/2021\/12\/Vodnik-3-300x200.jpg 300w, https:\/\/www.ejercito.mil.uy\/wp-content\/uploads\/2021\/12\/Vodnik-3.jpg 1200w\" sizes=\"(max-width: 1024px) 100vw, 1024px\" \/><\/figure><\/div><div class=\"coblocks-gallery--item\"><figure class=\"coblocks-gallery--figure has-margin-left-10 has-margin-left-mobile-5 has-margin-right-10 has-margin-right-mobile-5\"><img loading=\"lazy\" decoding=\"async\" width=\"1024\" height=\"683\" src=\"https:\/\/www.ejercito.mil.uy\/wp-content\/uploads\/2021\/12\/Vodnik-4-1024x683.jpg\" alt=\"\" data-id=\"9075\" data-link=\"https:\/\/www.ejercito.mil.uy\/?attachment_id=9075\" class=\"wp-image-9075\" srcset=\"https:\/\/www.ejercito.mil.uy\/wp-content\/uploads\/2021\/12\/Vodnik-4-1024x683.jpg 1024w, https:\/\/www.ejercito.mil.uy\/wp-content\/uploads\/2021\/12\/Vodnik-4-300x200.jpg 300w, https:\/\/www.ejercito.mil.uy\/wp-content\/uploads\/2021\/12\/Vodnik-4.jpg 1200w\" sizes=\"(max-width: 1024px) 100vw, 1024px\" \/><\/figure><\/div><\/div><\/div><\/div>\n\n\n\n<div style=\"height:100px\" aria-hidden=\"true\" class=\"wp-block-spacer\"><\/div>\n","protected":false},"excerpt":{"rendered":"<p>21.12.2021 &#8211; Efectivos del Regimiento \u201cGral. Aparicio Saravia\u201d de Caballer\u00eda Mecanizado N\u00b0 7 realizaron trabajos de mantenimiento y reparaci\u00f3n a sus veh\u00edculos Blindados.<\/p>\n","protected":false},"author":4,"featured_media":9076,"comment_status":"open","ping_status":"open","sticky":false,"template":"","format":"standard","meta":{"_coblocks_attr":"","_coblocks_dimensions":"","_coblocks_responsive_height":"","_coblocks_accordion_ie_support":"","_monsterinsights_skip_tracking":false,"_monsterinsights_sitenote_active":false,"_monsterinsights_sitenote_note":"","_monsterinsights_sitenote_category":0,"_uf_show_specific_survey":0,"_uf_disable_surveys":false,"footnotes":""},"categories":[2,14],"tags":[141,292,88],"class_list":["post-9070","post","type-post","status-publish","format-standard","has-post-thumbnail","hentry","category-blog","category-noticias","tag-caballeria","tag-mantenimiento","tag-vehiculos"],"aioseo_notices":[],"_links":{"self":[{"href":"https:\/\/www.ejercito.mil.uy\/index.php\/wp-json\/wp\/v2\/posts\/9070","targetHints":{"allow":["GET"]}}],"collection":[{"href":"https:\/\/www.ejercito.mil.uy\/index.php\/wp-json\/wp\/v2\/posts"}],"about":[{"href":"https:\/\/www.ejercito.mil.uy\/index.php\/wp-json\/wp\/v2\/types\/post"}],"author":[{"embeddable":true,"href":"https:\/\/www.ejercito.mil.uy\/index.php\/wp-json\/wp\/v2\/users\/4"}],"replies":[{"embeddable":true,"href":"https:\/\/www.ejercito.mil.uy\/index.php\/wp-json\/wp\/v2\/comments?post=9070"}],"version-history":[{"count":2,"href":"https:\/\/www.ejercito.mil.uy\/index.php\/wp-json\/wp\/v2\/posts\/9070\/revisions"}],"predecessor-version":[{"id":9077,"href":"https:\/\/www.ejercito.mil.uy\/index.php\/wp-json\/wp\/v2\/posts\/9070\/revisions\/9077"}],"wp:featuredmedia":[{"embeddable":true,"href":"https:\/\/www.ejercito.mil.uy\/index.php\/wp-json\/wp\/v2\/media\/9076"}],"wp:attachment":[{"href":"https:\/\/www.ejercito.mil.uy\/index.php\/wp-json\/wp\/v2\/media?parent=9070"}],"wp:term":[{"taxonomy":"category","embeddable":true,"href":"https:\/\/www.ejercito.mil.uy\/index.php\/wp-json\/wp\/v2\/categories?post=9070"},{"taxonomy":"post_tag","embeddable":true,"href":"https:\/\/www.ejercito.mil.uy\/index.php\/wp-json\/wp\/v2\/tags?post=9070"}],"curies":[{"name":"wp","href":"https:\/\/api.w.org\/{rel}","templated":true}]}}