{"id":9183,"date":"2021-12-23T19:00:00","date_gmt":"2021-12-23T22:00:00","guid":{"rendered":"https:\/\/www.ejercito.mil.uy\/?p=9183"},"modified":"2021-12-27T13:53:28","modified_gmt":"2021-12-27T16:53:28","slug":"seccion-morteros-del-escuadron-de-tiradores-blindados","status":"publish","type":"post","link":"https:\/\/www.ejercito.mil.uy\/index.php\/2021\/12\/23\/seccion-morteros-del-escuadron-de-tiradores-blindados\/","title":{"rendered":"Secci\u00f3n Morteros del Escuadr\u00f3n de Tiradores Blindados"},"content":{"rendered":"\n<div style=\"height:33px\" aria-hidden=\"true\" class=\"wp-block-spacer mt-0\"><\/div>\n\n\n\n<p style=\"font-size:14px\">23.12.2021<\/p>\n\n\n\n<div style=\"height:24px\" aria-hidden=\"true\" class=\"wp-block-spacer\"><\/div>\n\n\n\n<p class=\"has-medium-font-size\">M\u00e1s de 25 efectivos del <strong>Regimiento \u201cPatria\u201d de Caballer\u00eda Blindado N\u00ba 8<\/strong>, integrantes de la Secci\u00f3n Morteros del Escuadr\u00f3n de Tiradores Blindados, <strong>realizaron una Maniobra a Nivel Secci\u00f3n<\/strong>.<\/p>\n\n\n\n<div style=\"height:64px\" aria-hidden=\"true\" class=\"wp-block-spacer\"><\/div>\n\n\n\n<div aria-label=\"Carousel Gallery\" class=\"wp-block-coblocks-gallery-carousel alignfull\"><div class=\"is-cropped coblocks-gallery has-caption-style-dark has-horizontal-gutter\"><div class=\"has-carousel has-carousel-lrg\" style=\"height:400px\" data-flickity=\"{&quot;autoPlay&quot;:3000,&quot;draggable&quot;:false,&quot;pageDots&quot;:false,&quot;prevNextButtons&quot;:true,&quot;wrapAround&quot;:true,&quot;cellAlign&quot;:&quot;center&quot;,&quot;pauseAutoPlayOnHover&quot;:false,&quot;freeScroll&quot;:false,&quot;arrowShape&quot;:{&quot;x0&quot;:10,&quot;x1&quot;:60,&quot;y1&quot;:50,&quot;x2&quot;:65,&quot;y2&quot;:45,&quot;x3&quot;:20},&quot;thumbnails&quot;:false,&quot;responsiveHeight&quot;:false}\"><div class=\"coblocks-gallery--item\"><figure class=\"coblocks-gallery--figure has-margin-left-5 has-margin-left-mobile-5 has-margin-right-5 has-margin-right-mobile-5\"><img fetchpriority=\"high\" decoding=\"async\" width=\"1024\" height=\"683\" src=\"https:\/\/www.ejercito.mil.uy\/wp-content\/uploads\/2021\/12\/2021-12-24-Regimiento-Patria-de-Caballeria-Blindado-No-8-3-1024x683.jpg\" alt=\"\" data-id=\"9186\" data-link=\"https:\/\/www.ejercito.mil.uy\/index.php\/2021\/12\/23\/seccion-morteros-del-escuadron-de-tiradores-blindados\/2021-12-24-regimiento-patria-de-caballeria-blindado-no-8-3\/\" class=\"wp-image-9186\" srcset=\"https:\/\/www.ejercito.mil.uy\/wp-content\/uploads\/2021\/12\/2021-12-24-Regimiento-Patria-de-Caballeria-Blindado-No-8-3-1024x683.jpg 1024w, https:\/\/www.ejercito.mil.uy\/wp-content\/uploads\/2021\/12\/2021-12-24-Regimiento-Patria-de-Caballeria-Blindado-No-8-3-300x200.jpg 300w, https:\/\/www.ejercito.mil.uy\/wp-content\/uploads\/2021\/12\/2021-12-24-Regimiento-Patria-de-Caballeria-Blindado-No-8-3.jpg 1200w\" sizes=\"(max-width: 1024px) 100vw, 1024px\" \/><\/figure><\/div><div class=\"coblocks-gallery--item\"><figure class=\"coblocks-gallery--figure has-margin-left-5 has-margin-left-mobile-5 has-margin-right-5 has-margin-right-mobile-5\"><img decoding=\"async\" width=\"1024\" height=\"683\" src=\"https:\/\/www.ejercito.mil.uy\/wp-content\/uploads\/2021\/12\/2021-12-24-Regimiento-Patria-de-Caballeria-Blindado-No-8-4-1024x683.jpg\" alt=\"\" data-id=\"9187\" data-link=\"https:\/\/www.ejercito.mil.uy\/index.php\/2021\/12\/23\/seccion-morteros-del-escuadron-de-tiradores-blindados\/2021-12-24-regimiento-patria-de-caballeria-blindado-no-8-4\/\" class=\"wp-image-9187\" srcset=\"https:\/\/www.ejercito.mil.uy\/wp-content\/uploads\/2021\/12\/2021-12-24-Regimiento-Patria-de-Caballeria-Blindado-No-8-4-1024x683.jpg 1024w, https:\/\/www.ejercito.mil.uy\/wp-content\/uploads\/2021\/12\/2021-12-24-Regimiento-Patria-de-Caballeria-Blindado-No-8-4-300x200.jpg 300w, https:\/\/www.ejercito.mil.uy\/wp-content\/uploads\/2021\/12\/2021-12-24-Regimiento-Patria-de-Caballeria-Blindado-No-8-4.jpg 1200w\" sizes=\"(max-width: 1024px) 100vw, 1024px\" \/><\/figure><\/div><div class=\"coblocks-gallery--item\"><figure class=\"coblocks-gallery--figure has-margin-left-5 has-margin-left-mobile-5 has-margin-right-5 has-margin-right-mobile-5\"><img decoding=\"async\" width=\"1024\" height=\"683\" src=\"https:\/\/www.ejercito.mil.uy\/wp-content\/uploads\/2021\/12\/2021-12-24-Regimiento-Patria-de-Caballeria-Blindado-No-8-6-1024x683.jpg\" alt=\"\" data-id=\"9188\" data-link=\"https:\/\/www.ejercito.mil.uy\/index.php\/2021\/12\/23\/seccion-morteros-del-escuadron-de-tiradores-blindados\/2021-12-24-regimiento-patria-de-caballeria-blindado-no-8-6\/\" class=\"wp-image-9188\" srcset=\"https:\/\/www.ejercito.mil.uy\/wp-content\/uploads\/2021\/12\/2021-12-24-Regimiento-Patria-de-Caballeria-Blindado-No-8-6-1024x683.jpg 1024w, https:\/\/www.ejercito.mil.uy\/wp-content\/uploads\/2021\/12\/2021-12-24-Regimiento-Patria-de-Caballeria-Blindado-No-8-6-300x200.jpg 300w, https:\/\/www.ejercito.mil.uy\/wp-content\/uploads\/2021\/12\/2021-12-24-Regimiento-Patria-de-Caballeria-Blindado-No-8-6.jpg 1200w\" sizes=\"(max-width: 1024px) 100vw, 1024px\" \/><\/figure><\/div><div class=\"coblocks-gallery--item\"><figure class=\"coblocks-gallery--figure has-margin-left-5 has-margin-left-mobile-5 has-margin-right-5 has-margin-right-mobile-5\"><img loading=\"lazy\" decoding=\"async\" width=\"1024\" height=\"683\" src=\"https:\/\/www.ejercito.mil.uy\/wp-content\/uploads\/2021\/12\/2021-12-24-Regimiento-Patria-de-Caballeria-Blindado-No-8-1-1024x683.jpg\" alt=\"\" data-id=\"9189\" data-link=\"https:\/\/www.ejercito.mil.uy\/index.php\/2021\/12\/23\/seccion-morteros-del-escuadron-de-tiradores-blindados\/2021-12-24-regimiento-patria-de-caballeria-blindado-no-8-1\/\" class=\"wp-image-9189\" srcset=\"https:\/\/www.ejercito.mil.uy\/wp-content\/uploads\/2021\/12\/2021-12-24-Regimiento-Patria-de-Caballeria-Blindado-No-8-1-1024x683.jpg 1024w, https:\/\/www.ejercito.mil.uy\/wp-content\/uploads\/2021\/12\/2021-12-24-Regimiento-Patria-de-Caballeria-Blindado-No-8-1-300x200.jpg 300w, https:\/\/www.ejercito.mil.uy\/wp-content\/uploads\/2021\/12\/2021-12-24-Regimiento-Patria-de-Caballeria-Blindado-No-8-1.jpg 1200w\" sizes=\"(max-width: 1024px) 100vw, 1024px\" \/><\/figure><\/div><\/div><\/div><\/div>\n\n\n\n<div style=\"height:33px\" aria-hidden=\"true\" class=\"wp-block-spacer\"><\/div>\n","protected":false},"excerpt":{"rendered":"<p>23.12.2021 \u2013 M\u00e1s de 25 efectivos del Regimiento \u201cPatria\u201d de Caballer\u00eda Blindado N\u00ba 8, integrantes de la Secci\u00f3n Morteros del Escuadr\u00f3n de Tiradores Blindados, realizaron una Maniobra a Nivel Secci\u00f3n.<\/p>\n","protected":false},"author":4,"featured_media":9184,"comment_status":"closed","ping_status":"open","sticky":false,"template":"","format":"standard","meta":{"_coblocks_attr":"","_coblocks_dimensions":"","_coblocks_responsive_height":"","_coblocks_accordion_ie_support":"","_monsterinsights_skip_tracking":false,"_monsterinsights_sitenote_active":false,"_monsterinsights_sitenote_note":"","_monsterinsights_sitenote_category":0,"_uf_show_specific_survey":0,"_uf_disable_surveys":false,"footnotes":""},"categories":[2,14],"tags":[141,35,153,296],"class_list":["post-9183","post","type-post","status-publish","format-standard","has-post-thumbnail","hentry","category-blog","category-noticias","tag-caballeria","tag-entrenamiento","tag-maniobra","tag-morteros"],"aioseo_notices":[],"_links":{"self":[{"href":"https:\/\/www.ejercito.mil.uy\/index.php\/wp-json\/wp\/v2\/posts\/9183","targetHints":{"allow":["GET"]}}],"collection":[{"href":"https:\/\/www.ejercito.mil.uy\/index.php\/wp-json\/wp\/v2\/posts"}],"about":[{"href":"https:\/\/www.ejercito.mil.uy\/index.php\/wp-json\/wp\/v2\/types\/post"}],"author":[{"embeddable":true,"href":"https:\/\/www.ejercito.mil.uy\/index.php\/wp-json\/wp\/v2\/users\/4"}],"replies":[{"embeddable":true,"href":"https:\/\/www.ejercito.mil.uy\/index.php\/wp-json\/wp\/v2\/comments?post=9183"}],"version-history":[{"count":3,"href":"https:\/\/www.ejercito.mil.uy\/index.php\/wp-json\/wp\/v2\/posts\/9183\/revisions"}],"predecessor-version":[{"id":9191,"href":"https:\/\/www.ejercito.mil.uy\/index.php\/wp-json\/wp\/v2\/posts\/9183\/revisions\/9191"}],"wp:featuredmedia":[{"embeddable":true,"href":"https:\/\/www.ejercito.mil.uy\/index.php\/wp-json\/wp\/v2\/media\/9184"}],"wp:attachment":[{"href":"https:\/\/www.ejercito.mil.uy\/index.php\/wp-json\/wp\/v2\/media?parent=9183"}],"wp:term":[{"taxonomy":"category","embeddable":true,"href":"https:\/\/www.ejercito.mil.uy\/index.php\/wp-json\/wp\/v2\/categories?post=9183"},{"taxonomy":"post_tag","embeddable":true,"href":"https:\/\/www.ejercito.mil.uy\/index.php\/wp-json\/wp\/v2\/tags?post=9183"}],"curies":[{"name":"wp","href":"https:\/\/api.w.org\/{rel}","templated":true}]}}