{"id":9327,"date":"2021-12-28T22:00:00","date_gmt":"2021-12-29T01:00:00","guid":{"rendered":"https:\/\/www.ejercito.mil.uy\/?p=9327"},"modified":"2022-01-10T14:48:42","modified_gmt":"2022-01-10T17:48:42","slug":"apoyo-a-bomberos-en-incendio","status":"publish","type":"post","link":"https:\/\/www.ejercito.mil.uy\/index.php\/2021\/12\/28\/apoyo-a-bomberos-en-incendio\/","title":{"rendered":"Apoyo a Bomberos en incendio"},"content":{"rendered":"\n<p style=\"font-size:14px\">28.12.2021 &#8211; Departamento de Tacuaremb\u00f3<\/p>\n\n\n\n<div style=\"height:50px\" aria-hidden=\"true\" class=\"wp-block-spacer\"><\/div>\n\n\n\n<p>Desde ayer, m\u00e1s de 80 efectivos del Ej\u00e9rcito del Uruguay trabajan en apoyo a Bomberos, para extinguir un incendio que se propag\u00f3 en una granja de eucaliptus, ubicada en Ruta 5 km 395, en la ciudad de Tacuaremb\u00f3.<\/p>\n\n\n\n<div style=\"height:50px\" aria-hidden=\"true\" class=\"wp-block-spacer\"><\/div>\n\n\n\n<p>El personal militar realiza tareas de enfriamiento y barreras cortafuego. <\/p>\n\n\n\n<div style=\"height:50px\" aria-hidden=\"true\" class=\"wp-block-spacer\"><\/div>\n\n\n\n<p>Los integrantes pertenecen al Regimiento \u00abMisiones\u00bb de Caballer\u00eda Blindado N\u00b0 5, <a href=\"https:\/\/www.facebook.com\/RegBrigGralFRiveradeCaballeria?__cft__[0]=AZUtpShVNGOuZRdshwyIOjQglcp6vEFfGct5oT7Kx5OmMYzHb52H4fjt_uEX7CR_bCxhNbuxjg6XVJ9874qxMBFxUJ76HqOWM3vu6yRJOvaU3RtVvIGdBXMZQOrdN4bpdpGmGr1mOiZ_3Af1LxJM25p7&amp;__tn__=-]K-R\">Regimiento \u00abBrig. Gral. Fructuoso Rivera\u00bbde Caballer\u00eda Mecanizado N\u00ba 3<\/a> y <a href=\"https:\/\/www.facebook.com\/profile.php?id=100064805856044&amp;__cft__[0]=AZUtpShVNGOuZRdshwyIOjQglcp6vEFfGct5oT7Kx5OmMYzHb52H4fjt_uEX7CR_bCxhNbuxjg6XVJ9874qxMBFxUJ76HqOWM3vu6yRJOvaU3RtVvIGdBXMZQOrdN4bpdpGmGr1mOiZ_3Af1LxJM25p7&amp;__tn__=-]K-R\">Grupo \u00abLas Piedras\u00bb de Artiller\u00eda 105 mm N\u00ba 3<\/a>.<\/p>\n\n\n\n<div style=\"height:33px\" aria-hidden=\"true\" class=\"wp-block-spacer\"><\/div>\n\n\n\n<div aria-label=\"Carousel Gallery\" class=\"wp-block-coblocks-gallery-carousel alignfull\"><div class=\"is-cropped coblocks-gallery has-caption-style-dark has-horizontal-gutter has-lightbox\"><div class=\"has-carousel has-carousel-lrg\" style=\"height:400px\" data-flickity=\"{&quot;autoPlay&quot;:3000,&quot;draggable&quot;:false,&quot;pageDots&quot;:false,&quot;prevNextButtons&quot;:true,&quot;wrapAround&quot;:true,&quot;cellAlign&quot;:&quot;center&quot;,&quot;pauseAutoPlayOnHover&quot;:false,&quot;freeScroll&quot;:false,&quot;arrowShape&quot;:{&quot;x0&quot;:10,&quot;x1&quot;:60,&quot;y1&quot;:50,&quot;x2&quot;:65,&quot;y2&quot;:45,&quot;x3&quot;:20},&quot;thumbnails&quot;:false,&quot;responsiveHeight&quot;:false}\"><div class=\"coblocks-gallery--item\"><figure class=\"coblocks-gallery--figure has-margin-left-5 has-margin-left-mobile-5 has-margin-right-5 has-margin-right-mobile-5\"><img fetchpriority=\"high\" decoding=\"async\" width=\"1024\" height=\"683\" src=\"https:\/\/www.ejercito.mil.uy\/wp-content\/uploads\/2021\/12\/2021-12-28-Incendio-en-Tacuarembo-1-1024x683.jpg\" alt=\"\" data-id=\"9328\" data-link=\"https:\/\/www.ejercito.mil.uy\/?attachment_id=9328\" class=\"wp-image-9328\" srcset=\"https:\/\/www.ejercito.mil.uy\/wp-content\/uploads\/2021\/12\/2021-12-28-Incendio-en-Tacuarembo-1-1024x683.jpg 1024w, https:\/\/www.ejercito.mil.uy\/wp-content\/uploads\/2021\/12\/2021-12-28-Incendio-en-Tacuarembo-1-300x200.jpg 300w, https:\/\/www.ejercito.mil.uy\/wp-content\/uploads\/2021\/12\/2021-12-28-Incendio-en-Tacuarembo-1.jpg 1200w\" sizes=\"(max-width: 1024px) 100vw, 1024px\" \/><\/figure><\/div><div class=\"coblocks-gallery--item\"><figure class=\"coblocks-gallery--figure has-margin-left-5 has-margin-left-mobile-5 has-margin-right-5 has-margin-right-mobile-5\"><img decoding=\"async\" width=\"1024\" height=\"683\" src=\"https:\/\/www.ejercito.mil.uy\/wp-content\/uploads\/2021\/12\/2021-12-28-Incendio-en-Tacuarembo-2-1024x683.jpg\" alt=\"\" data-id=\"9329\" data-link=\"https:\/\/www.ejercito.mil.uy\/?attachment_id=9329\" class=\"wp-image-9329\" srcset=\"https:\/\/www.ejercito.mil.uy\/wp-content\/uploads\/2021\/12\/2021-12-28-Incendio-en-Tacuarembo-2-1024x683.jpg 1024w, https:\/\/www.ejercito.mil.uy\/wp-content\/uploads\/2021\/12\/2021-12-28-Incendio-en-Tacuarembo-2-300x200.jpg 300w, https:\/\/www.ejercito.mil.uy\/wp-content\/uploads\/2021\/12\/2021-12-28-Incendio-en-Tacuarembo-2.jpg 1200w\" sizes=\"(max-width: 1024px) 100vw, 1024px\" \/><\/figure><\/div><div class=\"coblocks-gallery--item\"><figure class=\"coblocks-gallery--figure has-margin-left-5 has-margin-left-mobile-5 has-margin-right-5 has-margin-right-mobile-5\"><img decoding=\"async\" width=\"1024\" height=\"683\" src=\"https:\/\/www.ejercito.mil.uy\/wp-content\/uploads\/2021\/12\/2021-12-28-Incendio-en-Tacuarembo-4-1024x683.jpg\" alt=\"\" data-id=\"9330\" data-link=\"https:\/\/www.ejercito.mil.uy\/?attachment_id=9330\" class=\"wp-image-9330\" srcset=\"https:\/\/www.ejercito.mil.uy\/wp-content\/uploads\/2021\/12\/2021-12-28-Incendio-en-Tacuarembo-4-1024x683.jpg 1024w, https:\/\/www.ejercito.mil.uy\/wp-content\/uploads\/2021\/12\/2021-12-28-Incendio-en-Tacuarembo-4-300x200.jpg 300w, https:\/\/www.ejercito.mil.uy\/wp-content\/uploads\/2021\/12\/2021-12-28-Incendio-en-Tacuarembo-4.jpg 1200w\" sizes=\"(max-width: 1024px) 100vw, 1024px\" \/><\/figure><\/div><div class=\"coblocks-gallery--item\"><figure class=\"coblocks-gallery--figure has-margin-left-5 has-margin-left-mobile-5 has-margin-right-5 has-margin-right-mobile-5\"><img loading=\"lazy\" decoding=\"async\" width=\"1024\" height=\"683\" src=\"https:\/\/www.ejercito.mil.uy\/wp-content\/uploads\/2021\/12\/2021-12-28-Incendio-en-Tacuarembo-5-1024x683.jpg\" alt=\"\" data-id=\"9331\" data-link=\"https:\/\/www.ejercito.mil.uy\/?attachment_id=9331\" class=\"wp-image-9331\" srcset=\"https:\/\/www.ejercito.mil.uy\/wp-content\/uploads\/2021\/12\/2021-12-28-Incendio-en-Tacuarembo-5-1024x683.jpg 1024w, https:\/\/www.ejercito.mil.uy\/wp-content\/uploads\/2021\/12\/2021-12-28-Incendio-en-Tacuarembo-5-300x200.jpg 300w, https:\/\/www.ejercito.mil.uy\/wp-content\/uploads\/2021\/12\/2021-12-28-Incendio-en-Tacuarembo-5.jpg 1200w\" sizes=\"(max-width: 1024px) 100vw, 1024px\" \/><\/figure><\/div><div class=\"coblocks-gallery--item\"><figure class=\"coblocks-gallery--figure has-margin-left-5 has-margin-left-mobile-5 has-margin-right-5 has-margin-right-mobile-5\"><img loading=\"lazy\" decoding=\"async\" width=\"1024\" height=\"683\" src=\"https:\/\/www.ejercito.mil.uy\/wp-content\/uploads\/2021\/12\/2021-12-28-Incendio-en-Tacuarembo-6-1024x683.jpg\" alt=\"\" data-id=\"9332\" data-link=\"https:\/\/www.ejercito.mil.uy\/?attachment_id=9332\" class=\"wp-image-9332\" srcset=\"https:\/\/www.ejercito.mil.uy\/wp-content\/uploads\/2021\/12\/2021-12-28-Incendio-en-Tacuarembo-6-1024x683.jpg 1024w, https:\/\/www.ejercito.mil.uy\/wp-content\/uploads\/2021\/12\/2021-12-28-Incendio-en-Tacuarembo-6-300x200.jpg 300w, https:\/\/www.ejercito.mil.uy\/wp-content\/uploads\/2021\/12\/2021-12-28-Incendio-en-Tacuarembo-6.jpg 1200w\" sizes=\"(max-width: 1024px) 100vw, 1024px\" \/><\/figure><\/div><div class=\"coblocks-gallery--item\"><figure class=\"coblocks-gallery--figure has-margin-left-5 has-margin-left-mobile-5 has-margin-right-5 has-margin-right-mobile-5\"><img loading=\"lazy\" decoding=\"async\" width=\"1024\" height=\"683\" src=\"https:\/\/www.ejercito.mil.uy\/wp-content\/uploads\/2021\/12\/2021-12-28-Incendio-en-Tacuarembo-7-1024x683.jpg\" alt=\"\" data-id=\"9333\" data-link=\"https:\/\/www.ejercito.mil.uy\/?attachment_id=9333\" class=\"wp-image-9333\" srcset=\"https:\/\/www.ejercito.mil.uy\/wp-content\/uploads\/2021\/12\/2021-12-28-Incendio-en-Tacuarembo-7-1024x683.jpg 1024w, https:\/\/www.ejercito.mil.uy\/wp-content\/uploads\/2021\/12\/2021-12-28-Incendio-en-Tacuarembo-7-300x200.jpg 300w, https:\/\/www.ejercito.mil.uy\/wp-content\/uploads\/2021\/12\/2021-12-28-Incendio-en-Tacuarembo-7.jpg 1200w\" sizes=\"(max-width: 1024px) 100vw, 1024px\" \/><\/figure><\/div><\/div><\/div><\/div>\n\n\n\n<div style=\"height:33px\" aria-hidden=\"true\" class=\"wp-block-spacer\"><\/div>\n\n\n\n<p><\/p>\n","protected":false},"excerpt":{"rendered":"<p>28.12.2021 &#8211; Desde ayer, m\u00e1s de 80 efectivos del Ej\u00e9rcito del Uruguay trabajan en apoyo a Bomberos, para extinguir un incendio que se propag\u00f3 en una granja de eucaliptus, ubicada en Ruta 5 km 395, en la ciudad de Tacuaremb\u00f3.<\/p>\n","protected":false},"author":4,"featured_media":9334,"comment_status":"open","ping_status":"open","sticky":false,"template":"","format":"standard","meta":{"_coblocks_attr":"","_coblocks_dimensions":"","_coblocks_responsive_height":"","_coblocks_accordion_ie_support":"","_monsterinsights_skip_tracking":false,"_monsterinsights_sitenote_active":false,"_monsterinsights_sitenote_note":"","_monsterinsights_sitenote_category":0,"_uf_show_specific_survey":0,"_uf_disable_surveys":false,"footnotes":""},"categories":[2,14],"tags":[27,32,298,29,160,37],"class_list":["post-9327","post","type-post","status-publish","format-standard","has-post-thumbnail","hentry","category-blog","category-noticias","tag-apoyo","tag-bienestar","tag-bomberos","tag-comunidad","tag-incendio","tag-sociedad"],"aioseo_notices":[],"_links":{"self":[{"href":"https:\/\/www.ejercito.mil.uy\/index.php\/wp-json\/wp\/v2\/posts\/9327","targetHints":{"allow":["GET"]}}],"collection":[{"href":"https:\/\/www.ejercito.mil.uy\/index.php\/wp-json\/wp\/v2\/posts"}],"about":[{"href":"https:\/\/www.ejercito.mil.uy\/index.php\/wp-json\/wp\/v2\/types\/post"}],"author":[{"embeddable":true,"href":"https:\/\/www.ejercito.mil.uy\/index.php\/wp-json\/wp\/v2\/users\/4"}],"replies":[{"embeddable":true,"href":"https:\/\/www.ejercito.mil.uy\/index.php\/wp-json\/wp\/v2\/comments?post=9327"}],"version-history":[{"count":1,"href":"https:\/\/www.ejercito.mil.uy\/index.php\/wp-json\/wp\/v2\/posts\/9327\/revisions"}],"predecessor-version":[{"id":9335,"href":"https:\/\/www.ejercito.mil.uy\/index.php\/wp-json\/wp\/v2\/posts\/9327\/revisions\/9335"}],"wp:featuredmedia":[{"embeddable":true,"href":"https:\/\/www.ejercito.mil.uy\/index.php\/wp-json\/wp\/v2\/media\/9334"}],"wp:attachment":[{"href":"https:\/\/www.ejercito.mil.uy\/index.php\/wp-json\/wp\/v2\/media?parent=9327"}],"wp:term":[{"taxonomy":"category","embeddable":true,"href":"https:\/\/www.ejercito.mil.uy\/index.php\/wp-json\/wp\/v2\/categories?post=9327"},{"taxonomy":"post_tag","embeddable":true,"href":"https:\/\/www.ejercito.mil.uy\/index.php\/wp-json\/wp\/v2\/tags?post=9327"}],"curies":[{"name":"wp","href":"https:\/\/api.w.org\/{rel}","templated":true}]}}