{"id":9397,"date":"2021-12-31T23:00:00","date_gmt":"2022-01-01T02:00:00","guid":{"rendered":"https:\/\/www.ejercito.mil.uy\/?p=9397"},"modified":"2022-01-10T12:27:59","modified_gmt":"2022-01-10T15:27:59","slug":"continuan-los-apoyos-a-bomberos-en-incendios","status":"publish","type":"post","link":"https:\/\/www.ejercito.mil.uy\/index.php\/2021\/12\/31\/continuan-los-apoyos-a-bomberos-en-incendios\/","title":{"rendered":"Contin\u00faan los apoyos a Bomberos en incendios"},"content":{"rendered":"\n<p style=\"font-size:14px\">31.12.2021 <\/p>\n\n\n\n<div style=\"height:50px\" aria-hidden=\"true\" class=\"wp-block-spacer\"><\/div>\n\n\n\n<p><strong>Desde hace varios d\u00edas, efectivos del Ej\u00e9rcito del Uruguay trabajaron en apoyo a Bomberos, para extinguir incendios en varios puntos del pa\u00eds. <\/strong><\/p>\n\n\n\n<div style=\"height:50px\" aria-hidden=\"true\" class=\"wp-block-spacer\"><\/div>\n\n\n\n<p>El 30 de diciembre, efectivos del Batall\u00f3n \u00abRinc\u00f3n\u00bb de Infanter\u00eda Mecanizado N\u00b0 9, trabajaron en apoyo a Bomberos y Polic\u00eda Nacional para extinguir un incendio que se propag\u00f3 en un bosque de eucaliptus (aprox. 5.000 hect\u00e1reas, 1.200 son forestales) entre las localidades de Algorta y Menafra en el dpto. de R\u00edo Negro.<\/p>\n\n\n\n<div style=\"height:50px\" aria-hidden=\"true\" class=\"wp-block-spacer\"><\/div>\n\n\n\n<div aria-label=\"Carousel Gallery\" class=\"wp-block-coblocks-gallery-carousel alignfull\"><div class=\"is-cropped coblocks-gallery has-caption-style-dark has-horizontal-gutter has-lightbox\"><div class=\"has-carousel has-carousel-lrg\" style=\"height:400px\" data-flickity=\"{&quot;autoPlay&quot;:3000,&quot;draggable&quot;:false,&quot;pageDots&quot;:false,&quot;prevNextButtons&quot;:true,&quot;wrapAround&quot;:true,&quot;cellAlign&quot;:&quot;center&quot;,&quot;pauseAutoPlayOnHover&quot;:false,&quot;freeScroll&quot;:false,&quot;arrowShape&quot;:{&quot;x0&quot;:10,&quot;x1&quot;:60,&quot;y1&quot;:50,&quot;x2&quot;:65,&quot;y2&quot;:45,&quot;x3&quot;:20},&quot;thumbnails&quot;:false,&quot;responsiveHeight&quot;:false}\"><div class=\"coblocks-gallery--item\"><figure class=\"coblocks-gallery--figure has-margin-left-5 has-margin-left-mobile-5 has-margin-right-5 has-margin-right-mobile-5\"><img fetchpriority=\"high\" decoding=\"async\" width=\"1024\" height=\"683\" src=\"https:\/\/www.ejercito.mil.uy\/wp-content\/uploads\/2022\/01\/30.12.2021-Incendio-en-Rio-Negro-1-1024x683.jpg\" alt=\"\" data-id=\"9398\" data-link=\"https:\/\/www.ejercito.mil.uy\/?attachment_id=9398\" class=\"wp-image-9398\" srcset=\"https:\/\/www.ejercito.mil.uy\/wp-content\/uploads\/2022\/01\/30.12.2021-Incendio-en-Rio-Negro-1-1024x683.jpg 1024w, https:\/\/www.ejercito.mil.uy\/wp-content\/uploads\/2022\/01\/30.12.2021-Incendio-en-Rio-Negro-1-300x200.jpg 300w, https:\/\/www.ejercito.mil.uy\/wp-content\/uploads\/2022\/01\/30.12.2021-Incendio-en-Rio-Negro-1.jpg 1200w\" sizes=\"(max-width: 1024px) 100vw, 1024px\" \/><\/figure><\/div><div class=\"coblocks-gallery--item\"><figure class=\"coblocks-gallery--figure has-margin-left-5 has-margin-left-mobile-5 has-margin-right-5 has-margin-right-mobile-5\"><img decoding=\"async\" width=\"1024\" height=\"683\" src=\"https:\/\/www.ejercito.mil.uy\/wp-content\/uploads\/2022\/01\/30.12.2021-Incendio-en-Rio-Negro-2-1024x683.jpg\" alt=\"\" data-id=\"9399\" data-link=\"https:\/\/www.ejercito.mil.uy\/?attachment_id=9399\" class=\"wp-image-9399\" srcset=\"https:\/\/www.ejercito.mil.uy\/wp-content\/uploads\/2022\/01\/30.12.2021-Incendio-en-Rio-Negro-2-1024x683.jpg 1024w, https:\/\/www.ejercito.mil.uy\/wp-content\/uploads\/2022\/01\/30.12.2021-Incendio-en-Rio-Negro-2-300x200.jpg 300w, https:\/\/www.ejercito.mil.uy\/wp-content\/uploads\/2022\/01\/30.12.2021-Incendio-en-Rio-Negro-2.jpg 1200w\" sizes=\"(max-width: 1024px) 100vw, 1024px\" \/><\/figure><\/div><div class=\"coblocks-gallery--item\"><figure class=\"coblocks-gallery--figure has-margin-left-5 has-margin-left-mobile-5 has-margin-right-5 has-margin-right-mobile-5\"><img decoding=\"async\" width=\"1024\" height=\"683\" src=\"https:\/\/www.ejercito.mil.uy\/wp-content\/uploads\/2022\/01\/30.12.2021-Incendio-en-Rio-Negro-3-1024x683.jpg\" alt=\"\" data-id=\"9400\" data-link=\"https:\/\/www.ejercito.mil.uy\/?attachment_id=9400\" class=\"wp-image-9400\" srcset=\"https:\/\/www.ejercito.mil.uy\/wp-content\/uploads\/2022\/01\/30.12.2021-Incendio-en-Rio-Negro-3-1024x683.jpg 1024w, https:\/\/www.ejercito.mil.uy\/wp-content\/uploads\/2022\/01\/30.12.2021-Incendio-en-Rio-Negro-3-300x200.jpg 300w, https:\/\/www.ejercito.mil.uy\/wp-content\/uploads\/2022\/01\/30.12.2021-Incendio-en-Rio-Negro-3.jpg 1200w\" sizes=\"(max-width: 1024px) 100vw, 1024px\" \/><\/figure><\/div><div class=\"coblocks-gallery--item\"><figure class=\"coblocks-gallery--figure has-margin-left-5 has-margin-left-mobile-5 has-margin-right-5 has-margin-right-mobile-5\"><img loading=\"lazy\" decoding=\"async\" width=\"1024\" height=\"683\" src=\"https:\/\/www.ejercito.mil.uy\/wp-content\/uploads\/2022\/01\/30.12.2021-Incendio-en-Rio-Negro-5-1024x683.jpg\" alt=\"\" data-id=\"9402\" data-link=\"https:\/\/www.ejercito.mil.uy\/?attachment_id=9402\" class=\"wp-image-9402\" srcset=\"https:\/\/www.ejercito.mil.uy\/wp-content\/uploads\/2022\/01\/30.12.2021-Incendio-en-Rio-Negro-5-1024x683.jpg 1024w, https:\/\/www.ejercito.mil.uy\/wp-content\/uploads\/2022\/01\/30.12.2021-Incendio-en-Rio-Negro-5-300x200.jpg 300w, https:\/\/www.ejercito.mil.uy\/wp-content\/uploads\/2022\/01\/30.12.2021-Incendio-en-Rio-Negro-5.jpg 1200w\" sizes=\"(max-width: 1024px) 100vw, 1024px\" \/><\/figure><\/div><div class=\"coblocks-gallery--item\"><figure class=\"coblocks-gallery--figure has-margin-left-5 has-margin-left-mobile-5 has-margin-right-5 has-margin-right-mobile-5\"><img loading=\"lazy\" decoding=\"async\" width=\"1024\" height=\"683\" src=\"https:\/\/www.ejercito.mil.uy\/wp-content\/uploads\/2022\/01\/30.12.2021-Incendio-en-Rio-Negro-6-1024x683.jpg\" alt=\"\" data-id=\"9403\" data-link=\"https:\/\/www.ejercito.mil.uy\/?attachment_id=9403\" class=\"wp-image-9403\" srcset=\"https:\/\/www.ejercito.mil.uy\/wp-content\/uploads\/2022\/01\/30.12.2021-Incendio-en-Rio-Negro-6-1024x683.jpg 1024w, https:\/\/www.ejercito.mil.uy\/wp-content\/uploads\/2022\/01\/30.12.2021-Incendio-en-Rio-Negro-6-300x200.jpg 300w, https:\/\/www.ejercito.mil.uy\/wp-content\/uploads\/2022\/01\/30.12.2021-Incendio-en-Rio-Negro-6.jpg 1200w\" sizes=\"(max-width: 1024px) 100vw, 1024px\" \/><\/figure><\/div><div class=\"coblocks-gallery--item\"><figure class=\"coblocks-gallery--figure has-margin-left-5 has-margin-left-mobile-5 has-margin-right-5 has-margin-right-mobile-5\"><img loading=\"lazy\" decoding=\"async\" width=\"1024\" height=\"683\" src=\"https:\/\/www.ejercito.mil.uy\/wp-content\/uploads\/2022\/01\/30.12.2021-Incendio-en-Rio-Negro-7-1024x683.jpg\" alt=\"\" data-id=\"9404\" data-link=\"https:\/\/www.ejercito.mil.uy\/?attachment_id=9404\" class=\"wp-image-9404\" srcset=\"https:\/\/www.ejercito.mil.uy\/wp-content\/uploads\/2022\/01\/30.12.2021-Incendio-en-Rio-Negro-7-1024x683.jpg 1024w, https:\/\/www.ejercito.mil.uy\/wp-content\/uploads\/2022\/01\/30.12.2021-Incendio-en-Rio-Negro-7-300x200.jpg 300w, https:\/\/www.ejercito.mil.uy\/wp-content\/uploads\/2022\/01\/30.12.2021-Incendio-en-Rio-Negro-7.jpg 1200w\" sizes=\"(max-width: 1024px) 100vw, 1024px\" \/><\/figure><\/div><div class=\"coblocks-gallery--item\"><figure class=\"coblocks-gallery--figure has-margin-left-5 has-margin-left-mobile-5 has-margin-right-5 has-margin-right-mobile-5\"><img loading=\"lazy\" decoding=\"async\" width=\"1024\" height=\"683\" src=\"https:\/\/www.ejercito.mil.uy\/wp-content\/uploads\/2022\/01\/30.12.2021-Incendio-en-Rio-Negro-8-1024x683.jpg\" alt=\"\" data-id=\"9405\" data-link=\"https:\/\/www.ejercito.mil.uy\/?attachment_id=9405\" class=\"wp-image-9405\" srcset=\"https:\/\/www.ejercito.mil.uy\/wp-content\/uploads\/2022\/01\/30.12.2021-Incendio-en-Rio-Negro-8-1024x683.jpg 1024w, https:\/\/www.ejercito.mil.uy\/wp-content\/uploads\/2022\/01\/30.12.2021-Incendio-en-Rio-Negro-8-300x200.jpg 300w, https:\/\/www.ejercito.mil.uy\/wp-content\/uploads\/2022\/01\/30.12.2021-Incendio-en-Rio-Negro-8.jpg 1200w\" sizes=\"(max-width: 1024px) 100vw, 1024px\" \/><\/figure><\/div><div class=\"coblocks-gallery--item\"><figure class=\"coblocks-gallery--figure has-margin-left-5 has-margin-left-mobile-5 has-margin-right-5 has-margin-right-mobile-5\"><img loading=\"lazy\" decoding=\"async\" width=\"1024\" height=\"683\" src=\"https:\/\/www.ejercito.mil.uy\/wp-content\/uploads\/2022\/01\/30.12.2021-Incendio-en-Rio-Negro-9-1024x683.jpg\" alt=\"\" data-id=\"9406\" data-link=\"https:\/\/www.ejercito.mil.uy\/?attachment_id=9406\" class=\"wp-image-9406\" srcset=\"https:\/\/www.ejercito.mil.uy\/wp-content\/uploads\/2022\/01\/30.12.2021-Incendio-en-Rio-Negro-9-1024x683.jpg 1024w, https:\/\/www.ejercito.mil.uy\/wp-content\/uploads\/2022\/01\/30.12.2021-Incendio-en-Rio-Negro-9-300x200.jpg 300w, https:\/\/www.ejercito.mil.uy\/wp-content\/uploads\/2022\/01\/30.12.2021-Incendio-en-Rio-Negro-9.jpg 1200w\" sizes=\"(max-width: 1024px) 100vw, 1024px\" \/><\/figure><\/div><div class=\"coblocks-gallery--item\"><figure class=\"coblocks-gallery--figure has-margin-left-5 has-margin-left-mobile-5 has-margin-right-5 has-margin-right-mobile-5\"><img loading=\"lazy\" decoding=\"async\" width=\"593\" height=\"395\" src=\"https:\/\/www.ejercito.mil.uy\/wp-content\/uploads\/2022\/01\/30.12.2021-Incendio-en-Rio-Negro-10.jpg\" alt=\"\" data-id=\"9407\" data-link=\"https:\/\/www.ejercito.mil.uy\/?attachment_id=9407\" class=\"wp-image-9407\" srcset=\"https:\/\/www.ejercito.mil.uy\/wp-content\/uploads\/2022\/01\/30.12.2021-Incendio-en-Rio-Negro-10.jpg 593w, https:\/\/www.ejercito.mil.uy\/wp-content\/uploads\/2022\/01\/30.12.2021-Incendio-en-Rio-Negro-10-300x200.jpg 300w\" sizes=\"(max-width: 593px) 100vw, 593px\" \/><\/figure><\/div><\/div><\/div><\/div>\n\n\n\n<div style=\"height:58px\" aria-hidden=\"true\" class=\"wp-block-spacer\"><\/div>\n\n\n\n<p>En la tarde, una Secci\u00f3n de Apoyo a Emergencias del Batall\u00f3n \u00abResistencia\u00bb de Infanter\u00eda Mecanizado N\u00b0 2, se encontraba desplegada trabajando con medios en apoyo a otras instituciones, en el km 35 de la Ruta Interbalnearia, en el incendio de El Fort\u00edn de Santa Rosa, para evitar la propagaci\u00f3n del fuego y controlarlo.<\/p>\n\n\n\n<div style=\"height:58px\" aria-hidden=\"true\" class=\"wp-block-spacer\"><\/div>\n\n\n\n<figure class=\"wp-block-gallery alignfull columns-2 is-cropped has-lightbox wp-block-gallery-1 is-layout-flex wp-block-gallery-is-layout-flex\"><ul class=\"blocks-gallery-grid\"><li class=\"blocks-gallery-item\"><figure><img loading=\"lazy\" decoding=\"async\" width=\"593\" height=\"395\" src=\"https:\/\/www.ejercito.mil.uy\/wp-content\/uploads\/2022\/01\/30.12.2021-Incendio-en-El-Fortin-de-Santa-Rosa-1.jpg\" alt=\"\" data-id=\"9409\" data-link=\"https:\/\/www.ejercito.mil.uy\/?attachment_id=9409\" class=\"wp-image-9409\" srcset=\"https:\/\/www.ejercito.mil.uy\/wp-content\/uploads\/2022\/01\/30.12.2021-Incendio-en-El-Fortin-de-Santa-Rosa-1.jpg 593w, https:\/\/www.ejercito.mil.uy\/wp-content\/uploads\/2022\/01\/30.12.2021-Incendio-en-El-Fortin-de-Santa-Rosa-1-300x200.jpg 300w\" sizes=\"(max-width: 593px) 100vw, 593px\" \/><\/figure><\/li><li class=\"blocks-gallery-item\"><figure><img loading=\"lazy\" decoding=\"async\" width=\"1024\" height=\"683\" src=\"https:\/\/www.ejercito.mil.uy\/wp-content\/uploads\/2022\/01\/30.12.2021-Incendio-en-El-Fortin-de-Santa-Rosa-2-1024x683.jpg\" alt=\"\" data-id=\"9408\" data-link=\"https:\/\/www.ejercito.mil.uy\/?attachment_id=9408\" class=\"wp-image-9408\" srcset=\"https:\/\/www.ejercito.mil.uy\/wp-content\/uploads\/2022\/01\/30.12.2021-Incendio-en-El-Fortin-de-Santa-Rosa-2-1024x683.jpg 1024w, https:\/\/www.ejercito.mil.uy\/wp-content\/uploads\/2022\/01\/30.12.2021-Incendio-en-El-Fortin-de-Santa-Rosa-2-300x200.jpg 300w, https:\/\/www.ejercito.mil.uy\/wp-content\/uploads\/2022\/01\/30.12.2021-Incendio-en-El-Fortin-de-Santa-Rosa-2.jpg 1200w\" sizes=\"(max-width: 1024px) 100vw, 1024px\" \/><\/figure><\/li><\/ul><\/figure>\n\n\n\n<div style=\"height:54px\" aria-hidden=\"true\" class=\"wp-block-spacer\"><\/div>\n\n\n\n<p>Durante todo el d\u00eda del 31 de diciembre, nuestros efectivos continuaron trabajando de forma ininterrumpida, en apoyo a otras instituciones para extinguir distintos incendios que afectaban al territorio nacional.<\/p>\n\n\n\n<div style=\"height:32px\" aria-hidden=\"true\" class=\"wp-block-spacer\"><\/div>\n\n\n\n<p>En Algorta, la situaci\u00f3n est\u00e1 bajo control, pero el fuego avanz\u00f3 al l\u00edmite de R\u00edo Negro en alrededores de los pueblos: Piedras Coloradas y Orgoroso, departamento de Paysand\u00fa. <\/p>\n\n\n\n<div style=\"height:32px\" aria-hidden=\"true\" class=\"wp-block-spacer\"><\/div>\n\n\n\n<p>Por otra parte, se culmin\u00f3 con el apoyo en el incendio de El Fort\u00edn de Santa Rosa, dpto. de Canelones, en el km 43 de la Ruta Interbalnearia, fueron extinguidos los focos \u00edgneos.<\/p>\n\n\n\n<div style=\"height:54px\" aria-hidden=\"true\" class=\"wp-block-spacer\"><\/div>\n\n\n\n<div aria-label=\"Carousel Gallery\" class=\"wp-block-coblocks-gallery-carousel alignfull\"><div class=\"is-cropped coblocks-gallery has-caption-style-dark has-horizontal-gutter\"><div class=\"has-carousel has-carousel-lrg\" style=\"height:400px\" data-flickity=\"{&quot;autoPlay&quot;:3000,&quot;draggable&quot;:false,&quot;pageDots&quot;:false,&quot;prevNextButtons&quot;:true,&quot;wrapAround&quot;:true,&quot;cellAlign&quot;:&quot;center&quot;,&quot;pauseAutoPlayOnHover&quot;:false,&quot;freeScroll&quot;:false,&quot;arrowShape&quot;:{&quot;x0&quot;:10,&quot;x1&quot;:60,&quot;y1&quot;:50,&quot;x2&quot;:65,&quot;y2&quot;:45,&quot;x3&quot;:20},&quot;thumbnails&quot;:false,&quot;responsiveHeight&quot;:false}\"><div class=\"coblocks-gallery--item\"><figure class=\"coblocks-gallery--figure has-margin-left-5 has-margin-left-mobile-5 has-margin-right-5 has-margin-right-mobile-5\"><img loading=\"lazy\" decoding=\"async\" width=\"1024\" height=\"683\" src=\"https:\/\/www.ejercito.mil.uy\/wp-content\/uploads\/2022\/01\/31.12.2021-Incendios-en-varios-puntos-del-pais-1-1024x683.jpg\" alt=\"\" data-id=\"9410\" data-link=\"https:\/\/www.ejercito.mil.uy\/?attachment_id=9410\" class=\"wp-image-9410\" srcset=\"https:\/\/www.ejercito.mil.uy\/wp-content\/uploads\/2022\/01\/31.12.2021-Incendios-en-varios-puntos-del-pais-1-1024x683.jpg 1024w, https:\/\/www.ejercito.mil.uy\/wp-content\/uploads\/2022\/01\/31.12.2021-Incendios-en-varios-puntos-del-pais-1-300x200.jpg 300w, https:\/\/www.ejercito.mil.uy\/wp-content\/uploads\/2022\/01\/31.12.2021-Incendios-en-varios-puntos-del-pais-1.jpg 1200w\" sizes=\"(max-width: 1024px) 100vw, 1024px\" \/><\/figure><\/div><div class=\"coblocks-gallery--item\"><figure class=\"coblocks-gallery--figure has-margin-left-5 has-margin-left-mobile-5 has-margin-right-5 has-margin-right-mobile-5\"><img loading=\"lazy\" decoding=\"async\" width=\"1024\" height=\"683\" src=\"https:\/\/www.ejercito.mil.uy\/wp-content\/uploads\/2022\/01\/31.12.2021-Incendios-en-varios-puntos-del-pais-2-1024x683.jpg\" alt=\"\" data-id=\"9411\" data-link=\"https:\/\/www.ejercito.mil.uy\/?attachment_id=9411\" class=\"wp-image-9411\" srcset=\"https:\/\/www.ejercito.mil.uy\/wp-content\/uploads\/2022\/01\/31.12.2021-Incendios-en-varios-puntos-del-pais-2-1024x683.jpg 1024w, https:\/\/www.ejercito.mil.uy\/wp-content\/uploads\/2022\/01\/31.12.2021-Incendios-en-varios-puntos-del-pais-2-300x200.jpg 300w, https:\/\/www.ejercito.mil.uy\/wp-content\/uploads\/2022\/01\/31.12.2021-Incendios-en-varios-puntos-del-pais-2.jpg 1200w\" sizes=\"(max-width: 1024px) 100vw, 1024px\" \/><\/figure><\/div><div class=\"coblocks-gallery--item\"><figure class=\"coblocks-gallery--figure has-margin-left-5 has-margin-left-mobile-5 has-margin-right-5 has-margin-right-mobile-5\"><img loading=\"lazy\" decoding=\"async\" width=\"1024\" height=\"683\" src=\"https:\/\/www.ejercito.mil.uy\/wp-content\/uploads\/2022\/01\/31.12.2021-Incendios-en-varios-puntos-del-pais-3-1024x683.jpg\" alt=\"\" data-id=\"9412\" data-link=\"https:\/\/www.ejercito.mil.uy\/?attachment_id=9412\" class=\"wp-image-9412\" srcset=\"https:\/\/www.ejercito.mil.uy\/wp-content\/uploads\/2022\/01\/31.12.2021-Incendios-en-varios-puntos-del-pais-3-1024x683.jpg 1024w, https:\/\/www.ejercito.mil.uy\/wp-content\/uploads\/2022\/01\/31.12.2021-Incendios-en-varios-puntos-del-pais-3-300x200.jpg 300w, https:\/\/www.ejercito.mil.uy\/wp-content\/uploads\/2022\/01\/31.12.2021-Incendios-en-varios-puntos-del-pais-3.jpg 1200w\" sizes=\"(max-width: 1024px) 100vw, 1024px\" \/><\/figure><\/div><div class=\"coblocks-gallery--item\"><figure class=\"coblocks-gallery--figure has-margin-left-5 has-margin-left-mobile-5 has-margin-right-5 has-margin-right-mobile-5\"><img loading=\"lazy\" decoding=\"async\" width=\"1024\" height=\"683\" src=\"https:\/\/www.ejercito.mil.uy\/wp-content\/uploads\/2022\/01\/31.12.2021-Incendios-en-varios-puntos-del-pais-4-1024x683.jpg\" alt=\"\" data-id=\"9413\" data-link=\"https:\/\/www.ejercito.mil.uy\/?attachment_id=9413\" class=\"wp-image-9413\" srcset=\"https:\/\/www.ejercito.mil.uy\/wp-content\/uploads\/2022\/01\/31.12.2021-Incendios-en-varios-puntos-del-pais-4-1024x683.jpg 1024w, https:\/\/www.ejercito.mil.uy\/wp-content\/uploads\/2022\/01\/31.12.2021-Incendios-en-varios-puntos-del-pais-4-300x200.jpg 300w, https:\/\/www.ejercito.mil.uy\/wp-content\/uploads\/2022\/01\/31.12.2021-Incendios-en-varios-puntos-del-pais-4.jpg 1200w\" sizes=\"(max-width: 1024px) 100vw, 1024px\" \/><\/figure><\/div><div class=\"coblocks-gallery--item\"><figure class=\"coblocks-gallery--figure has-margin-left-5 has-margin-left-mobile-5 has-margin-right-5 has-margin-right-mobile-5\"><img loading=\"lazy\" decoding=\"async\" width=\"1024\" height=\"683\" src=\"https:\/\/www.ejercito.mil.uy\/wp-content\/uploads\/2022\/01\/31.12.2021-Incendios-en-varios-puntos-del-pais-5-1024x683.jpg\" alt=\"\" data-id=\"9414\" data-link=\"https:\/\/www.ejercito.mil.uy\/?attachment_id=9414\" class=\"wp-image-9414\" srcset=\"https:\/\/www.ejercito.mil.uy\/wp-content\/uploads\/2022\/01\/31.12.2021-Incendios-en-varios-puntos-del-pais-5-1024x683.jpg 1024w, https:\/\/www.ejercito.mil.uy\/wp-content\/uploads\/2022\/01\/31.12.2021-Incendios-en-varios-puntos-del-pais-5-300x200.jpg 300w, https:\/\/www.ejercito.mil.uy\/wp-content\/uploads\/2022\/01\/31.12.2021-Incendios-en-varios-puntos-del-pais-5.jpg 1200w\" sizes=\"(max-width: 1024px) 100vw, 1024px\" \/><\/figure><\/div><div class=\"coblocks-gallery--item\"><figure class=\"coblocks-gallery--figure has-margin-left-5 has-margin-left-mobile-5 has-margin-right-5 has-margin-right-mobile-5\"><img loading=\"lazy\" decoding=\"async\" width=\"1024\" height=\"683\" src=\"https:\/\/www.ejercito.mil.uy\/wp-content\/uploads\/2022\/01\/31.12.2021-Incendios-en-varios-puntos-del-pais-6-1024x683.jpg\" alt=\"\" data-id=\"9415\" data-link=\"https:\/\/www.ejercito.mil.uy\/?attachment_id=9415\" class=\"wp-image-9415\" srcset=\"https:\/\/www.ejercito.mil.uy\/wp-content\/uploads\/2022\/01\/31.12.2021-Incendios-en-varios-puntos-del-pais-6-1024x683.jpg 1024w, https:\/\/www.ejercito.mil.uy\/wp-content\/uploads\/2022\/01\/31.12.2021-Incendios-en-varios-puntos-del-pais-6-300x200.jpg 300w, https:\/\/www.ejercito.mil.uy\/wp-content\/uploads\/2022\/01\/31.12.2021-Incendios-en-varios-puntos-del-pais-6.jpg 1200w\" sizes=\"(max-width: 1024px) 100vw, 1024px\" \/><\/figure><\/div><div class=\"coblocks-gallery--item\"><figure class=\"coblocks-gallery--figure has-margin-left-5 has-margin-left-mobile-5 has-margin-right-5 has-margin-right-mobile-5\"><img loading=\"lazy\" decoding=\"async\" width=\"1024\" height=\"683\" src=\"https:\/\/www.ejercito.mil.uy\/wp-content\/uploads\/2022\/01\/31.12.2021-Incendios-en-varios-puntos-del-pais-7-1024x683.jpg\" alt=\"\" data-id=\"9416\" data-link=\"https:\/\/www.ejercito.mil.uy\/?attachment_id=9416\" class=\"wp-image-9416\" srcset=\"https:\/\/www.ejercito.mil.uy\/wp-content\/uploads\/2022\/01\/31.12.2021-Incendios-en-varios-puntos-del-pais-7-1024x683.jpg 1024w, https:\/\/www.ejercito.mil.uy\/wp-content\/uploads\/2022\/01\/31.12.2021-Incendios-en-varios-puntos-del-pais-7-300x200.jpg 300w, https:\/\/www.ejercito.mil.uy\/wp-content\/uploads\/2022\/01\/31.12.2021-Incendios-en-varios-puntos-del-pais-7.jpg 1200w\" sizes=\"(max-width: 1024px) 100vw, 1024px\" \/><\/figure><\/div><div class=\"coblocks-gallery--item\"><figure class=\"coblocks-gallery--figure has-margin-left-5 has-margin-left-mobile-5 has-margin-right-5 has-margin-right-mobile-5\"><img loading=\"lazy\" decoding=\"async\" width=\"1024\" height=\"683\" src=\"https:\/\/www.ejercito.mil.uy\/wp-content\/uploads\/2022\/01\/31.12.2021-Incendios-en-varios-puntos-del-pais-8-1024x683.jpg\" alt=\"\" data-id=\"9417\" data-link=\"https:\/\/www.ejercito.mil.uy\/?attachment_id=9417\" class=\"wp-image-9417\" srcset=\"https:\/\/www.ejercito.mil.uy\/wp-content\/uploads\/2022\/01\/31.12.2021-Incendios-en-varios-puntos-del-pais-8-1024x683.jpg 1024w, https:\/\/www.ejercito.mil.uy\/wp-content\/uploads\/2022\/01\/31.12.2021-Incendios-en-varios-puntos-del-pais-8-300x200.jpg 300w, https:\/\/www.ejercito.mil.uy\/wp-content\/uploads\/2022\/01\/31.12.2021-Incendios-en-varios-puntos-del-pais-8.jpg 1200w\" sizes=\"(max-width: 1024px) 100vw, 1024px\" \/><\/figure><\/div><\/div><\/div><\/div>\n","protected":false},"excerpt":{"rendered":"<p>31.12.2021 &#8211; Desde hace varios d\u00edas, efectivos del Ej\u00e9rcito del Uruguay trabajaron en apoyo a Bomberos, para extinguir incendios en varios puntos del pa\u00eds. <\/p>\n","protected":false},"author":4,"featured_media":9401,"comment_status":"open","ping_status":"open","sticky":false,"template":"","format":"standard","meta":{"_coblocks_attr":"","_coblocks_dimensions":"","_coblocks_responsive_height":"","_coblocks_accordion_ie_support":"","_monsterinsights_skip_tracking":false,"_monsterinsights_sitenote_active":false,"_monsterinsights_sitenote_note":"","_monsterinsights_sitenote_category":0,"_uf_show_specific_survey":0,"_uf_disable_surveys":false,"footnotes":""},"categories":[2,14],"tags":[27,32,298,29,160,37],"class_list":["post-9397","post","type-post","status-publish","format-standard","has-post-thumbnail","hentry","category-blog","category-noticias","tag-apoyo","tag-bienestar","tag-bomberos","tag-comunidad","tag-incendio","tag-sociedad"],"aioseo_notices":[],"_links":{"self":[{"href":"https:\/\/www.ejercito.mil.uy\/index.php\/wp-json\/wp\/v2\/posts\/9397","targetHints":{"allow":["GET"]}}],"collection":[{"href":"https:\/\/www.ejercito.mil.uy\/index.php\/wp-json\/wp\/v2\/posts"}],"about":[{"href":"https:\/\/www.ejercito.mil.uy\/index.php\/wp-json\/wp\/v2\/types\/post"}],"author":[{"embeddable":true,"href":"https:\/\/www.ejercito.mil.uy\/index.php\/wp-json\/wp\/v2\/users\/4"}],"replies":[{"embeddable":true,"href":"https:\/\/www.ejercito.mil.uy\/index.php\/wp-json\/wp\/v2\/comments?post=9397"}],"version-history":[{"count":1,"href":"https:\/\/www.ejercito.mil.uy\/index.php\/wp-json\/wp\/v2\/posts\/9397\/revisions"}],"predecessor-version":[{"id":9418,"href":"https:\/\/www.ejercito.mil.uy\/index.php\/wp-json\/wp\/v2\/posts\/9397\/revisions\/9418"}],"wp:featuredmedia":[{"embeddable":true,"href":"https:\/\/www.ejercito.mil.uy\/index.php\/wp-json\/wp\/v2\/media\/9401"}],"wp:attachment":[{"href":"https:\/\/www.ejercito.mil.uy\/index.php\/wp-json\/wp\/v2\/media?parent=9397"}],"wp:term":[{"taxonomy":"category","embeddable":true,"href":"https:\/\/www.ejercito.mil.uy\/index.php\/wp-json\/wp\/v2\/categories?post=9397"},{"taxonomy":"post_tag","embeddable":true,"href":"https:\/\/www.ejercito.mil.uy\/index.php\/wp-json\/wp\/v2\/tags?post=9397"}],"curies":[{"name":"wp","href":"https:\/\/api.w.org\/{rel}","templated":true}]}}