{"id":9419,"date":"2022-01-02T17:00:00","date_gmt":"2022-01-02T20:00:00","guid":{"rendered":"https:\/\/www.ejercito.mil.uy\/?p=9419"},"modified":"2022-01-10T14:48:03","modified_gmt":"2022-01-10T17:48:03","slug":"el-ejercito-nacional-continua-apoyando-a-bomberos","status":"publish","type":"post","link":"https:\/\/www.ejercito.mil.uy\/index.php\/2022\/01\/02\/el-ejercito-nacional-continua-apoyando-a-bomberos\/","title":{"rendered":"El Ej\u00e9rcito Nacional contin\u00faa apoyando a Bomberos"},"content":{"rendered":"\n<div style=\"height:33px\" aria-hidden=\"true\" class=\"wp-block-spacer mt-0\"><\/div>\n\n\n\n<p class=\"wp-block-paragraph\" style=\"font-size:14px\">02.01.2022<\/p>\n\n\n\n<div style=\"height:24px\" aria-hidden=\"true\" class=\"wp-block-spacer\"><\/div>\n\n\n\n<p class=\"has-medium-font-size wp-block-paragraph\">La Fuerza de Todos contin\u00faa trabajando de forma ininterrumpida en Algorta, dpto. de R\u00edo Negro y los pueblos Piedras Coloradas y Orgoroso en Paysand\u00fa.<\/p>\n\n\n\n<div style=\"height:64px\" aria-hidden=\"true\" class=\"wp-block-spacer\"><\/div>\n\n\n\n<div aria-label=\"Carousel Gallery\" class=\"wp-block-coblocks-gallery-carousel alignfull\"><div class=\"is-cropped coblocks-gallery has-caption-style-dark has-horizontal-gutter\"><div class=\"has-carousel has-carousel-lrg\" style=\"height:400px\" data-flickity=\"{&quot;autoPlay&quot;:3000,&quot;draggable&quot;:false,&quot;pageDots&quot;:false,&quot;prevNextButtons&quot;:true,&quot;wrapAround&quot;:true,&quot;cellAlign&quot;:&quot;center&quot;,&quot;pauseAutoPlayOnHover&quot;:false,&quot;freeScroll&quot;:false,&quot;arrowShape&quot;:{&quot;x0&quot;:10,&quot;x1&quot;:60,&quot;y1&quot;:50,&quot;x2&quot;:65,&quot;y2&quot;:45,&quot;x3&quot;:20},&quot;thumbnails&quot;:false,&quot;responsiveHeight&quot;:false}\"><div class=\"coblocks-gallery--item\"><figure class=\"coblocks-gallery--figure has-margin-left-5 has-margin-left-mobile-5 has-margin-right-5 has-margin-right-mobile-5\"><img loading=\"lazy\" decoding=\"async\" width=\"1024\" height=\"683\" src=\"https:\/\/www.ejercito.mil.uy\/wp-content\/uploads\/2022\/01\/01.01.2022-incendio-en-algorta-1-1024x683.jpg\" alt=\"\" data-id=\"9422\" data-link=\"https:\/\/www.ejercito.mil.uy\/?attachment_id=9422\" class=\"wp-image-9422\" srcset=\"https:\/\/www.ejercito.mil.uy\/wp-content\/uploads\/2022\/01\/01.01.2022-incendio-en-algorta-1-1024x683.jpg 1024w, https:\/\/www.ejercito.mil.uy\/wp-content\/uploads\/2022\/01\/01.01.2022-incendio-en-algorta-1-300x200.jpg 300w, https:\/\/www.ejercito.mil.uy\/wp-content\/uploads\/2022\/01\/01.01.2022-incendio-en-algorta-1.jpg 1200w\" sizes=\"auto, (max-width: 1024px) 100vw, 1024px\" \/><\/figure><\/div><div class=\"coblocks-gallery--item\"><figure class=\"coblocks-gallery--figure has-margin-left-5 has-margin-left-mobile-5 has-margin-right-5 has-margin-right-mobile-5\"><img loading=\"lazy\" decoding=\"async\" width=\"1024\" height=\"683\" src=\"https:\/\/www.ejercito.mil.uy\/wp-content\/uploads\/2022\/01\/01.01.2022-incendio-en-algorta-2-1024x683.jpg\" alt=\"\" data-id=\"9423\" data-link=\"https:\/\/www.ejercito.mil.uy\/?attachment_id=9423\" class=\"wp-image-9423\" srcset=\"https:\/\/www.ejercito.mil.uy\/wp-content\/uploads\/2022\/01\/01.01.2022-incendio-en-algorta-2-1024x683.jpg 1024w, https:\/\/www.ejercito.mil.uy\/wp-content\/uploads\/2022\/01\/01.01.2022-incendio-en-algorta-2-300x200.jpg 300w, https:\/\/www.ejercito.mil.uy\/wp-content\/uploads\/2022\/01\/01.01.2022-incendio-en-algorta-2.jpg 1200w\" sizes=\"auto, (max-width: 1024px) 100vw, 1024px\" \/><\/figure><\/div><div class=\"coblocks-gallery--item\"><figure class=\"coblocks-gallery--figure has-margin-left-5 has-margin-left-mobile-5 has-margin-right-5 has-margin-right-mobile-5\"><img loading=\"lazy\" decoding=\"async\" width=\"1024\" height=\"683\" src=\"https:\/\/www.ejercito.mil.uy\/wp-content\/uploads\/2022\/01\/01.01.2022-incendio-en-algorta-3-1024x683.jpg\" alt=\"\" data-id=\"9424\" data-link=\"https:\/\/www.ejercito.mil.uy\/?attachment_id=9424\" class=\"wp-image-9424\" srcset=\"https:\/\/www.ejercito.mil.uy\/wp-content\/uploads\/2022\/01\/01.01.2022-incendio-en-algorta-3-1024x683.jpg 1024w, https:\/\/www.ejercito.mil.uy\/wp-content\/uploads\/2022\/01\/01.01.2022-incendio-en-algorta-3-300x200.jpg 300w, https:\/\/www.ejercito.mil.uy\/wp-content\/uploads\/2022\/01\/01.01.2022-incendio-en-algorta-3.jpg 1200w\" sizes=\"auto, (max-width: 1024px) 100vw, 1024px\" \/><\/figure><\/div><div class=\"coblocks-gallery--item\"><figure class=\"coblocks-gallery--figure has-margin-left-5 has-margin-left-mobile-5 has-margin-right-5 has-margin-right-mobile-5\"><img loading=\"lazy\" decoding=\"async\" width=\"1024\" height=\"683\" src=\"https:\/\/www.ejercito.mil.uy\/wp-content\/uploads\/2022\/01\/01.01.2022-incendio-en-algorta-4-1024x683.jpg\" alt=\"\" data-id=\"9425\" data-link=\"https:\/\/www.ejercito.mil.uy\/?attachment_id=9425\" class=\"wp-image-9425\" srcset=\"https:\/\/www.ejercito.mil.uy\/wp-content\/uploads\/2022\/01\/01.01.2022-incendio-en-algorta-4-1024x683.jpg 1024w, https:\/\/www.ejercito.mil.uy\/wp-content\/uploads\/2022\/01\/01.01.2022-incendio-en-algorta-4-300x200.jpg 300w, https:\/\/www.ejercito.mil.uy\/wp-content\/uploads\/2022\/01\/01.01.2022-incendio-en-algorta-4.jpg 1200w\" sizes=\"auto, (max-width: 1024px) 100vw, 1024px\" \/><\/figure><\/div><div class=\"coblocks-gallery--item\"><figure class=\"coblocks-gallery--figure has-margin-left-5 has-margin-left-mobile-5 has-margin-right-5 has-margin-right-mobile-5\"><img loading=\"lazy\" decoding=\"async\" width=\"1024\" height=\"683\" src=\"https:\/\/www.ejercito.mil.uy\/wp-content\/uploads\/2022\/01\/01.01.2022-incendio-en-algorta-5-1024x683.jpg\" alt=\"\" data-id=\"9426\" data-link=\"https:\/\/www.ejercito.mil.uy\/?attachment_id=9426\" class=\"wp-image-9426\" srcset=\"https:\/\/www.ejercito.mil.uy\/wp-content\/uploads\/2022\/01\/01.01.2022-incendio-en-algorta-5-1024x683.jpg 1024w, https:\/\/www.ejercito.mil.uy\/wp-content\/uploads\/2022\/01\/01.01.2022-incendio-en-algorta-5-300x200.jpg 300w, https:\/\/www.ejercito.mil.uy\/wp-content\/uploads\/2022\/01\/01.01.2022-incendio-en-algorta-5.jpg 1200w\" sizes=\"auto, (max-width: 1024px) 100vw, 1024px\" \/><\/figure><\/div><div class=\"coblocks-gallery--item\"><figure class=\"coblocks-gallery--figure has-margin-left-5 has-margin-left-mobile-5 has-margin-right-5 has-margin-right-mobile-5\"><img loading=\"lazy\" decoding=\"async\" width=\"1024\" height=\"683\" src=\"https:\/\/www.ejercito.mil.uy\/wp-content\/uploads\/2022\/01\/01.01.2022-incendio-en-algorta-6-1024x683.jpg\" alt=\"\" data-id=\"9427\" data-link=\"https:\/\/www.ejercito.mil.uy\/?attachment_id=9427\" class=\"wp-image-9427\" srcset=\"https:\/\/www.ejercito.mil.uy\/wp-content\/uploads\/2022\/01\/01.01.2022-incendio-en-algorta-6-1024x683.jpg 1024w, https:\/\/www.ejercito.mil.uy\/wp-content\/uploads\/2022\/01\/01.01.2022-incendio-en-algorta-6-300x200.jpg 300w, https:\/\/www.ejercito.mil.uy\/wp-content\/uploads\/2022\/01\/01.01.2022-incendio-en-algorta-6.jpg 1200w\" sizes=\"auto, (max-width: 1024px) 100vw, 1024px\" \/><\/figure><\/div><div class=\"coblocks-gallery--item\"><figure class=\"coblocks-gallery--figure has-margin-left-5 has-margin-left-mobile-5 has-margin-right-5 has-margin-right-mobile-5\"><img loading=\"lazy\" decoding=\"async\" width=\"1024\" height=\"683\" src=\"https:\/\/www.ejercito.mil.uy\/wp-content\/uploads\/2022\/01\/01.01.2022-incendio-en-algorta-7-1024x683.jpg\" alt=\"\" data-id=\"9428\" data-link=\"https:\/\/www.ejercito.mil.uy\/?attachment_id=9428\" class=\"wp-image-9428\" srcset=\"https:\/\/www.ejercito.mil.uy\/wp-content\/uploads\/2022\/01\/01.01.2022-incendio-en-algorta-7-1024x683.jpg 1024w, https:\/\/www.ejercito.mil.uy\/wp-content\/uploads\/2022\/01\/01.01.2022-incendio-en-algorta-7-300x200.jpg 300w, https:\/\/www.ejercito.mil.uy\/wp-content\/uploads\/2022\/01\/01.01.2022-incendio-en-algorta-7.jpg 1200w\" sizes=\"auto, (max-width: 1024px) 100vw, 1024px\" \/><\/figure><\/div><\/div><\/div><\/div>\n\n\n\n<div style=\"height:50px\" aria-hidden=\"true\" class=\"wp-block-spacer\"><\/div>\n\n\n\n<p class=\"wp-block-paragraph\">Los efectivos del <a href=\"https:\/\/www.facebook.com\/profile.php?id=100066599844173&amp;__cft__[0]=AZX-_Mn1z8fgTbMb0wBnBW0_sLH09hT6HS0K8iGPcZyrb7OSvwBx2BvOL05YkKqYxcV4Q5cxo4VaWPVr9BIhwbvl2ZdStlsbQZm_jyu-88KkBh1tlgh3ALkYh6WKylPTeKyfalVvOtMcKOaamroaWQ9r&amp;__tn__=-]K-R\">Batall\u00f3n \u00abGral. Leandro G\u00f3mez\u00bb de Infanter\u00eda Mecanizado N\u00b0 8<\/a> y Batall\u00f3n \u00abRinc\u00f3n\u00bb de Infanter\u00eda Mecanizado N\u00b0 9, realizan trabajos de enfriamiento de las zonas afectadas por los incendios y tareas de prevenci\u00f3n del fuego.<\/p>\n\n\n\n<div style=\"height:50px\" aria-hidden=\"true\" class=\"wp-block-spacer\"><\/div>\n\n\n\n<p class=\"wp-block-paragraph\">A su vez, personal militar del <a href=\"https:\/\/www.facebook.com\/Batallon15Florida\/?__cft__[0]=AZX-_Mn1z8fgTbMb0wBnBW0_sLH09hT6HS0K8iGPcZyrb7OSvwBx2BvOL05YkKqYxcV4Q5cxo4VaWPVr9BIhwbvl2ZdStlsbQZm_jyu-88KkBh1tlgh3ALkYh6WKylPTeKyfalVvOtMcKOaamroaWQ9r&amp;__tn__=kK-R\">Batall\u00f3n de Infanter\u00eda Mecanizado N\u00b0 15<\/a> y <a href=\"https:\/\/www.facebook.com\/Batall%C3%B3n-Sarand%C3%AD-de-Ingenieros-de-Combate-Nro-2-302734300330499\/?__cft__[0]=AZX-_Mn1z8fgTbMb0wBnBW0_sLH09hT6HS0K8iGPcZyrb7OSvwBx2BvOL05YkKqYxcV4Q5cxo4VaWPVr9BIhwbvl2ZdStlsbQZm_jyu-88KkBh1tlgh3ALkYh6WKylPTeKyfalVvOtMcKOaamroaWQ9r&amp;__tn__=kK-R\">Batall\u00f3n \u00abSarand\u00ed\u00bb de Ingenieros de Combate N\u00b0 2<\/a>, en este momento apoya a Bomberos a extinguir un incendio que se propag\u00f3 en un campo ubicado en el km 13 de la Ruta 12, dpto. de Florida.<\/p>\n\n\n\n<div style=\"height:66px\" aria-hidden=\"true\" class=\"wp-block-spacer\"><\/div>\n\n\n\n<figure class=\"wp-block-image size-large\"><img loading=\"lazy\" decoding=\"async\" width=\"1024\" height=\"683\" src=\"https:\/\/www.ejercito.mil.uy\/wp-content\/uploads\/2022\/01\/02.01.2022-Apoyo-a-bomberos-2-1024x683.jpg\" alt=\"\" class=\"wp-image-9421\" srcset=\"https:\/\/www.ejercito.mil.uy\/wp-content\/uploads\/2022\/01\/02.01.2022-Apoyo-a-bomberos-2-1024x683.jpg 1024w, https:\/\/www.ejercito.mil.uy\/wp-content\/uploads\/2022\/01\/02.01.2022-Apoyo-a-bomberos-2-300x200.jpg 300w, https:\/\/www.ejercito.mil.uy\/wp-content\/uploads\/2022\/01\/02.01.2022-Apoyo-a-bomberos-2.jpg 1200w\" sizes=\"auto, (max-width: 1024px) 100vw, 1024px\" \/><\/figure>\n\n\n\n<div style=\"height:66px\" aria-hidden=\"true\" class=\"wp-block-spacer\"><\/div>\n\n\n\n<p class=\"wp-block-paragraph\">En el d\u00eda de ayer, personal Militar colabor\u00f3 con Bomberos para extinguir un incendio que se propag\u00f3 en \u00abLas Cumbres\u00bb, Ruta 12, dpto. de Maldonado.<\/p>\n\n\n\n<div style=\"height:66px\" aria-hidden=\"true\" class=\"wp-block-spacer\"><\/div>\n\n\n\n<figure class=\"wp-block-gallery columns-2 is-cropped wp-block-gallery-1 is-layout-flex wp-block-gallery-is-layout-flex\"><ul class=\"blocks-gallery-grid\"><li class=\"blocks-gallery-item\"><figure><img loading=\"lazy\" decoding=\"async\" width=\"1024\" height=\"683\" src=\"https:\/\/www.ejercito.mil.uy\/wp-content\/uploads\/2022\/01\/01.01.2022-incendio-en-maldonado-1-1024x683.jpg\" alt=\"\" data-id=\"9429\" class=\"wp-image-9429\" srcset=\"https:\/\/www.ejercito.mil.uy\/wp-content\/uploads\/2022\/01\/01.01.2022-incendio-en-maldonado-1-1024x683.jpg 1024w, https:\/\/www.ejercito.mil.uy\/wp-content\/uploads\/2022\/01\/01.01.2022-incendio-en-maldonado-1-300x200.jpg 300w, https:\/\/www.ejercito.mil.uy\/wp-content\/uploads\/2022\/01\/01.01.2022-incendio-en-maldonado-1.jpg 1200w\" sizes=\"auto, (max-width: 1024px) 100vw, 1024px\" \/><\/figure><\/li><li class=\"blocks-gallery-item\"><figure><img loading=\"lazy\" decoding=\"async\" width=\"1024\" height=\"683\" src=\"https:\/\/www.ejercito.mil.uy\/wp-content\/uploads\/2022\/01\/01.01.2022-incendio-en-maldonado-2-1024x683.jpg\" alt=\"\" data-id=\"9430\" data-full-url=\"https:\/\/www.ejercito.mil.uy\/wp-content\/uploads\/2022\/01\/01.01.2022-incendio-en-maldonado-2.jpg\" data-link=\"https:\/\/www.ejercito.mil.uy\/?attachment_id=9430\" class=\"wp-image-9430\" srcset=\"https:\/\/www.ejercito.mil.uy\/wp-content\/uploads\/2022\/01\/01.01.2022-incendio-en-maldonado-2-1024x683.jpg 1024w, https:\/\/www.ejercito.mil.uy\/wp-content\/uploads\/2022\/01\/01.01.2022-incendio-en-maldonado-2-300x200.jpg 300w, https:\/\/www.ejercito.mil.uy\/wp-content\/uploads\/2022\/01\/01.01.2022-incendio-en-maldonado-2.jpg 1200w\" sizes=\"auto, (max-width: 1024px) 100vw, 1024px\" \/><\/figure><\/li><\/ul><\/figure>\n\n\n\n<div style=\"height:66px\" aria-hidden=\"true\" class=\"wp-block-spacer\"><\/div>\n","protected":false},"excerpt":{"rendered":"<p>02.01.2022 \u2013 La Fuerza de Todos contin\u00faa trabajando de forma ininterrumpida en Algorta, dpto. de R\u00edo Negro y los pueblos Piedras Coloradas y Orgoroso en Paysand\u00fa.<\/p>\n","protected":false},"author":4,"featured_media":9420,"comment_status":"closed","ping_status":"open","sticky":false,"template":"","format":"standard","meta":{"_coblocks_attr":"","_coblocks_dimensions":"","_coblocks_responsive_height":"","_coblocks_accordion_ie_support":"","_monsterinsights_skip_tracking":false,"_uf_show_specific_survey":0,"_uf_disable_surveys":false,"footnotes":""},"categories":[2,14],"tags":[27],"class_list":["post-9419","post","type-post","status-publish","format-standard","has-post-thumbnail","hentry","category-blog","category-noticias","tag-apoyo"],"aioseo_notices":[],"aioseo_head":"\n\t\t<!-- All in One SEO 5.0.1.1 - aioseo.com -->\n\t<meta name=\"description\" content=\"02.01.2022 \u2013 La Fuerza de Todos contin\u00faa trabajando de forma ininterrumpida en Algorta, dpto. de R\u00edo Negro y los pueblos Piedras Coloradas y Orgoroso en Paysand\u00fa.\" \/>\n\t<meta name=\"robots\" content=\"max-image-preview:large\" \/>\n\t<meta name=\"author\" content=\"Alejandro Castro\"\/>\n\t<link rel=\"canonical\" href=\"https:\/\/www.ejercito.mil.uy\/index.php\/2022\/01\/02\/el-ejercito-nacional-continua-apoyando-a-bomberos\/\" \/>\n\t<meta name=\"generator\" content=\"All in One SEO (AIOSEO) 5.0.1.1\" \/>\n\t\t<meta property=\"og:locale\" content=\"es_ES\" \/>\n\t\t<meta property=\"og:site_name\" content=\"Ej\u00e9rcito Nacional - La Fuerza de todos\" \/>\n\t\t<meta property=\"og:type\" content=\"article\" \/>\n\t\t<meta property=\"og:title\" content=\"El Ej\u00e9rcito Nacional contin\u00faa apoyando a Bomberos - Ej\u00e9rcito Nacional\" \/>\n\t\t<meta property=\"og:description\" content=\"02.01.2022 \u2013 La Fuerza de Todos contin\u00faa trabajando de forma ininterrumpida en Algorta, dpto. de R\u00edo Negro y los pueblos Piedras Coloradas y Orgoroso en Paysand\u00fa.\" \/>\n\t\t<meta property=\"og:url\" content=\"https:\/\/www.ejercito.mil.uy\/index.php\/2022\/01\/02\/el-ejercito-nacional-continua-apoyando-a-bomberos\/\" \/>\n\t\t<meta property=\"og:image\" content=\"https:\/\/www.ejercito.mil.uy\/wp-content\/uploads\/2022\/01\/Escudo_EN_URUGUAY.png\" \/>\n\t\t<meta property=\"og:image:secure_url\" content=\"https:\/\/www.ejercito.mil.uy\/wp-content\/uploads\/2022\/01\/Escudo_EN_URUGUAY.png\" \/>\n\t\t<meta property=\"og:image:width\" content=\"134\" \/>\n\t\t<meta property=\"og:image:height\" content=\"119\" \/>\n\t\t<meta property=\"article:published_time\" content=\"2022-01-02T20:00:00+00:00\" \/>\n\t\t<meta property=\"article:modified_time\" content=\"2022-01-10T17:48:03+00:00\" \/>\n\t\t<meta name=\"twitter:card\" content=\"summary_large_image\" \/>\n\t\t<meta name=\"twitter:title\" content=\"El Ej\u00e9rcito Nacional contin\u00faa apoyando a Bomberos - Ej\u00e9rcito Nacional\" \/>\n\t\t<meta name=\"twitter:description\" content=\"02.01.2022 \u2013 La Fuerza de Todos contin\u00faa trabajando de forma ininterrumpida en Algorta, dpto. de R\u00edo Negro y los pueblos Piedras Coloradas y Orgoroso en Paysand\u00fa.\" \/>\n\t\t<meta name=\"twitter:image\" content=\"https:\/\/www.ejercito.mil.uy\/wp-content\/uploads\/2022\/01\/Escudo_EN_URUGUAY.png\" \/>\n\t\t<script type=\"application\/ld+json\" class=\"aioseo-schema\">\n\t\t\t{\"@context\":\"https:\\\/\\\/schema.org\",\"@graph\":[{\"@type\":\"BlogPosting\",\"@id\":\"https:\\\/\\\/www.ejercito.mil.uy\\\/index.php\\\/2022\\\/01\\\/02\\\/el-ejercito-nacional-continua-apoyando-a-bomberos\\\/#blogposting\",\"name\":\"El Ej\\u00e9rcito Nacional contin\\u00faa apoyando a Bomberos - Ej\\u00e9rcito Nacional\",\"headline\":\"El Ej\\u00e9rcito Nacional contin\\u00faa apoyando a Bomberos\",\"author\":{\"@id\":\"https:\\\/\\\/www.ejercito.mil.uy\\\/index.php\\\/author\\\/acastro\\\/#author\"},\"publisher\":{\"@id\":\"https:\\\/\\\/www.ejercito.mil.uy\\\/#organization\"},\"image\":{\"@type\":\"ImageObject\",\"url\":\"https:\\\/\\\/www.ejercito.mil.uy\\\/wp-content\\\/uploads\\\/2022\\\/01\\\/02.01.2022-Apoyo-a-bomberos-1.jpg\",\"width\":1200,\"height\":800},\"datePublished\":\"2022-01-02T17:00:00-03:00\",\"dateModified\":\"2022-01-10T14:48:03-03:00\",\"inLanguage\":\"es-UY\",\"mainEntityOfPage\":{\"@id\":\"https:\\\/\\\/www.ejercito.mil.uy\\\/index.php\\\/2022\\\/01\\\/02\\\/el-ejercito-nacional-continua-apoyando-a-bomberos\\\/#webpage\"},\"isPartOf\":{\"@id\":\"https:\\\/\\\/www.ejercito.mil.uy\\\/index.php\\\/2022\\\/01\\\/02\\\/el-ejercito-nacional-continua-apoyando-a-bomberos\\\/#webpage\"},\"articleSection\":\"Blog, Noticias, apoyo\"},{\"@type\":\"BreadcrumbList\",\"@id\":\"https:\\\/\\\/www.ejercito.mil.uy\\\/index.php\\\/2022\\\/01\\\/02\\\/el-ejercito-nacional-continua-apoyando-a-bomberos\\\/#breadcrumblist\",\"itemListElement\":[{\"@type\":\"ListItem\",\"@id\":\"https:\\\/\\\/www.ejercito.mil.uy#listItem\",\"position\":1,\"name\":\"Home\",\"item\":\"https:\\\/\\\/www.ejercito.mil.uy\",\"nextItem\":{\"@type\":\"ListItem\",\"@id\":\"https:\\\/\\\/www.ejercito.mil.uy\\\/index.php\\\/category\\\/destacados\\\/#listItem\",\"name\":\"Destacados\"}},{\"@type\":\"ListItem\",\"@id\":\"https:\\\/\\\/www.ejercito.mil.uy\\\/index.php\\\/category\\\/destacados\\\/#listItem\",\"position\":2,\"name\":\"Destacados\",\"item\":\"https:\\\/\\\/www.ejercito.mil.uy\\\/index.php\\\/category\\\/destacados\\\/\",\"nextItem\":{\"@type\":\"ListItem\",\"@id\":\"https:\\\/\\\/www.ejercito.mil.uy\\\/index.php\\\/category\\\/destacados\\\/noticias\\\/#listItem\",\"name\":\"Noticias\"},\"previousItem\":{\"@type\":\"ListItem\",\"@id\":\"https:\\\/\\\/www.ejercito.mil.uy#listItem\",\"name\":\"Home\"}},{\"@type\":\"ListItem\",\"@id\":\"https:\\\/\\\/www.ejercito.mil.uy\\\/index.php\\\/category\\\/destacados\\\/noticias\\\/#listItem\",\"position\":3,\"name\":\"Noticias\",\"item\":\"https:\\\/\\\/www.ejercito.mil.uy\\\/index.php\\\/category\\\/destacados\\\/noticias\\\/\",\"nextItem\":{\"@type\":\"ListItem\",\"@id\":\"https:\\\/\\\/www.ejercito.mil.uy\\\/index.php\\\/2022\\\/01\\\/02\\\/el-ejercito-nacional-continua-apoyando-a-bomberos\\\/#listItem\",\"name\":\"El Ej\\u00e9rcito Nacional contin\\u00faa apoyando a Bomberos\"},\"previousItem\":{\"@type\":\"ListItem\",\"@id\":\"https:\\\/\\\/www.ejercito.mil.uy\\\/index.php\\\/category\\\/destacados\\\/#listItem\",\"name\":\"Destacados\"}},{\"@type\":\"ListItem\",\"@id\":\"https:\\\/\\\/www.ejercito.mil.uy\\\/index.php\\\/2022\\\/01\\\/02\\\/el-ejercito-nacional-continua-apoyando-a-bomberos\\\/#listItem\",\"position\":4,\"name\":\"El Ej\\u00e9rcito Nacional contin\\u00faa apoyando a Bomberos\",\"previousItem\":{\"@type\":\"ListItem\",\"@id\":\"https:\\\/\\\/www.ejercito.mil.uy\\\/index.php\\\/category\\\/destacados\\\/noticias\\\/#listItem\",\"name\":\"Noticias\"}}]},{\"@type\":\"Organization\",\"@id\":\"https:\\\/\\\/www.ejercito.mil.uy\\\/#organization\",\"name\":\"Ej\\u00e9rcito Nacional\",\"description\":\"La Fuerza de todos\",\"url\":\"https:\\\/\\\/www.ejercito.mil.uy\\\/\",\"logo\":{\"@type\":\"ImageObject\",\"url\":\"https:\\\/\\\/www.ejercito.mil.uy\\\/wp-content\\\/uploads\\\/2022\\\/01\\\/Escudo_EN_URUGUAY.png\",\"@id\":\"https:\\\/\\\/www.ejercito.mil.uy\\\/index.php\\\/2022\\\/01\\\/02\\\/el-ejercito-nacional-continua-apoyando-a-bomberos\\\/#organizationLogo\",\"width\":134,\"height\":119},\"image\":{\"@id\":\"https:\\\/\\\/www.ejercito.mil.uy\\\/index.php\\\/2022\\\/01\\\/02\\\/el-ejercito-nacional-continua-apoyando-a-bomberos\\\/#organizationLogo\"}},{\"@type\":\"Person\",\"@id\":\"https:\\\/\\\/www.ejercito.mil.uy\\\/index.php\\\/author\\\/acastro\\\/#author\",\"url\":\"https:\\\/\\\/www.ejercito.mil.uy\\\/index.php\\\/author\\\/acastro\\\/\",\"name\":\"Alejandro Castro\",\"image\":{\"@type\":\"ImageObject\",\"@id\":\"https:\\\/\\\/www.ejercito.mil.uy\\\/index.php\\\/2022\\\/01\\\/02\\\/el-ejercito-nacional-continua-apoyando-a-bomberos\\\/#authorImage\",\"url\":\"https:\\\/\\\/secure.gravatar.com\\\/avatar\\\/89bb77d4bf696501dd94ca89e6794e1787eaffba7c7197528d249e15bd099f68?s=96&d=mm&r=g\",\"width\":96,\"height\":96,\"caption\":\"Alejandro Castro\"}},{\"@type\":\"WebPage\",\"@id\":\"https:\\\/\\\/www.ejercito.mil.uy\\\/index.php\\\/2022\\\/01\\\/02\\\/el-ejercito-nacional-continua-apoyando-a-bomberos\\\/#webpage\",\"url\":\"https:\\\/\\\/www.ejercito.mil.uy\\\/index.php\\\/2022\\\/01\\\/02\\\/el-ejercito-nacional-continua-apoyando-a-bomberos\\\/\",\"name\":\"El Ej\\u00e9rcito Nacional contin\\u00faa apoyando a Bomberos - Ej\\u00e9rcito Nacional\",\"description\":\"02.01.2022 \\u2013 La Fuerza de Todos contin\\u00faa trabajando de forma ininterrumpida en Algorta, dpto. de R\\u00edo Negro y los pueblos Piedras Coloradas y Orgoroso en Paysand\\u00fa.\",\"inLanguage\":\"es-UY\",\"isPartOf\":{\"@id\":\"https:\\\/\\\/www.ejercito.mil.uy\\\/#website\"},\"breadcrumb\":{\"@id\":\"https:\\\/\\\/www.ejercito.mil.uy\\\/index.php\\\/2022\\\/01\\\/02\\\/el-ejercito-nacional-continua-apoyando-a-bomberos\\\/#breadcrumblist\"},\"author\":{\"@id\":\"https:\\\/\\\/www.ejercito.mil.uy\\\/index.php\\\/author\\\/acastro\\\/#author\"},\"creator\":{\"@id\":\"https:\\\/\\\/www.ejercito.mil.uy\\\/index.php\\\/author\\\/acastro\\\/#author\"},\"image\":{\"@type\":\"ImageObject\",\"url\":\"https:\\\/\\\/www.ejercito.mil.uy\\\/wp-content\\\/uploads\\\/2022\\\/01\\\/02.01.2022-Apoyo-a-bomberos-1.jpg\",\"@id\":\"https:\\\/\\\/www.ejercito.mil.uy\\\/index.php\\\/2022\\\/01\\\/02\\\/el-ejercito-nacional-continua-apoyando-a-bomberos\\\/#mainImage\",\"width\":1200,\"height\":800},\"primaryImageOfPage\":{\"@id\":\"https:\\\/\\\/www.ejercito.mil.uy\\\/index.php\\\/2022\\\/01\\\/02\\\/el-ejercito-nacional-continua-apoyando-a-bomberos\\\/#mainImage\"},\"datePublished\":\"2022-01-02T17:00:00-03:00\",\"dateModified\":\"2022-01-10T14:48:03-03:00\"},{\"@type\":\"WebSite\",\"@id\":\"https:\\\/\\\/www.ejercito.mil.uy\\\/#website\",\"url\":\"https:\\\/\\\/www.ejercito.mil.uy\\\/\",\"name\":\"Ej\\u00e9rcito Nacional\",\"description\":\"La Fuerza de todos\",\"inLanguage\":\"es-UY\",\"publisher\":{\"@id\":\"https:\\\/\\\/www.ejercito.mil.uy\\\/#organization\"}}]}\n\t\t<\/script>\n\t\t<!-- All in One SEO -->\n\n","aioseo_head_json":{"title":"El Ej\u00e9rcito Nacional contin\u00faa apoyando a Bomberos - Ej\u00e9rcito Nacional","description":"02.01.2022 \u2013 La Fuerza de Todos contin\u00faa trabajando de forma ininterrumpida en Algorta, dpto. de R\u00edo Negro y los pueblos Piedras Coloradas y Orgoroso en Paysand\u00fa.","canonical_url":"https:\/\/www.ejercito.mil.uy\/index.php\/2022\/01\/02\/el-ejercito-nacional-continua-apoyando-a-bomberos\/","robots":"max-image-preview:large","keywords":"","webmasterTools":{"miscellaneous":""},"schema":{"@context":"https:\/\/schema.org","@graph":[{"@type":"BlogPosting","@id":"https:\/\/www.ejercito.mil.uy\/index.php\/2022\/01\/02\/el-ejercito-nacional-continua-apoyando-a-bomberos\/#blogposting","name":"El Ej\u00e9rcito Nacional contin\u00faa apoyando a Bomberos - Ej\u00e9rcito Nacional","headline":"El Ej\u00e9rcito Nacional contin\u00faa apoyando a Bomberos","author":{"@id":"https:\/\/www.ejercito.mil.uy\/index.php\/author\/acastro\/#author"},"publisher":{"@id":"https:\/\/www.ejercito.mil.uy\/#organization"},"image":{"@type":"ImageObject","url":"https:\/\/www.ejercito.mil.uy\/wp-content\/uploads\/2022\/01\/02.01.2022-Apoyo-a-bomberos-1.jpg","width":1200,"height":800},"datePublished":"2022-01-02T17:00:00-03:00","dateModified":"2022-01-10T14:48:03-03:00","inLanguage":"es-UY","mainEntityOfPage":{"@id":"https:\/\/www.ejercito.mil.uy\/index.php\/2022\/01\/02\/el-ejercito-nacional-continua-apoyando-a-bomberos\/#webpage"},"isPartOf":{"@id":"https:\/\/www.ejercito.mil.uy\/index.php\/2022\/01\/02\/el-ejercito-nacional-continua-apoyando-a-bomberos\/#webpage"},"articleSection":"Blog, Noticias, apoyo"},{"@type":"BreadcrumbList","@id":"https:\/\/www.ejercito.mil.uy\/index.php\/2022\/01\/02\/el-ejercito-nacional-continua-apoyando-a-bomberos\/#breadcrumblist","itemListElement":[{"@type":"ListItem","@id":"https:\/\/www.ejercito.mil.uy#listItem","position":1,"name":"Home","item":"https:\/\/www.ejercito.mil.uy","nextItem":{"@type":"ListItem","@id":"https:\/\/www.ejercito.mil.uy\/index.php\/category\/destacados\/#listItem","name":"Destacados"}},{"@type":"ListItem","@id":"https:\/\/www.ejercito.mil.uy\/index.php\/category\/destacados\/#listItem","position":2,"name":"Destacados","item":"https:\/\/www.ejercito.mil.uy\/index.php\/category\/destacados\/","nextItem":{"@type":"ListItem","@id":"https:\/\/www.ejercito.mil.uy\/index.php\/category\/destacados\/noticias\/#listItem","name":"Noticias"},"previousItem":{"@type":"ListItem","@id":"https:\/\/www.ejercito.mil.uy#listItem","name":"Home"}},{"@type":"ListItem","@id":"https:\/\/www.ejercito.mil.uy\/index.php\/category\/destacados\/noticias\/#listItem","position":3,"name":"Noticias","item":"https:\/\/www.ejercito.mil.uy\/index.php\/category\/destacados\/noticias\/","nextItem":{"@type":"ListItem","@id":"https:\/\/www.ejercito.mil.uy\/index.php\/2022\/01\/02\/el-ejercito-nacional-continua-apoyando-a-bomberos\/#listItem","name":"El Ej\u00e9rcito Nacional contin\u00faa apoyando a Bomberos"},"previousItem":{"@type":"ListItem","@id":"https:\/\/www.ejercito.mil.uy\/index.php\/category\/destacados\/#listItem","name":"Destacados"}},{"@type":"ListItem","@id":"https:\/\/www.ejercito.mil.uy\/index.php\/2022\/01\/02\/el-ejercito-nacional-continua-apoyando-a-bomberos\/#listItem","position":4,"name":"El Ej\u00e9rcito Nacional contin\u00faa apoyando a Bomberos","previousItem":{"@type":"ListItem","@id":"https:\/\/www.ejercito.mil.uy\/index.php\/category\/destacados\/noticias\/#listItem","name":"Noticias"}}]},{"@type":"Organization","@id":"https:\/\/www.ejercito.mil.uy\/#organization","name":"Ej\u00e9rcito Nacional","description":"La Fuerza de todos","url":"https:\/\/www.ejercito.mil.uy\/","logo":{"@type":"ImageObject","url":"https:\/\/www.ejercito.mil.uy\/wp-content\/uploads\/2022\/01\/Escudo_EN_URUGUAY.png","@id":"https:\/\/www.ejercito.mil.uy\/index.php\/2022\/01\/02\/el-ejercito-nacional-continua-apoyando-a-bomberos\/#organizationLogo","width":134,"height":119},"image":{"@id":"https:\/\/www.ejercito.mil.uy\/index.php\/2022\/01\/02\/el-ejercito-nacional-continua-apoyando-a-bomberos\/#organizationLogo"}},{"@type":"Person","@id":"https:\/\/www.ejercito.mil.uy\/index.php\/author\/acastro\/#author","url":"https:\/\/www.ejercito.mil.uy\/index.php\/author\/acastro\/","name":"Alejandro Castro","image":{"@type":"ImageObject","@id":"https:\/\/www.ejercito.mil.uy\/index.php\/2022\/01\/02\/el-ejercito-nacional-continua-apoyando-a-bomberos\/#authorImage","url":"https:\/\/secure.gravatar.com\/avatar\/89bb77d4bf696501dd94ca89e6794e1787eaffba7c7197528d249e15bd099f68?s=96&d=mm&r=g","width":96,"height":96,"caption":"Alejandro Castro"}},{"@type":"WebPage","@id":"https:\/\/www.ejercito.mil.uy\/index.php\/2022\/01\/02\/el-ejercito-nacional-continua-apoyando-a-bomberos\/#webpage","url":"https:\/\/www.ejercito.mil.uy\/index.php\/2022\/01\/02\/el-ejercito-nacional-continua-apoyando-a-bomberos\/","name":"El Ej\u00e9rcito Nacional contin\u00faa apoyando a Bomberos - Ej\u00e9rcito Nacional","description":"02.01.2022 \u2013 La Fuerza de Todos contin\u00faa trabajando de forma ininterrumpida en Algorta, dpto. de R\u00edo Negro y los pueblos Piedras Coloradas y Orgoroso en Paysand\u00fa.","inLanguage":"es-UY","isPartOf":{"@id":"https:\/\/www.ejercito.mil.uy\/#website"},"breadcrumb":{"@id":"https:\/\/www.ejercito.mil.uy\/index.php\/2022\/01\/02\/el-ejercito-nacional-continua-apoyando-a-bomberos\/#breadcrumblist"},"author":{"@id":"https:\/\/www.ejercito.mil.uy\/index.php\/author\/acastro\/#author"},"creator":{"@id":"https:\/\/www.ejercito.mil.uy\/index.php\/author\/acastro\/#author"},"image":{"@type":"ImageObject","url":"https:\/\/www.ejercito.mil.uy\/wp-content\/uploads\/2022\/01\/02.01.2022-Apoyo-a-bomberos-1.jpg","@id":"https:\/\/www.ejercito.mil.uy\/index.php\/2022\/01\/02\/el-ejercito-nacional-continua-apoyando-a-bomberos\/#mainImage","width":1200,"height":800},"primaryImageOfPage":{"@id":"https:\/\/www.ejercito.mil.uy\/index.php\/2022\/01\/02\/el-ejercito-nacional-continua-apoyando-a-bomberos\/#mainImage"},"datePublished":"2022-01-02T17:00:00-03:00","dateModified":"2022-01-10T14:48:03-03:00"},{"@type":"WebSite","@id":"https:\/\/www.ejercito.mil.uy\/#website","url":"https:\/\/www.ejercito.mil.uy\/","name":"Ej\u00e9rcito Nacional","description":"La Fuerza de todos","inLanguage":"es-UY","publisher":{"@id":"https:\/\/www.ejercito.mil.uy\/#organization"}}]},"og:locale":"es_ES","og:site_name":"Ej\u00e9rcito Nacional - La Fuerza de todos","og:type":"article","og:title":"El Ej\u00e9rcito Nacional contin\u00faa apoyando a Bomberos - Ej\u00e9rcito Nacional","og:description":"02.01.2022 \u2013 La Fuerza de Todos contin\u00faa trabajando de forma ininterrumpida en Algorta, dpto. de R\u00edo Negro y los pueblos Piedras Coloradas y Orgoroso en Paysand\u00fa.","og:url":"https:\/\/www.ejercito.mil.uy\/index.php\/2022\/01\/02\/el-ejercito-nacional-continua-apoyando-a-bomberos\/","og:image":"https:\/\/www.ejercito.mil.uy\/wp-content\/uploads\/2022\/01\/Escudo_EN_URUGUAY.png","og:image:secure_url":"https:\/\/www.ejercito.mil.uy\/wp-content\/uploads\/2022\/01\/Escudo_EN_URUGUAY.png","og:image:width":134,"og:image:height":119,"article:published_time":"2022-01-02T20:00:00+00:00","article:modified_time":"2022-01-10T17:48:03+00:00","twitter:card":"summary_large_image","twitter:title":"El Ej\u00e9rcito Nacional contin\u00faa apoyando a Bomberos - Ej\u00e9rcito Nacional","twitter:description":"02.01.2022 \u2013 La Fuerza de Todos contin\u00faa trabajando de forma ininterrumpida en Algorta, dpto. de R\u00edo Negro y los pueblos Piedras Coloradas y Orgoroso en Paysand\u00fa.","twitter:image":"https:\/\/www.ejercito.mil.uy\/wp-content\/uploads\/2022\/01\/Escudo_EN_URUGUAY.png"},"aioseo_meta_data":{"post_id":"9419","title":null,"description":null,"keywords":null,"keyphrases":null,"primary_term":null,"canonical_url":null,"og_title":null,"og_description":null,"og_object_type":"default","og_image_type":"default","og_image_url":null,"og_image_width":null,"og_image_height":null,"og_image_custom_url":null,"og_image_custom_fields":null,"og_video":null,"og_custom_url":null,"og_article_section":null,"og_article_tags":null,"twitter_use_og":false,"twitter_card":"default","twitter_image_type":"default","twitter_image_url":null,"twitter_image_custom_url":null,"twitter_image_custom_fields":null,"twitter_title":null,"twitter_description":null,"schema":{"blockGraphs":[],"customGraphs":[],"default":{"data":{"Article":[],"Course":[],"Dataset":[],"FAQPage":[],"Movie":[],"Person":[],"Product":[],"ProductReview":[],"Car":[],"Recipe":[],"Service":[],"SoftwareApplication":[],"WebPage":[]},"graphName":"","isEnabled":true},"graphs":[]},"schema_type":"default","schema_type_options":null,"pillar_content":false,"robots_default":true,"robots_noindex":false,"robots_noarchive":false,"robots_nosnippet":false,"robots_nofollow":false,"robots_noimageindex":false,"robots_noodp":false,"robots_notranslate":false,"robots_max_snippet":null,"robots_max_videopreview":null,"robots_max_imagepreview":"large","priority":null,"frequency":null,"local_seo":null,"breadcrumb_settings":null,"limit_modified_date":false,"ai":null,"created":"2025-08-30 02:33:49","updated":"2025-08-30 02:33:49","seo_analyzer_scan_date":null,"focus_keyword":null,"additional_keywords":null,"truseo_locale":null},"aioseo_breadcrumb":"<div class=\"aioseo-breadcrumbs\"><span class=\"aioseo-breadcrumb\">\n\t\t\t<a href=\"https:\/\/www.ejercito.mil.uy\" title=\"Home\">Home<\/a>\n\t\t<\/span><span class=\"aioseo-breadcrumb-separator\">&raquo;<\/span><span class=\"aioseo-breadcrumb\">\n\t\t\t<a href=\"https:\/\/www.ejercito.mil.uy\/index.php\/category\/destacados\/\" title=\"Destacados\">Destacados<\/a>\n\t\t<\/span><span class=\"aioseo-breadcrumb-separator\">&raquo;<\/span><span class=\"aioseo-breadcrumb\">\n\t\t\t<a href=\"https:\/\/www.ejercito.mil.uy\/index.php\/category\/destacados\/noticias\/\" title=\"Noticias\">Noticias<\/a>\n\t\t<\/span><span class=\"aioseo-breadcrumb-separator\">&raquo;<\/span><span class=\"aioseo-breadcrumb\">\n\t\t\tEl Ej\u00e9rcito Nacional contin\u00faa apoyando a Bomberos\n\t\t<\/span><\/div>","aioseo_breadcrumb_json":[{"label":"Home","link":"https:\/\/www.ejercito.mil.uy"},{"label":"Destacados","link":"https:\/\/www.ejercito.mil.uy\/index.php\/category\/destacados\/"},{"label":"Noticias","link":"https:\/\/www.ejercito.mil.uy\/index.php\/category\/destacados\/noticias\/"},{"label":"El Ej\u00e9rcito Nacional contin\u00faa apoyando a Bomberos","link":"https:\/\/www.ejercito.mil.uy\/index.php\/2022\/01\/02\/el-ejercito-nacional-continua-apoyando-a-bomberos\/"}],"_links":{"self":[{"href":"https:\/\/www.ejercito.mil.uy\/index.php\/wp-json\/wp\/v2\/posts\/9419","targetHints":{"allow":["GET"]}}],"collection":[{"href":"https:\/\/www.ejercito.mil.uy\/index.php\/wp-json\/wp\/v2\/posts"}],"about":[{"href":"https:\/\/www.ejercito.mil.uy\/index.php\/wp-json\/wp\/v2\/types\/post"}],"author":[{"embeddable":true,"href":"https:\/\/www.ejercito.mil.uy\/index.php\/wp-json\/wp\/v2\/users\/4"}],"replies":[{"embeddable":true,"href":"https:\/\/www.ejercito.mil.uy\/index.php\/wp-json\/wp\/v2\/comments?post=9419"}],"version-history":[{"count":2,"href":"https:\/\/www.ejercito.mil.uy\/index.php\/wp-json\/wp\/v2\/posts\/9419\/revisions"}],"predecessor-version":[{"id":9432,"href":"https:\/\/www.ejercito.mil.uy\/index.php\/wp-json\/wp\/v2\/posts\/9419\/revisions\/9432"}],"wp:featuredmedia":[{"embeddable":true,"href":"https:\/\/www.ejercito.mil.uy\/index.php\/wp-json\/wp\/v2\/media\/9420"}],"wp:attachment":[{"href":"https:\/\/www.ejercito.mil.uy\/index.php\/wp-json\/wp\/v2\/media?parent=9419"}],"wp:term":[{"taxonomy":"category","embeddable":true,"href":"https:\/\/www.ejercito.mil.uy\/index.php\/wp-json\/wp\/v2\/categories?post=9419"},{"taxonomy":"post_tag","embeddable":true,"href":"https:\/\/www.ejercito.mil.uy\/index.php\/wp-json\/wp\/v2\/tags?post=9419"}],"curies":[{"name":"wp","href":"https:\/\/api.w.org\/{rel}","templated":true}]}}