{"id":9503,"date":"2022-01-07T20:30:00","date_gmt":"2022-01-07T23:30:00","guid":{"rendered":"https:\/\/www.ejercito.mil.uy\/?p=9503"},"modified":"2022-01-14T15:03:54","modified_gmt":"2022-01-14T18:03:54","slug":"apoyo-a-bomberos","status":"publish","type":"post","link":"https:\/\/www.ejercito.mil.uy\/index.php\/2022\/01\/07\/apoyo-a-bomberos\/","title":{"rendered":"Apoyo a Bomberos"},"content":{"rendered":"\n<p style=\"font-size:14px\">07.01.2022 &#8211; Montevideo<\/p>\n\n\n\n<div style=\"height:33px\" aria-hidden=\"true\" class=\"wp-block-spacer\"><\/div>\n\n\n\n<p>Efectivos del <a href=\"https:\/\/www.facebook.com\/BatallonInfanteria3Uy\/\">Batall\u00f3n \u00ab24 de Abril\u00bb de Infanter\u00eda Mec. N \u00b03<\/a> y del <a href=\"https:\/\/www.facebook.com\/regcmec4\/\">Regimiento de Caballer\u00eda Mec. N\u00b0 4<\/a> activaron sus <strong>Secciones de Apoyo a Emergencias<\/strong>, para trabajar en apoyo a la Direcci\u00f3n Nacional de Bomberos ante la aparici\u00f3n de un incendio. El hecho ocurri\u00f3 en el barrio \u00abPuntas de Miguelete\u00bb. <\/p>\n\n\n\n<div style=\"height:51px\" aria-hidden=\"true\" class=\"wp-block-spacer\"><\/div>\n\n\n\n<p>Se evacuaron civiles hacia los predios del Batall\u00f3n y se asisti\u00f3 con dos remolques de agua. El personal de ambas instituciones permanecen en alerta en la zona.<\/p>\n\n\n\n<div style=\"height:51px\" aria-hidden=\"true\" class=\"wp-block-spacer\"><\/div>\n\n\n\n<figure class=\"wp-block-gallery columns-2 is-cropped wp-block-gallery-1 is-layout-flex wp-block-gallery-is-layout-flex\"><ul class=\"blocks-gallery-grid\"><li class=\"blocks-gallery-item\"><figure><img fetchpriority=\"high\" decoding=\"async\" width=\"1024\" height=\"683\" src=\"https:\/\/www.ejercito.mil.uy\/wp-content\/uploads\/2022\/01\/07-01-2022-apoyo-a-incendio-en-montevideo-3-1024x683.jpeg\" alt=\"\" data-id=\"9508\" data-full-url=\"https:\/\/www.ejercito.mil.uy\/wp-content\/uploads\/2022\/01\/07-01-2022-apoyo-a-incendio-en-montevideo-3.jpeg\" data-link=\"https:\/\/www.ejercito.mil.uy\/?attachment_id=9508\" class=\"wp-image-9508\" srcset=\"https:\/\/www.ejercito.mil.uy\/wp-content\/uploads\/2022\/01\/07-01-2022-apoyo-a-incendio-en-montevideo-3-1024x683.jpeg 1024w, https:\/\/www.ejercito.mil.uy\/wp-content\/uploads\/2022\/01\/07-01-2022-apoyo-a-incendio-en-montevideo-3-300x200.jpeg 300w, https:\/\/www.ejercito.mil.uy\/wp-content\/uploads\/2022\/01\/07-01-2022-apoyo-a-incendio-en-montevideo-3.jpeg 1200w\" sizes=\"(max-width: 1024px) 100vw, 1024px\" \/><\/figure><\/li><li class=\"blocks-gallery-item\"><figure><img decoding=\"async\" width=\"1024\" height=\"683\" src=\"https:\/\/www.ejercito.mil.uy\/wp-content\/uploads\/2022\/01\/07-01-2022-apoyo-a-incendio-en-montevideo-2-1024x683.jpeg\" alt=\"\" data-id=\"9509\" data-full-url=\"https:\/\/www.ejercito.mil.uy\/wp-content\/uploads\/2022\/01\/07-01-2022-apoyo-a-incendio-en-montevideo-2.jpeg\" data-link=\"https:\/\/www.ejercito.mil.uy\/?attachment_id=9509\" class=\"wp-image-9509\" srcset=\"https:\/\/www.ejercito.mil.uy\/wp-content\/uploads\/2022\/01\/07-01-2022-apoyo-a-incendio-en-montevideo-2-1024x683.jpeg 1024w, https:\/\/www.ejercito.mil.uy\/wp-content\/uploads\/2022\/01\/07-01-2022-apoyo-a-incendio-en-montevideo-2-300x200.jpeg 300w, https:\/\/www.ejercito.mil.uy\/wp-content\/uploads\/2022\/01\/07-01-2022-apoyo-a-incendio-en-montevideo-2.jpeg 1200w\" sizes=\"(max-width: 1024px) 100vw, 1024px\" \/><\/figure><\/li><\/ul><\/figure>\n\n\n\n<p><\/p>\n","protected":false},"excerpt":{"rendered":"<p>07.01.2022 &#8211; Efectivos del Batall\u00f3n \u00ab24 de Abril\u00bb de Infanter\u00eda Mec. N \u00b03 y del Regimiento de Caballer\u00eda Mec. N\u00b0 4 activaron sus Secciones de Apoyo a Emergencias, para trabajar en apoyo a la Direcci\u00f3n Nacional de Bomberos ante la aparici\u00f3n de un incendio<\/p>\n","protected":false},"author":4,"featured_media":9507,"comment_status":"open","ping_status":"open","sticky":false,"template":"","format":"standard","meta":{"_coblocks_attr":"","_coblocks_dimensions":"","_coblocks_responsive_height":"","_coblocks_accordion_ie_support":"","_monsterinsights_skip_tracking":false,"_monsterinsights_sitenote_active":false,"_monsterinsights_sitenote_note":"","_monsterinsights_sitenote_category":0,"_uf_show_specific_survey":0,"_uf_disable_surveys":false,"footnotes":""},"categories":[2,14],"tags":[27,32,37],"class_list":["post-9503","post","type-post","status-publish","format-standard","has-post-thumbnail","hentry","category-blog","category-noticias","tag-apoyo","tag-bienestar","tag-sociedad"],"aioseo_notices":[],"_links":{"self":[{"href":"https:\/\/www.ejercito.mil.uy\/index.php\/wp-json\/wp\/v2\/posts\/9503","targetHints":{"allow":["GET"]}}],"collection":[{"href":"https:\/\/www.ejercito.mil.uy\/index.php\/wp-json\/wp\/v2\/posts"}],"about":[{"href":"https:\/\/www.ejercito.mil.uy\/index.php\/wp-json\/wp\/v2\/types\/post"}],"author":[{"embeddable":true,"href":"https:\/\/www.ejercito.mil.uy\/index.php\/wp-json\/wp\/v2\/users\/4"}],"replies":[{"embeddable":true,"href":"https:\/\/www.ejercito.mil.uy\/index.php\/wp-json\/wp\/v2\/comments?post=9503"}],"version-history":[{"count":1,"href":"https:\/\/www.ejercito.mil.uy\/index.php\/wp-json\/wp\/v2\/posts\/9503\/revisions"}],"predecessor-version":[{"id":9510,"href":"https:\/\/www.ejercito.mil.uy\/index.php\/wp-json\/wp\/v2\/posts\/9503\/revisions\/9510"}],"wp:featuredmedia":[{"embeddable":true,"href":"https:\/\/www.ejercito.mil.uy\/index.php\/wp-json\/wp\/v2\/media\/9507"}],"wp:attachment":[{"href":"https:\/\/www.ejercito.mil.uy\/index.php\/wp-json\/wp\/v2\/media?parent=9503"}],"wp:term":[{"taxonomy":"category","embeddable":true,"href":"https:\/\/www.ejercito.mil.uy\/index.php\/wp-json\/wp\/v2\/categories?post=9503"},{"taxonomy":"post_tag","embeddable":true,"href":"https:\/\/www.ejercito.mil.uy\/index.php\/wp-json\/wp\/v2\/tags?post=9503"}],"curies":[{"name":"wp","href":"https:\/\/api.w.org\/{rel}","templated":true}]}}