{"id":9522,"date":"2022-01-08T19:45:00","date_gmt":"2022-01-08T22:45:00","guid":{"rendered":"https:\/\/www.ejercito.mil.uy\/?p=9522"},"modified":"2022-01-10T12:27:46","modified_gmt":"2022-01-10T15:27:46","slug":"la-fuerza-de-todos-en-apoyo-a-bomberos","status":"publish","type":"post","link":"https:\/\/www.ejercito.mil.uy\/index.php\/2022\/01\/08\/la-fuerza-de-todos-en-apoyo-a-bomberos\/","title":{"rendered":"La Fuerza de todos en apoyo a Bomberos"},"content":{"rendered":"\n<p style=\"font-size:14px\">08.01.2022 <\/p>\n\n\n\n<div style=\"height:33px\" aria-hidden=\"true\" class=\"wp-block-spacer\"><\/div>\n\n\n\n<p>Esta ma\u00f1ana, el CECOED de Paysand\u00fa solicit\u00f3 la ayuda de la Secci\u00f3n de Apoyo a Emergencias del <a href=\"https:\/\/www.facebook.com\/profile.php?id=100066599844173&amp;__cft__[0]=AZXqoVTq-5XXYjHUj99IRaBuY6Ji09fC_gvoL3nvB074-L2kLHMbeXFA7h2ndjFFe5lJi_YkOpIpM9ZZcycyZBjBZBDMLHWAkpMlg_RyYLejCzhduj1OucS6WGr27t7QMlbE1Laq0A8DPFL-nTYIA8g2&amp;__tn__=-]K-R\">Batall\u00f3n \u00abGral. Leandro G\u00f3mez\u00bb de Infanter\u00eda Mecanizado N\u00b0 8<\/a> para extinguir peque\u00f1os focos que se reavivaron por las altas temperaturas en la Regi\u00f3n Gral. Orgoroso y Piedras Coloradas.<\/p>\n\n\n\n<div style=\"height:51px\" aria-hidden=\"true\" class=\"wp-block-spacer\"><\/div>\n\n\n\n<figure class=\"wp-block-gallery columns-2 is-cropped wp-block-gallery-1 is-layout-flex wp-block-gallery-is-layout-flex\"><ul class=\"blocks-gallery-grid\"><li class=\"blocks-gallery-item\"><figure><img fetchpriority=\"high\" decoding=\"async\" width=\"1024\" height=\"683\" src=\"https:\/\/www.ejercito.mil.uy\/wp-content\/uploads\/2022\/01\/08.01.2022-Apoyo-a-bomberos-en-paysandu-1-1024x683.jpg\" alt=\"\" data-id=\"9523\" data-full-url=\"https:\/\/www.ejercito.mil.uy\/wp-content\/uploads\/2022\/01\/08.01.2022-Apoyo-a-bomberos-en-paysandu-1.jpg\" data-link=\"https:\/\/www.ejercito.mil.uy\/?attachment_id=9523\" class=\"wp-image-9523\" srcset=\"https:\/\/www.ejercito.mil.uy\/wp-content\/uploads\/2022\/01\/08.01.2022-Apoyo-a-bomberos-en-paysandu-1-1024x683.jpg 1024w, https:\/\/www.ejercito.mil.uy\/wp-content\/uploads\/2022\/01\/08.01.2022-Apoyo-a-bomberos-en-paysandu-1-300x200.jpg 300w, https:\/\/www.ejercito.mil.uy\/wp-content\/uploads\/2022\/01\/08.01.2022-Apoyo-a-bomberos-en-paysandu-1.jpg 1200w\" sizes=\"(max-width: 1024px) 100vw, 1024px\" \/><\/figure><\/li><li class=\"blocks-gallery-item\"><figure><img decoding=\"async\" width=\"1024\" height=\"683\" src=\"https:\/\/www.ejercito.mil.uy\/wp-content\/uploads\/2022\/01\/08.01.2022-Apoyo-a-bomberos-en-paysandu-2-1024x683.jpg\" alt=\"\" data-id=\"9524\" data-full-url=\"https:\/\/www.ejercito.mil.uy\/wp-content\/uploads\/2022\/01\/08.01.2022-Apoyo-a-bomberos-en-paysandu-2.jpg\" data-link=\"https:\/\/www.ejercito.mil.uy\/?attachment_id=9524\" class=\"wp-image-9524\" srcset=\"https:\/\/www.ejercito.mil.uy\/wp-content\/uploads\/2022\/01\/08.01.2022-Apoyo-a-bomberos-en-paysandu-2-1024x683.jpg 1024w, https:\/\/www.ejercito.mil.uy\/wp-content\/uploads\/2022\/01\/08.01.2022-Apoyo-a-bomberos-en-paysandu-2-300x200.jpg 300w, https:\/\/www.ejercito.mil.uy\/wp-content\/uploads\/2022\/01\/08.01.2022-Apoyo-a-bomberos-en-paysandu-2.jpg 1200w\" sizes=\"(max-width: 1024px) 100vw, 1024px\" \/><\/figure><\/li><\/ul><\/figure>\n\n\n\n<div style=\"height:51px\" aria-hidden=\"true\" class=\"wp-block-spacer\"><\/div>\n\n\n\n<p>Por otra parte, desde la tarde, efectivos del <a href=\"https:\/\/www.facebook.com\/Batallon15Florida\/?__cft__[0]=AZXqoVTq-5XXYjHUj99IRaBuY6Ji09fC_gvoL3nvB074-L2kLHMbeXFA7h2ndjFFe5lJi_YkOpIpM9ZZcycyZBjBZBDMLHWAkpMlg_RyYLejCzhduj1OucS6WGr27t7QMlbE1Laq0A8DPFL-nTYIA8g2&amp;__tn__=kK-R\">Batall\u00f3n de Infanter\u00eda Mecanizado N\u00b0 15<\/a> y del <a href=\"https:\/\/www.facebook.com\/Batall%C3%B3n-Sarand%C3%AD-de-Ingenieros-de-Combate-Nro-2-302734300330499\/?__cft__[0]=AZXqoVTq-5XXYjHUj99IRaBuY6Ji09fC_gvoL3nvB074-L2kLHMbeXFA7h2ndjFFe5lJi_YkOpIpM9ZZcycyZBjBZBDMLHWAkpMlg_RyYLejCzhduj1OucS6WGr27t7QMlbE1Laq0A8DPFL-nTYIA8g2&amp;__tn__=kK-R\">Batall\u00f3n Sarand\u00ed de Ingenieros de Combate N\u00b0 2<\/a> de la ciudad de Florida, apoyan con sus medios al Destacamento de Bomberos y Jefatura de Polic\u00eda, a combatir un incendio que se propag\u00f3 en un campo de la Regi\u00f3n Gral. Barra del Arroyo Pintado, en el km 90 de la Ruta 5.Se desplegaron grupos de Atenci\u00f3n a Emergencias para trabajar en tareas de cerco y extinci\u00f3n del fuego.<\/p>\n\n\n\n<div style=\"height:51px\" aria-hidden=\"true\" class=\"wp-block-spacer\"><\/div>\n\n\n\n<div aria-label=\"Carousel Gallery\" class=\"wp-block-coblocks-gallery-carousel alignfull\"><div class=\"is-cropped coblocks-gallery has-caption-style-dark has-horizontal-gutter\"><div class=\"has-carousel has-carousel-lrg\" style=\"height:400px\" data-flickity=\"{&quot;autoPlay&quot;:3000,&quot;draggable&quot;:false,&quot;pageDots&quot;:false,&quot;prevNextButtons&quot;:true,&quot;wrapAround&quot;:true,&quot;cellAlign&quot;:&quot;center&quot;,&quot;pauseAutoPlayOnHover&quot;:false,&quot;freeScroll&quot;:false,&quot;arrowShape&quot;:{&quot;x0&quot;:10,&quot;x1&quot;:60,&quot;y1&quot;:50,&quot;x2&quot;:65,&quot;y2&quot;:45,&quot;x3&quot;:20},&quot;thumbnails&quot;:false,&quot;responsiveHeight&quot;:false}\"><div class=\"coblocks-gallery--item\"><figure class=\"coblocks-gallery--figure has-margin-left-5 has-margin-left-mobile-5 has-margin-right-5 has-margin-right-mobile-5\"><img decoding=\"async\" width=\"1024\" height=\"683\" src=\"https:\/\/www.ejercito.mil.uy\/wp-content\/uploads\/2022\/01\/08.01.2022-Apoyo-a-Bomberos-en-Florida-1-1024x683.jpg\" alt=\"\" data-id=\"9525\" data-link=\"https:\/\/www.ejercito.mil.uy\/?attachment_id=9525\" class=\"wp-image-9525\" srcset=\"https:\/\/www.ejercito.mil.uy\/wp-content\/uploads\/2022\/01\/08.01.2022-Apoyo-a-Bomberos-en-Florida-1-1024x683.jpg 1024w, https:\/\/www.ejercito.mil.uy\/wp-content\/uploads\/2022\/01\/08.01.2022-Apoyo-a-Bomberos-en-Florida-1-300x200.jpg 300w, https:\/\/www.ejercito.mil.uy\/wp-content\/uploads\/2022\/01\/08.01.2022-Apoyo-a-Bomberos-en-Florida-1.jpg 1200w\" sizes=\"(max-width: 1024px) 100vw, 1024px\" \/><\/figure><\/div><div class=\"coblocks-gallery--item\"><figure class=\"coblocks-gallery--figure has-margin-left-5 has-margin-left-mobile-5 has-margin-right-5 has-margin-right-mobile-5\"><img loading=\"lazy\" decoding=\"async\" width=\"1024\" height=\"683\" src=\"https:\/\/www.ejercito.mil.uy\/wp-content\/uploads\/2022\/01\/08.01.2022-Apoyo-a-Bomberos-en-Florida-2-1024x683.jpg\" alt=\"\" data-id=\"9526\" data-link=\"https:\/\/www.ejercito.mil.uy\/?attachment_id=9526\" class=\"wp-image-9526\" srcset=\"https:\/\/www.ejercito.mil.uy\/wp-content\/uploads\/2022\/01\/08.01.2022-Apoyo-a-Bomberos-en-Florida-2-1024x683.jpg 1024w, https:\/\/www.ejercito.mil.uy\/wp-content\/uploads\/2022\/01\/08.01.2022-Apoyo-a-Bomberos-en-Florida-2-300x200.jpg 300w, https:\/\/www.ejercito.mil.uy\/wp-content\/uploads\/2022\/01\/08.01.2022-Apoyo-a-Bomberos-en-Florida-2.jpg 1200w\" sizes=\"(max-width: 1024px) 100vw, 1024px\" \/><\/figure><\/div><div class=\"coblocks-gallery--item\"><figure class=\"coblocks-gallery--figure has-margin-left-5 has-margin-left-mobile-5 has-margin-right-5 has-margin-right-mobile-5\"><img loading=\"lazy\" decoding=\"async\" width=\"1024\" height=\"683\" src=\"https:\/\/www.ejercito.mil.uy\/wp-content\/uploads\/2022\/01\/08.01.2022-Apoyo-a-Bomberos-en-Florida-4-1024x683.jpg\" alt=\"\" data-id=\"9528\" data-link=\"https:\/\/www.ejercito.mil.uy\/?attachment_id=9528\" class=\"wp-image-9528\" srcset=\"https:\/\/www.ejercito.mil.uy\/wp-content\/uploads\/2022\/01\/08.01.2022-Apoyo-a-Bomberos-en-Florida-4-1024x683.jpg 1024w, https:\/\/www.ejercito.mil.uy\/wp-content\/uploads\/2022\/01\/08.01.2022-Apoyo-a-Bomberos-en-Florida-4-300x200.jpg 300w, https:\/\/www.ejercito.mil.uy\/wp-content\/uploads\/2022\/01\/08.01.2022-Apoyo-a-Bomberos-en-Florida-4.jpg 1200w\" sizes=\"(max-width: 1024px) 100vw, 1024px\" \/><\/figure><\/div><\/div><\/div><\/div>\n\n\n\n<div style=\"height:51px\" aria-hidden=\"true\" class=\"wp-block-spacer\"><\/div>\n\n\n\n<p class=\"has-text-align-center has-luminous-vivid-amber-background-color has-background has-medium-font-size\"><strong>Se exhorta a los compatriotas de las zonas afectadas a extremar los cuidados en el uso del fuego, debido a las condiciones del tiempo, sumado al d\u00e9ficit h\u00eddrico, que favorecen considerablemente la propagaci\u00f3n de los focos.<\/strong><\/p>\n","protected":false},"excerpt":{"rendered":"<p>08.01.2022 &#8211; Esta ma\u00f1ana, el CECOED de Paysand\u00fa solicit\u00f3 la ayuda de la Secci\u00f3n de Apoyo a Emergencias del Batall\u00f3n \u00abGral. Leandro G\u00f3mez\u00bb de Infanter\u00eda Mecanizado N\u00b0 8 para extinguir peque\u00f1os focos que se reavivaron por las altas temperaturas en la Regi\u00f3n Gral. Orgoroso y Piedras Coloradas.<\/p>\n","protected":false},"author":4,"featured_media":9527,"comment_status":"open","ping_status":"open","sticky":false,"template":"","format":"standard","meta":{"_coblocks_attr":"","_coblocks_dimensions":"","_coblocks_responsive_height":"","_coblocks_accordion_ie_support":"","_monsterinsights_skip_tracking":false,"_monsterinsights_sitenote_active":false,"_monsterinsights_sitenote_note":"","_monsterinsights_sitenote_category":0,"_uf_show_specific_survey":0,"_uf_disable_surveys":false,"footnotes":""},"categories":[2,14],"tags":[27,32,37],"class_list":["post-9522","post","type-post","status-publish","format-standard","has-post-thumbnail","hentry","category-blog","category-noticias","tag-apoyo","tag-bienestar","tag-sociedad"],"aioseo_notices":[],"_links":{"self":[{"href":"https:\/\/www.ejercito.mil.uy\/index.php\/wp-json\/wp\/v2\/posts\/9522","targetHints":{"allow":["GET"]}}],"collection":[{"href":"https:\/\/www.ejercito.mil.uy\/index.php\/wp-json\/wp\/v2\/posts"}],"about":[{"href":"https:\/\/www.ejercito.mil.uy\/index.php\/wp-json\/wp\/v2\/types\/post"}],"author":[{"embeddable":true,"href":"https:\/\/www.ejercito.mil.uy\/index.php\/wp-json\/wp\/v2\/users\/4"}],"replies":[{"embeddable":true,"href":"https:\/\/www.ejercito.mil.uy\/index.php\/wp-json\/wp\/v2\/comments?post=9522"}],"version-history":[{"count":1,"href":"https:\/\/www.ejercito.mil.uy\/index.php\/wp-json\/wp\/v2\/posts\/9522\/revisions"}],"predecessor-version":[{"id":9529,"href":"https:\/\/www.ejercito.mil.uy\/index.php\/wp-json\/wp\/v2\/posts\/9522\/revisions\/9529"}],"wp:featuredmedia":[{"embeddable":true,"href":"https:\/\/www.ejercito.mil.uy\/index.php\/wp-json\/wp\/v2\/media\/9527"}],"wp:attachment":[{"href":"https:\/\/www.ejercito.mil.uy\/index.php\/wp-json\/wp\/v2\/media?parent=9522"}],"wp:term":[{"taxonomy":"category","embeddable":true,"href":"https:\/\/www.ejercito.mil.uy\/index.php\/wp-json\/wp\/v2\/categories?post=9522"},{"taxonomy":"post_tag","embeddable":true,"href":"https:\/\/www.ejercito.mil.uy\/index.php\/wp-json\/wp\/v2\/tags?post=9522"}],"curies":[{"name":"wp","href":"https:\/\/api.w.org\/{rel}","templated":true}]}}