{"id":9532,"date":"2022-01-08T13:00:00","date_gmt":"2022-01-08T16:00:00","guid":{"rendered":"https:\/\/www.ejercito.mil.uy\/?p=9532"},"modified":"2022-01-10T12:26:41","modified_gmt":"2022-01-10T15:26:41","slug":"curso-intermedio-de-capacitacion-profesional-militar-en-liderazgo-para-suboficiales","status":"publish","type":"post","link":"https:\/\/www.ejercito.mil.uy\/index.php\/2022\/01\/08\/curso-intermedio-de-capacitacion-profesional-militar-en-liderazgo-para-suboficiales\/","title":{"rendered":"Curso intermedio de capacitaci\u00f3n profesional militar en liderazgo para Suboficiales"},"content":{"rendered":"\n<p style=\"font-size:14px\">08.01.2022<\/p>\n\n\n\n<div style=\"height:50px\" aria-hidden=\"true\" class=\"wp-block-spacer\"><\/div>\n\n\n\n<p>Durante el 11 y 19 de octubre, se El Sargento Fernando Ferreira, perteneciente al Batall\u00f3n de Infanter\u00eda Paracaidista N\u00b0 14, realiz\u00f3 el \u201cCurso intermedio de capacitaci\u00f3n profesional militar en liderazgo para Suboficiales\u201d, en la Academia Interamericana de las Fuerzas A\u00e9reas en los Estados Unidos de Am\u00e9rica, tras haber obtenido una beca al lograr el primer puesto en la Clasificaci\u00f3n general en el Curso Avanzado para Suboficiales, dictado en el a\u00f1o 2020 por la <a href=\"https:\/\/www.facebook.com\/esoeSitioOficial?__cft__[0]=AZUC-NpFSwrNl3xHitL0r3dA5_KiOOlLtbADuiO7B7ny9-riwHLF8CqoaLth1y63aNcvVMxp5gjLIaUWX5pOQn7AhMXKN7A0rbAEeRMok90XF38KDGwVzzmatIGQ1vNYB5WPZ7jVuxfcv-lFpDMf41KQ&amp;__tn__=-]K-R\">Escuela de Sub Oficiales del Ej\u00e9rcito \u00bb Sgto. Francisco de los Santos \u00ab<\/a>.<\/p>\n\n\n\n<div style=\"height:51px\" aria-hidden=\"true\" class=\"wp-block-spacer\"><\/div>\n\n\n\n<p>El curso se enfoca en fortalecer destrezas de liderazgo, utilizando diferentes m\u00e9todos de ense\u00f1anza y aprendizajes, para lograr que los Suboficiales apliquen esas herramientas para la resoluci\u00f3n de problemas. Participaron alumnos de diferentes pa\u00edses, como Argentina, Belice, Colombia, EE.UU., El Salvador y Per\u00fa.<\/p>\n\n\n\n<div style=\"height:61px\" aria-hidden=\"true\" class=\"wp-block-spacer\"><\/div>\n\n\n\n<p>Luego de 9 semanas de instrucci\u00f3n, el pasado 9 de diciembre, el Sargento finaliz\u00f3 con aprobaci\u00f3n en calidad de \u201cGraduado distinguido\u201d, dejando muy en alto el prestigio del Ej\u00e9rcito Nacional.<\/p>\n\n\n\n<div style=\"height:60px\" aria-hidden=\"true\" class=\"wp-block-spacer\"><\/div>\n\n\n\n<figure class=\"wp-block-gallery alignfull columns-2 is-cropped wp-block-gallery-1 is-layout-flex wp-block-gallery-is-layout-flex\"><ul class=\"blocks-gallery-grid\"><li class=\"blocks-gallery-item\"><figure><img fetchpriority=\"high\" decoding=\"async\" width=\"1024\" height=\"683\" src=\"https:\/\/www.ejercito.mil.uy\/wp-content\/uploads\/2022\/01\/08.01.2022-Curso-intermedio-de-capacitacion-profesional-militar-en-liderazgo-para-Suboficiales-2-1024x683.jpg\" alt=\"\" data-id=\"9538\" data-full-url=\"https:\/\/www.ejercito.mil.uy\/wp-content\/uploads\/2022\/01\/08.01.2022-Curso-intermedio-de-capacitacion-profesional-militar-en-liderazgo-para-Suboficiales-2.jpg\" data-link=\"https:\/\/www.ejercito.mil.uy\/?attachment_id=9538\" class=\"wp-image-9538\" srcset=\"https:\/\/www.ejercito.mil.uy\/wp-content\/uploads\/2022\/01\/08.01.2022-Curso-intermedio-de-capacitacion-profesional-militar-en-liderazgo-para-Suboficiales-2-1024x683.jpg 1024w, https:\/\/www.ejercito.mil.uy\/wp-content\/uploads\/2022\/01\/08.01.2022-Curso-intermedio-de-capacitacion-profesional-militar-en-liderazgo-para-Suboficiales-2-300x200.jpg 300w, https:\/\/www.ejercito.mil.uy\/wp-content\/uploads\/2022\/01\/08.01.2022-Curso-intermedio-de-capacitacion-profesional-militar-en-liderazgo-para-Suboficiales-2.jpg 1200w\" sizes=\"(max-width: 1024px) 100vw, 1024px\" \/><\/figure><\/li><li class=\"blocks-gallery-item\"><figure><img decoding=\"async\" width=\"1024\" height=\"683\" src=\"https:\/\/www.ejercito.mil.uy\/wp-content\/uploads\/2022\/01\/08.01.2022-Curso-intermedio-de-capacitacion-profesional-militar-en-liderazgo-para-Suboficiales-3-1024x683.jpg\" alt=\"\" data-id=\"9539\" data-full-url=\"https:\/\/www.ejercito.mil.uy\/wp-content\/uploads\/2022\/01\/08.01.2022-Curso-intermedio-de-capacitacion-profesional-militar-en-liderazgo-para-Suboficiales-3.jpg\" data-link=\"https:\/\/www.ejercito.mil.uy\/?attachment_id=9539\" class=\"wp-image-9539\" srcset=\"https:\/\/www.ejercito.mil.uy\/wp-content\/uploads\/2022\/01\/08.01.2022-Curso-intermedio-de-capacitacion-profesional-militar-en-liderazgo-para-Suboficiales-3-1024x683.jpg 1024w, https:\/\/www.ejercito.mil.uy\/wp-content\/uploads\/2022\/01\/08.01.2022-Curso-intermedio-de-capacitacion-profesional-militar-en-liderazgo-para-Suboficiales-3-300x200.jpg 300w, https:\/\/www.ejercito.mil.uy\/wp-content\/uploads\/2022\/01\/08.01.2022-Curso-intermedio-de-capacitacion-profesional-militar-en-liderazgo-para-Suboficiales-3.jpg 1200w\" sizes=\"(max-width: 1024px) 100vw, 1024px\" \/><\/figure><\/li><\/ul><\/figure>\n\n\n\n<div style=\"height:100px\" aria-hidden=\"true\" class=\"wp-block-spacer\"><\/div>\n","protected":false},"excerpt":{"rendered":"<p>08.01.2022 &#8211; Durante el 11 y 19 de octubre, se El Sargento Fernando Ferreira, perteneciente al Batall\u00f3n de Infanter\u00eda Paracaidista N\u00b0 14, realiz\u00f3 el \u201cCurso intermedio de capacitaci\u00f3n profesional militar en liderazgo para Suboficiales\u201d, en la Academia Interamericana de las Fuerzas A\u00e9reas en los Estados Unidos de Am\u00e9rica, tras haber obtenido una beca al lograr el primer puesto en la Clasificaci\u00f3n general en el Curso Avanzado para Suboficiales, dictado en el a\u00f1o 2020 por la Escuela de Sub Oficiales del Ej\u00e9rcito \u00bb Sgto. Francisco de los Santos \u00ab.<\/p>\n","protected":false},"author":4,"featured_media":9537,"comment_status":"open","ping_status":"open","sticky":false,"template":"","format":"standard","meta":{"_coblocks_attr":"","_coblocks_dimensions":"","_coblocks_responsive_height":"","_coblocks_accordion_ie_support":"","_monsterinsights_skip_tracking":false,"_monsterinsights_sitenote_active":false,"_monsterinsights_sitenote_note":"","_monsterinsights_sitenote_category":0,"_uf_show_specific_survey":0,"_uf_disable_surveys":false,"footnotes":""},"categories":[2,14],"tags":[70,35,13],"class_list":["post-9532","post","type-post","status-publish","format-standard","has-post-thumbnail","hentry","category-blog","category-noticias","tag-curso","tag-entrenamiento","tag-instruccion"],"aioseo_notices":[],"_links":{"self":[{"href":"https:\/\/www.ejercito.mil.uy\/index.php\/wp-json\/wp\/v2\/posts\/9532","targetHints":{"allow":["GET"]}}],"collection":[{"href":"https:\/\/www.ejercito.mil.uy\/index.php\/wp-json\/wp\/v2\/posts"}],"about":[{"href":"https:\/\/www.ejercito.mil.uy\/index.php\/wp-json\/wp\/v2\/types\/post"}],"author":[{"embeddable":true,"href":"https:\/\/www.ejercito.mil.uy\/index.php\/wp-json\/wp\/v2\/users\/4"}],"replies":[{"embeddable":true,"href":"https:\/\/www.ejercito.mil.uy\/index.php\/wp-json\/wp\/v2\/comments?post=9532"}],"version-history":[{"count":1,"href":"https:\/\/www.ejercito.mil.uy\/index.php\/wp-json\/wp\/v2\/posts\/9532\/revisions"}],"predecessor-version":[{"id":9540,"href":"https:\/\/www.ejercito.mil.uy\/index.php\/wp-json\/wp\/v2\/posts\/9532\/revisions\/9540"}],"wp:featuredmedia":[{"embeddable":true,"href":"https:\/\/www.ejercito.mil.uy\/index.php\/wp-json\/wp\/v2\/media\/9537"}],"wp:attachment":[{"href":"https:\/\/www.ejercito.mil.uy\/index.php\/wp-json\/wp\/v2\/media?parent=9532"}],"wp:term":[{"taxonomy":"category","embeddable":true,"href":"https:\/\/www.ejercito.mil.uy\/index.php\/wp-json\/wp\/v2\/categories?post=9532"},{"taxonomy":"post_tag","embeddable":true,"href":"https:\/\/www.ejercito.mil.uy\/index.php\/wp-json\/wp\/v2\/tags?post=9532"}],"curies":[{"name":"wp","href":"https:\/\/api.w.org\/{rel}","templated":true}]}}