{"id":9631,"date":"2022-01-14T12:00:00","date_gmt":"2022-01-14T15:00:00","guid":{"rendered":"https:\/\/www.ejercito.mil.uy\/?p=9631"},"modified":"2022-01-14T15:19:19","modified_gmt":"2022-01-14T18:19:19","slug":"apoyo-a-bomberos-2","status":"publish","type":"post","link":"https:\/\/www.ejercito.mil.uy\/index.php\/2022\/01\/14\/apoyo-a-bomberos-2\/","title":{"rendered":"Apoyo a Bomberos"},"content":{"rendered":"\n<p style=\"font-size:14px\">14.01.2022 <\/p>\n\n\n\n<div style=\"height:33px\" aria-hidden=\"true\" class=\"wp-block-spacer\"><\/div>\n\n\n\n<p><strong>\u00a1Efectivos del Ej\u00e9rcito Nacional contin\u00faan ayudando a la Direcci\u00f3n Nacional de Bomberos!<\/strong><\/p>\n\n\n\n<div style=\"height:51px\" aria-hidden=\"true\" class=\"wp-block-spacer\"><\/div>\n\n\n\n<p>Ayer, efectivos del <a href=\"https:\/\/www.facebook.com\/Reg.c.mec7\">Regimiento \u201cGral. Aparicio Saravia\u201d de Caballer\u00eda Mecanizado N\u00b0 7<\/a> trabajaron en apoyo a Bomberos de la ciudad de R\u00edo Branco, al activares el Sub Comit\u00e9 Departamental de Emergencia por un incendio a orillas de la Ruta 26 en km. 56 Rg. \u201cSarand\u00ed de Barcel\u00f3\u201d.<\/p>\n\n\n\n<div style=\"height:51px\" aria-hidden=\"true\" class=\"wp-block-spacer\"><\/div>\n\n\n\n<div aria-label=\"Carousel Gallery\" class=\"wp-block-coblocks-gallery-carousel\"><div class=\"is-cropped coblocks-gallery has-no-alignment has-caption-style-dark has-horizontal-gutter\"><div class=\"has-carousel has-carousel-lrg\" style=\"height:400px\" data-flickity=\"{&quot;autoPlay&quot;:false,&quot;draggable&quot;:true,&quot;pageDots&quot;:false,&quot;prevNextButtons&quot;:true,&quot;wrapAround&quot;:true,&quot;cellAlign&quot;:&quot;center&quot;,&quot;pauseAutoPlayOnHover&quot;:false,&quot;freeScroll&quot;:false,&quot;arrowShape&quot;:{&quot;x0&quot;:10,&quot;x1&quot;:60,&quot;y1&quot;:50,&quot;x2&quot;:65,&quot;y2&quot;:45,&quot;x3&quot;:20},&quot;thumbnails&quot;:false,&quot;responsiveHeight&quot;:false}\"><div class=\"coblocks-gallery--item\"><figure class=\"coblocks-gallery--figure has-margin-left-5 has-margin-left-mobile-5 has-margin-right-5 has-margin-right-mobile-5\"><img fetchpriority=\"high\" decoding=\"async\" width=\"1024\" height=\"683\" src=\"https:\/\/www.ejercito.mil.uy\/wp-content\/uploads\/2022\/01\/2022-01-14-Apoyo-a-Incendio-en-Rio-Branco-Reg.-C.-Mec.-No-7-11-1024x683.jpg\" alt=\"\" data-id=\"9633\" data-link=\"https:\/\/www.ejercito.mil.uy\/?attachment_id=9633\" class=\"wp-image-9633\" srcset=\"https:\/\/www.ejercito.mil.uy\/wp-content\/uploads\/2022\/01\/2022-01-14-Apoyo-a-Incendio-en-Rio-Branco-Reg.-C.-Mec.-No-7-11-1024x683.jpg 1024w, https:\/\/www.ejercito.mil.uy\/wp-content\/uploads\/2022\/01\/2022-01-14-Apoyo-a-Incendio-en-Rio-Branco-Reg.-C.-Mec.-No-7-11-300x200.jpg 300w, https:\/\/www.ejercito.mil.uy\/wp-content\/uploads\/2022\/01\/2022-01-14-Apoyo-a-Incendio-en-Rio-Branco-Reg.-C.-Mec.-No-7-11.jpg 1200w\" sizes=\"(max-width: 1024px) 100vw, 1024px\" \/><\/figure><\/div><div class=\"coblocks-gallery--item\"><figure class=\"coblocks-gallery--figure has-margin-left-5 has-margin-left-mobile-5 has-margin-right-5 has-margin-right-mobile-5\"><img decoding=\"async\" width=\"1024\" height=\"683\" src=\"https:\/\/www.ejercito.mil.uy\/wp-content\/uploads\/2022\/01\/2022-01-14-Apoyo-a-Incendio-en-Rio-Branco-Reg.-C.-Mec.-No-7-23-1024x683.jpg\" alt=\"\" data-id=\"9635\" data-link=\"https:\/\/www.ejercito.mil.uy\/?attachment_id=9635\" class=\"wp-image-9635\" srcset=\"https:\/\/www.ejercito.mil.uy\/wp-content\/uploads\/2022\/01\/2022-01-14-Apoyo-a-Incendio-en-Rio-Branco-Reg.-C.-Mec.-No-7-23-1024x683.jpg 1024w, https:\/\/www.ejercito.mil.uy\/wp-content\/uploads\/2022\/01\/2022-01-14-Apoyo-a-Incendio-en-Rio-Branco-Reg.-C.-Mec.-No-7-23-300x200.jpg 300w, https:\/\/www.ejercito.mil.uy\/wp-content\/uploads\/2022\/01\/2022-01-14-Apoyo-a-Incendio-en-Rio-Branco-Reg.-C.-Mec.-No-7-23.jpg 1200w\" sizes=\"(max-width: 1024px) 100vw, 1024px\" \/><\/figure><\/div><div class=\"coblocks-gallery--item\"><figure class=\"coblocks-gallery--figure has-margin-left-5 has-margin-left-mobile-5 has-margin-right-5 has-margin-right-mobile-5\"><img decoding=\"async\" width=\"1024\" height=\"683\" src=\"https:\/\/www.ejercito.mil.uy\/wp-content\/uploads\/2022\/01\/2022-01-14-Apoyo-a-Incendio-en-Rio-Branco-Reg.-C.-Mec.-No-7-17-1024x683.jpg\" alt=\"\" data-id=\"9634\" data-link=\"https:\/\/www.ejercito.mil.uy\/?attachment_id=9634\" class=\"wp-image-9634\" srcset=\"https:\/\/www.ejercito.mil.uy\/wp-content\/uploads\/2022\/01\/2022-01-14-Apoyo-a-Incendio-en-Rio-Branco-Reg.-C.-Mec.-No-7-17-1024x683.jpg 1024w, https:\/\/www.ejercito.mil.uy\/wp-content\/uploads\/2022\/01\/2022-01-14-Apoyo-a-Incendio-en-Rio-Branco-Reg.-C.-Mec.-No-7-17-300x200.jpg 300w, https:\/\/www.ejercito.mil.uy\/wp-content\/uploads\/2022\/01\/2022-01-14-Apoyo-a-Incendio-en-Rio-Branco-Reg.-C.-Mec.-No-7-17.jpg 1200w\" sizes=\"(max-width: 1024px) 100vw, 1024px\" \/><\/figure><\/div><div class=\"coblocks-gallery--item\"><figure class=\"coblocks-gallery--figure has-margin-left-5 has-margin-left-mobile-5 has-margin-right-5 has-margin-right-mobile-5\"><img loading=\"lazy\" decoding=\"async\" width=\"1200\" height=\"800\" src=\"https:\/\/www.ejercito.mil.uy\/wp-content\/uploads\/2022\/01\/2022-01-14-Apoyo-a-Incendio-en-Rio-Branco-Reg.-C.-Mec.-No-7-6.jpg\" alt=\"\" data-id=\"9632\" data-link=\"https:\/\/www.ejercito.mil.uy\/?attachment_id=9632\" class=\"wp-image-9632\" srcset=\"https:\/\/www.ejercito.mil.uy\/wp-content\/uploads\/2022\/01\/2022-01-14-Apoyo-a-Incendio-en-Rio-Branco-Reg.-C.-Mec.-No-7-6.jpg 1200w, https:\/\/www.ejercito.mil.uy\/wp-content\/uploads\/2022\/01\/2022-01-14-Apoyo-a-Incendio-en-Rio-Branco-Reg.-C.-Mec.-No-7-6-300x200.jpg 300w, https:\/\/www.ejercito.mil.uy\/wp-content\/uploads\/2022\/01\/2022-01-14-Apoyo-a-Incendio-en-Rio-Branco-Reg.-C.-Mec.-No-7-6-1024x683.jpg 1024w\" sizes=\"(max-width: 1200px) 100vw, 1200px\" \/><\/figure><\/div><\/div><\/div><\/div>\n\n\n\n<div style=\"height:51px\" aria-hidden=\"true\" class=\"wp-block-spacer\"><\/div>\n\n\n\n<p>El martes pasado, efectivos del Regimiento \u00abBrig. Gral. Fructuoso Rivera\u00bb de Caballer\u00eda Mecanizado N\u00b0 3 trabajaron en apoyo a Bomberos, realizando tareas de cortafuegos para extinguir un incendio forestal que se propag\u00f3 en la Regi\u00f3n Gral. Aeropuerto de Rivera (km 7).<\/p>\n\n\n\n<div style=\"height:51px\" aria-hidden=\"true\" class=\"wp-block-spacer\"><\/div>\n\n\n\n<div aria-label=\"Carousel Gallery\" class=\"wp-block-coblocks-gallery-carousel\"><div class=\"is-cropped coblocks-gallery has-no-alignment has-caption-style-dark has-horizontal-gutter\"><div class=\"has-carousel has-carousel-lrg\" style=\"height:400px\" data-flickity=\"{&quot;autoPlay&quot;:false,&quot;draggable&quot;:true,&quot;pageDots&quot;:false,&quot;prevNextButtons&quot;:true,&quot;wrapAround&quot;:true,&quot;cellAlign&quot;:&quot;center&quot;,&quot;pauseAutoPlayOnHover&quot;:false,&quot;freeScroll&quot;:false,&quot;arrowShape&quot;:{&quot;x0&quot;:10,&quot;x1&quot;:60,&quot;y1&quot;:50,&quot;x2&quot;:65,&quot;y2&quot;:45,&quot;x3&quot;:20},&quot;thumbnails&quot;:false,&quot;responsiveHeight&quot;:false}\"><div class=\"coblocks-gallery--item\"><figure class=\"coblocks-gallery--figure has-margin-left-5 has-margin-left-mobile-5 has-margin-right-5 has-margin-right-mobile-5\"><img loading=\"lazy\" decoding=\"async\" width=\"1024\" height=\"683\" src=\"https:\/\/www.ejercito.mil.uy\/wp-content\/uploads\/2022\/01\/2022-01-11-apoyo-a-bomberos-en-rivera-5-1-1024x683.jpg\" alt=\"\" data-id=\"9647\" data-link=\"https:\/\/www.ejercito.mil.uy\/?attachment_id=9647\" class=\"wp-image-9647\" srcset=\"https:\/\/www.ejercito.mil.uy\/wp-content\/uploads\/2022\/01\/2022-01-11-apoyo-a-bomberos-en-rivera-5-1-1024x683.jpg 1024w, https:\/\/www.ejercito.mil.uy\/wp-content\/uploads\/2022\/01\/2022-01-11-apoyo-a-bomberos-en-rivera-5-1-300x200.jpg 300w, https:\/\/www.ejercito.mil.uy\/wp-content\/uploads\/2022\/01\/2022-01-11-apoyo-a-bomberos-en-rivera-5-1.jpg 1200w\" sizes=\"(max-width: 1024px) 100vw, 1024px\" \/><\/figure><\/div><div class=\"coblocks-gallery--item\"><figure class=\"coblocks-gallery--figure has-margin-left-5 has-margin-left-mobile-5 has-margin-right-5 has-margin-right-mobile-5\"><img loading=\"lazy\" decoding=\"async\" width=\"1024\" height=\"683\" src=\"https:\/\/www.ejercito.mil.uy\/wp-content\/uploads\/2022\/01\/2022-01-11-apoyo-a-bomberos-en-rivera-6-1024x683.jpg\" alt=\"\" data-id=\"9645\" data-link=\"https:\/\/www.ejercito.mil.uy\/?attachment_id=9645\" class=\"wp-image-9645\" srcset=\"https:\/\/www.ejercito.mil.uy\/wp-content\/uploads\/2022\/01\/2022-01-11-apoyo-a-bomberos-en-rivera-6-1024x683.jpg 1024w, https:\/\/www.ejercito.mil.uy\/wp-content\/uploads\/2022\/01\/2022-01-11-apoyo-a-bomberos-en-rivera-6-300x200.jpg 300w, https:\/\/www.ejercito.mil.uy\/wp-content\/uploads\/2022\/01\/2022-01-11-apoyo-a-bomberos-en-rivera-6.jpg 1200w\" sizes=\"(max-width: 1024px) 100vw, 1024px\" \/><\/figure><\/div><div class=\"coblocks-gallery--item\"><figure class=\"coblocks-gallery--figure has-margin-left-5 has-margin-left-mobile-5 has-margin-right-5 has-margin-right-mobile-5\"><img loading=\"lazy\" decoding=\"async\" width=\"1024\" height=\"683\" src=\"https:\/\/www.ejercito.mil.uy\/wp-content\/uploads\/2022\/01\/2022-01-11-apoyo-a-bomberos-en-rivera-4-1-1024x683.jpg\" alt=\"\" data-id=\"9646\" data-link=\"https:\/\/www.ejercito.mil.uy\/?attachment_id=9646\" class=\"wp-image-9646\" srcset=\"https:\/\/www.ejercito.mil.uy\/wp-content\/uploads\/2022\/01\/2022-01-11-apoyo-a-bomberos-en-rivera-4-1-1024x683.jpg 1024w, https:\/\/www.ejercito.mil.uy\/wp-content\/uploads\/2022\/01\/2022-01-11-apoyo-a-bomberos-en-rivera-4-1-300x200.jpg 300w, https:\/\/www.ejercito.mil.uy\/wp-content\/uploads\/2022\/01\/2022-01-11-apoyo-a-bomberos-en-rivera-4-1.jpg 1200w\" sizes=\"(max-width: 1024px) 100vw, 1024px\" \/><\/figure><\/div><div class=\"coblocks-gallery--item\"><figure class=\"coblocks-gallery--figure has-margin-left-5 has-margin-left-mobile-5 has-margin-right-5 has-margin-right-mobile-5\"><img loading=\"lazy\" decoding=\"async\" width=\"1024\" height=\"683\" src=\"https:\/\/www.ejercito.mil.uy\/wp-content\/uploads\/2022\/01\/2022-01-11-apoyo-a-bomberos-en-rivera-3-1-1024x683.jpg\" alt=\"\" data-id=\"9644\" data-link=\"https:\/\/www.ejercito.mil.uy\/?attachment_id=9644\" class=\"wp-image-9644\" srcset=\"https:\/\/www.ejercito.mil.uy\/wp-content\/uploads\/2022\/01\/2022-01-11-apoyo-a-bomberos-en-rivera-3-1-1024x683.jpg 1024w, https:\/\/www.ejercito.mil.uy\/wp-content\/uploads\/2022\/01\/2022-01-11-apoyo-a-bomberos-en-rivera-3-1-300x200.jpg 300w, https:\/\/www.ejercito.mil.uy\/wp-content\/uploads\/2022\/01\/2022-01-11-apoyo-a-bomberos-en-rivera-3-1.jpg 1200w\" sizes=\"(max-width: 1024px) 100vw, 1024px\" \/><\/figure><\/div><div class=\"coblocks-gallery--item\"><figure class=\"coblocks-gallery--figure has-margin-left-5 has-margin-left-mobile-5 has-margin-right-5 has-margin-right-mobile-5\"><img loading=\"lazy\" decoding=\"async\" width=\"1024\" height=\"683\" src=\"https:\/\/www.ejercito.mil.uy\/wp-content\/uploads\/2022\/01\/2022-01-11-apoyo-a-bomberos-en-rivera-2-1-1024x683.jpg\" alt=\"\" data-id=\"9642\" data-link=\"https:\/\/www.ejercito.mil.uy\/?attachment_id=9642\" class=\"wp-image-9642\" srcset=\"https:\/\/www.ejercito.mil.uy\/wp-content\/uploads\/2022\/01\/2022-01-11-apoyo-a-bomberos-en-rivera-2-1-1024x683.jpg 1024w, https:\/\/www.ejercito.mil.uy\/wp-content\/uploads\/2022\/01\/2022-01-11-apoyo-a-bomberos-en-rivera-2-1-300x200.jpg 300w, https:\/\/www.ejercito.mil.uy\/wp-content\/uploads\/2022\/01\/2022-01-11-apoyo-a-bomberos-en-rivera-2-1.jpg 1200w\" sizes=\"(max-width: 1024px) 100vw, 1024px\" \/><\/figure><\/div><div class=\"coblocks-gallery--item\"><figure class=\"coblocks-gallery--figure has-margin-left-5 has-margin-left-mobile-5 has-margin-right-5 has-margin-right-mobile-5\"><img loading=\"lazy\" decoding=\"async\" width=\"1024\" height=\"683\" src=\"https:\/\/www.ejercito.mil.uy\/wp-content\/uploads\/2022\/01\/2022-01-11-apoyo-a-bomberos-en-rivera-1-1-1024x683.jpg\" alt=\"\" data-id=\"9638\" data-link=\"https:\/\/www.ejercito.mil.uy\/?attachment_id=9638\" class=\"wp-image-9638\" srcset=\"https:\/\/www.ejercito.mil.uy\/wp-content\/uploads\/2022\/01\/2022-01-11-apoyo-a-bomberos-en-rivera-1-1-1024x683.jpg 1024w, https:\/\/www.ejercito.mil.uy\/wp-content\/uploads\/2022\/01\/2022-01-11-apoyo-a-bomberos-en-rivera-1-1-300x200.jpg 300w, https:\/\/www.ejercito.mil.uy\/wp-content\/uploads\/2022\/01\/2022-01-11-apoyo-a-bomberos-en-rivera-1-1.jpg 1200w\" sizes=\"(max-width: 1024px) 100vw, 1024px\" \/><\/figure><\/div><\/div><\/div><\/div>\n\n\n\n<div style=\"height:51px\" aria-hidden=\"true\" class=\"wp-block-spacer\"><\/div>\n\n\n\n<p><\/p>\n","protected":false},"excerpt":{"rendered":"<p>08.01.2022 &#8211; \u00a1Efectivos del Ej\u00e9rcito Nacional contin\u00faan ayudando a la Direcci\u00f3n Nacional de Bomberos!<\/p>\n","protected":false},"author":4,"featured_media":9636,"comment_status":"open","ping_status":"open","sticky":false,"template":"","format":"standard","meta":{"_coblocks_attr":"","_coblocks_dimensions":"","_coblocks_responsive_height":"","_coblocks_accordion_ie_support":"","_monsterinsights_skip_tracking":false,"_monsterinsights_sitenote_active":false,"_monsterinsights_sitenote_note":"","_monsterinsights_sitenote_category":0,"_uf_show_specific_survey":0,"_uf_disable_surveys":false,"footnotes":""},"categories":[2,10,14],"tags":[27,32,37],"class_list":["post-9631","post","type-post","status-publish","format-standard","has-post-thumbnail","hentry","category-blog","category-destacados","category-noticias","tag-apoyo","tag-bienestar","tag-sociedad"],"aioseo_notices":[],"_links":{"self":[{"href":"https:\/\/www.ejercito.mil.uy\/index.php\/wp-json\/wp\/v2\/posts\/9631","targetHints":{"allow":["GET"]}}],"collection":[{"href":"https:\/\/www.ejercito.mil.uy\/index.php\/wp-json\/wp\/v2\/posts"}],"about":[{"href":"https:\/\/www.ejercito.mil.uy\/index.php\/wp-json\/wp\/v2\/types\/post"}],"author":[{"embeddable":true,"href":"https:\/\/www.ejercito.mil.uy\/index.php\/wp-json\/wp\/v2\/users\/4"}],"replies":[{"embeddable":true,"href":"https:\/\/www.ejercito.mil.uy\/index.php\/wp-json\/wp\/v2\/comments?post=9631"}],"version-history":[{"count":1,"href":"https:\/\/www.ejercito.mil.uy\/index.php\/wp-json\/wp\/v2\/posts\/9631\/revisions"}],"predecessor-version":[{"id":9649,"href":"https:\/\/www.ejercito.mil.uy\/index.php\/wp-json\/wp\/v2\/posts\/9631\/revisions\/9649"}],"wp:featuredmedia":[{"embeddable":true,"href":"https:\/\/www.ejercito.mil.uy\/index.php\/wp-json\/wp\/v2\/media\/9636"}],"wp:attachment":[{"href":"https:\/\/www.ejercito.mil.uy\/index.php\/wp-json\/wp\/v2\/media?parent=9631"}],"wp:term":[{"taxonomy":"category","embeddable":true,"href":"https:\/\/www.ejercito.mil.uy\/index.php\/wp-json\/wp\/v2\/categories?post=9631"},{"taxonomy":"post_tag","embeddable":true,"href":"https:\/\/www.ejercito.mil.uy\/index.php\/wp-json\/wp\/v2\/tags?post=9631"}],"curies":[{"name":"wp","href":"https:\/\/api.w.org\/{rel}","templated":true}]}}