{"id":97,"date":"2020-10-19T20:58:50","date_gmt":"2020-10-19T20:58:50","guid":{"rendered":"http:\/\/10.1.99.112\/?p=97"},"modified":"2021-02-10T12:32:08","modified_gmt":"2021-02-10T15:32:08","slug":"noticia-3","status":"publish","type":"post","link":"https:\/\/www.ejercito.mil.uy\/index.php\/2020\/10\/19\/noticia-3\/","title":{"rendered":"Escuela Militar"},"content":{"rendered":"\n<h2 class=\"wp-block-heading\">Nuevas autoridades<\/h2>\n\n\n\n<p class=\"wp-block-paragraph\">El 9 de febrero, con la presencia del Director del Sistema de Ense\u00f1anza del Ej\u00e9rcito, General Mario Moreira, se realiz\u00f3 en la Escuela Militar, la puesta en posesi\u00f3n en el cargo como Director del Instituto al Coronel Luis G. Prantl.<\/p>\n\n\n\n<p class=\"wp-block-paragraph\">Asimismo, el nuevo Director puso en posesi\u00f3n del cargo a la Mayor Andrea Abimorad, como Jefe del Cuerpo de Cadetes de la Escuela Militar, marcando de esta manera un hecho hist\u00f3rico para este centro de formaci\u00f3n militar, siendo la primera mujer en ocupar dicho cargo.<\/p>\n","protected":false},"excerpt":{"rendered":"<p>Nuevas autoridades El 9 de febrero, con la presencia del Director del Sistema de Ense\u00f1anza del Ej\u00e9rcito, General Mario Moreira, se realiz\u00f3 en la Escuela Militar, la puesta en posesi\u00f3n en el cargo como Director del Instituto al Coronel Luis G. Prantl. Asimismo, el nuevo Director puso en posesi\u00f3n del cargo a la Mayor Andrea <a href=\"https:\/\/www.ejercito.mil.uy\/index.php\/2020\/10\/19\/noticia-3\/\" class=\"more-link\">&#8230;<span class=\"screen-reader-text\">  Escuela Militar<\/span><\/a><\/p>\n","protected":false},"author":1,"featured_media":534,"comment_status":"open","ping_status":"open","sticky":false,"template":"","format":"standard","meta":{"_coblocks_attr":"","_coblocks_dimensions":"","_coblocks_responsive_height":"","_coblocks_accordion_ie_support":"","_monsterinsights_skip_tracking":false,"_uf_show_specific_survey":0,"_uf_disable_surveys":false,"footnotes":""},"categories":[2,10],"tags":[],"class_list":["post-97","post","type-post","status-publish","format-standard","has-post-thumbnail","hentry","category-blog","category-destacados"],"aioseo_notices":[],"aioseo_head":"\n\t\t<!-- All in One SEO 5.0.1.1 - aioseo.com -->\n\t<meta name=\"description\" content=\"Nuevas autoridades El 9 de febrero, con la presencia del Director del Sistema de Ense\u00f1anza del Ej\u00e9rcito, General Mario Moreira, se realiz\u00f3 en la Escuela Militar, la puesta en posesi\u00f3n en el cargo como Director del Instituto al Coronel Luis G. Prantl. Asimismo, el nuevo Director puso en posesi\u00f3n del cargo a la Mayor Andrea\" \/>\n\t<meta name=\"robots\" content=\"max-image-preview:large\" \/>\n\t<meta name=\"author\" content=\"wp_admin_enapub\"\/>\n\t<link rel=\"canonical\" href=\"https:\/\/www.ejercito.mil.uy\/index.php\/2020\/10\/19\/noticia-3\/\" \/>\n\t<meta name=\"generator\" content=\"All in One SEO (AIOSEO) 5.0.1.1\" \/>\n\t\t<meta property=\"og:locale\" content=\"es_ES\" \/>\n\t\t<meta property=\"og:site_name\" content=\"Ej\u00e9rcito Nacional - La Fuerza de todos\" \/>\n\t\t<meta property=\"og:type\" content=\"article\" \/>\n\t\t<meta property=\"og:title\" content=\"Escuela Militar - Ej\u00e9rcito Nacional\" \/>\n\t\t<meta property=\"og:description\" content=\"Nuevas autoridades El 9 de febrero, con la presencia del Director del Sistema de Ense\u00f1anza del Ej\u00e9rcito, General Mario Moreira, se realiz\u00f3 en la Escuela Militar, la puesta en posesi\u00f3n en el cargo como Director del Instituto al Coronel Luis G. Prantl. Asimismo, el nuevo Director puso en posesi\u00f3n del cargo a la Mayor Andrea\" \/>\n\t\t<meta property=\"og:url\" content=\"https:\/\/www.ejercito.mil.uy\/index.php\/2020\/10\/19\/noticia-3\/\" \/>\n\t\t<meta property=\"og:image\" content=\"https:\/\/www.ejercito.mil.uy\/wp-content\/uploads\/2022\/01\/Escudo_EN_URUGUAY.png\" \/>\n\t\t<meta property=\"og:image:secure_url\" content=\"https:\/\/www.ejercito.mil.uy\/wp-content\/uploads\/2022\/01\/Escudo_EN_URUGUAY.png\" \/>\n\t\t<meta property=\"og:image:width\" content=\"134\" \/>\n\t\t<meta property=\"og:image:height\" content=\"119\" \/>\n\t\t<meta property=\"article:published_time\" content=\"2020-10-19T20:58:50+00:00\" \/>\n\t\t<meta property=\"article:modified_time\" content=\"2021-02-10T15:32:08+00:00\" \/>\n\t\t<meta name=\"twitter:card\" content=\"summary_large_image\" \/>\n\t\t<meta name=\"twitter:title\" content=\"Escuela Militar - Ej\u00e9rcito Nacional\" \/>\n\t\t<meta name=\"twitter:description\" content=\"Nuevas autoridades El 9 de febrero, con la presencia del Director del Sistema de Ense\u00f1anza del Ej\u00e9rcito, General Mario Moreira, se realiz\u00f3 en la Escuela Militar, la puesta en posesi\u00f3n en el cargo como Director del Instituto al Coronel Luis G. Prantl. Asimismo, el nuevo Director puso en posesi\u00f3n del cargo a la Mayor Andrea\" \/>\n\t\t<meta name=\"twitter:image\" content=\"https:\/\/www.ejercito.mil.uy\/wp-content\/uploads\/2022\/01\/Escudo_EN_URUGUAY.png\" \/>\n\t\t<script type=\"application\/ld+json\" class=\"aioseo-schema\">\n\t\t\t{\"@context\":\"https:\\\/\\\/schema.org\",\"@graph\":[{\"@type\":\"BlogPosting\",\"@id\":\"https:\\\/\\\/www.ejercito.mil.uy\\\/index.php\\\/2020\\\/10\\\/19\\\/noticia-3\\\/#blogposting\",\"name\":\"Escuela Militar - Ej\\u00e9rcito Nacional\",\"headline\":\"Escuela Militar\",\"author\":{\"@id\":\"https:\\\/\\\/www.ejercito.mil.uy\\\/index.php\\\/author\\\/wp_admin_enapub\\\/#author\"},\"publisher\":{\"@id\":\"https:\\\/\\\/www.ejercito.mil.uy\\\/#organization\"},\"image\":{\"@type\":\"ImageObject\",\"url\":\"https:\\\/\\\/www.ejercito.mil.uy\\\/wp-content\\\/uploads\\\/2020\\\/10\\\/EM.jpg\",\"width\":1200,\"height\":800},\"datePublished\":\"2020-10-19T20:58:50-03:00\",\"dateModified\":\"2021-02-10T12:32:08-03:00\",\"inLanguage\":\"es-UY\",\"mainEntityOfPage\":{\"@id\":\"https:\\\/\\\/www.ejercito.mil.uy\\\/index.php\\\/2020\\\/10\\\/19\\\/noticia-3\\\/#webpage\"},\"isPartOf\":{\"@id\":\"https:\\\/\\\/www.ejercito.mil.uy\\\/index.php\\\/2020\\\/10\\\/19\\\/noticia-3\\\/#webpage\"},\"articleSection\":\"Blog, Destacados\"},{\"@type\":\"BreadcrumbList\",\"@id\":\"https:\\\/\\\/www.ejercito.mil.uy\\\/index.php\\\/2020\\\/10\\\/19\\\/noticia-3\\\/#breadcrumblist\",\"itemListElement\":[{\"@type\":\"ListItem\",\"@id\":\"https:\\\/\\\/www.ejercito.mil.uy#listItem\",\"position\":1,\"name\":\"Home\",\"item\":\"https:\\\/\\\/www.ejercito.mil.uy\",\"nextItem\":{\"@type\":\"ListItem\",\"@id\":\"https:\\\/\\\/www.ejercito.mil.uy\\\/index.php\\\/category\\\/blog\\\/#listItem\",\"name\":\"Blog\"}},{\"@type\":\"ListItem\",\"@id\":\"https:\\\/\\\/www.ejercito.mil.uy\\\/index.php\\\/category\\\/blog\\\/#listItem\",\"position\":2,\"name\":\"Blog\",\"item\":\"https:\\\/\\\/www.ejercito.mil.uy\\\/index.php\\\/category\\\/blog\\\/\",\"nextItem\":{\"@type\":\"ListItem\",\"@id\":\"https:\\\/\\\/www.ejercito.mil.uy\\\/index.php\\\/2020\\\/10\\\/19\\\/noticia-3\\\/#listItem\",\"name\":\"Escuela Militar\"},\"previousItem\":{\"@type\":\"ListItem\",\"@id\":\"https:\\\/\\\/www.ejercito.mil.uy#listItem\",\"name\":\"Home\"}},{\"@type\":\"ListItem\",\"@id\":\"https:\\\/\\\/www.ejercito.mil.uy\\\/index.php\\\/2020\\\/10\\\/19\\\/noticia-3\\\/#listItem\",\"position\":3,\"name\":\"Escuela Militar\",\"previousItem\":{\"@type\":\"ListItem\",\"@id\":\"https:\\\/\\\/www.ejercito.mil.uy\\\/index.php\\\/category\\\/blog\\\/#listItem\",\"name\":\"Blog\"}}]},{\"@type\":\"Organization\",\"@id\":\"https:\\\/\\\/www.ejercito.mil.uy\\\/#organization\",\"name\":\"Ej\\u00e9rcito Nacional\",\"description\":\"La Fuerza de todos\",\"url\":\"https:\\\/\\\/www.ejercito.mil.uy\\\/\",\"logo\":{\"@type\":\"ImageObject\",\"url\":\"https:\\\/\\\/www.ejercito.mil.uy\\\/wp-content\\\/uploads\\\/2022\\\/01\\\/Escudo_EN_URUGUAY.png\",\"@id\":\"https:\\\/\\\/www.ejercito.mil.uy\\\/index.php\\\/2020\\\/10\\\/19\\\/noticia-3\\\/#organizationLogo\",\"width\":134,\"height\":119},\"image\":{\"@id\":\"https:\\\/\\\/www.ejercito.mil.uy\\\/index.php\\\/2020\\\/10\\\/19\\\/noticia-3\\\/#organizationLogo\"}},{\"@type\":\"Person\",\"@id\":\"https:\\\/\\\/www.ejercito.mil.uy\\\/index.php\\\/author\\\/wp_admin_enapub\\\/#author\",\"url\":\"https:\\\/\\\/www.ejercito.mil.uy\\\/index.php\\\/author\\\/wp_admin_enapub\\\/\",\"name\":\"wp_admin_enapub\",\"image\":{\"@type\":\"ImageObject\",\"@id\":\"https:\\\/\\\/www.ejercito.mil.uy\\\/index.php\\\/2020\\\/10\\\/19\\\/noticia-3\\\/#authorImage\",\"url\":\"https:\\\/\\\/secure.gravatar.com\\\/avatar\\\/328373969a2ccc7076f21c7e0d563912107b6e5a85b11c636f667af860edca9a?s=96&d=mm&r=g\",\"width\":96,\"height\":96,\"caption\":\"wp_admin_enapub\"}},{\"@type\":\"WebPage\",\"@id\":\"https:\\\/\\\/www.ejercito.mil.uy\\\/index.php\\\/2020\\\/10\\\/19\\\/noticia-3\\\/#webpage\",\"url\":\"https:\\\/\\\/www.ejercito.mil.uy\\\/index.php\\\/2020\\\/10\\\/19\\\/noticia-3\\\/\",\"name\":\"Escuela Militar - Ej\\u00e9rcito Nacional\",\"description\":\"Nuevas autoridades El 9 de febrero, con la presencia del Director del Sistema de Ense\\u00f1anza del Ej\\u00e9rcito, General Mario Moreira, se realiz\\u00f3 en la Escuela Militar, la puesta en posesi\\u00f3n en el cargo como Director del Instituto al Coronel Luis G. Prantl. Asimismo, el nuevo Director puso en posesi\\u00f3n del cargo a la Mayor Andrea\",\"inLanguage\":\"es-UY\",\"isPartOf\":{\"@id\":\"https:\\\/\\\/www.ejercito.mil.uy\\\/#website\"},\"breadcrumb\":{\"@id\":\"https:\\\/\\\/www.ejercito.mil.uy\\\/index.php\\\/2020\\\/10\\\/19\\\/noticia-3\\\/#breadcrumblist\"},\"author\":{\"@id\":\"https:\\\/\\\/www.ejercito.mil.uy\\\/index.php\\\/author\\\/wp_admin_enapub\\\/#author\"},\"creator\":{\"@id\":\"https:\\\/\\\/www.ejercito.mil.uy\\\/index.php\\\/author\\\/wp_admin_enapub\\\/#author\"},\"image\":{\"@type\":\"ImageObject\",\"url\":\"https:\\\/\\\/www.ejercito.mil.uy\\\/wp-content\\\/uploads\\\/2020\\\/10\\\/EM.jpg\",\"@id\":\"https:\\\/\\\/www.ejercito.mil.uy\\\/index.php\\\/2020\\\/10\\\/19\\\/noticia-3\\\/#mainImage\",\"width\":1200,\"height\":800},\"primaryImageOfPage\":{\"@id\":\"https:\\\/\\\/www.ejercito.mil.uy\\\/index.php\\\/2020\\\/10\\\/19\\\/noticia-3\\\/#mainImage\"},\"datePublished\":\"2020-10-19T20:58:50-03:00\",\"dateModified\":\"2021-02-10T12:32:08-03:00\"},{\"@type\":\"WebSite\",\"@id\":\"https:\\\/\\\/www.ejercito.mil.uy\\\/#website\",\"url\":\"https:\\\/\\\/www.ejercito.mil.uy\\\/\",\"name\":\"Ej\\u00e9rcito Nacional\",\"description\":\"La Fuerza de todos\",\"inLanguage\":\"es-UY\",\"publisher\":{\"@id\":\"https:\\\/\\\/www.ejercito.mil.uy\\\/#organization\"}}]}\n\t\t<\/script>\n\t\t<!-- All in One SEO -->\n\n","aioseo_head_json":{"title":"Escuela Militar - Ej\u00e9rcito Nacional","description":"Nuevas autoridades El 9 de febrero, con la presencia del Director del Sistema de Ense\u00f1anza del Ej\u00e9rcito, General Mario Moreira, se realiz\u00f3 en la Escuela Militar, la puesta en posesi\u00f3n en el cargo como Director del Instituto al Coronel Luis G. Prantl. Asimismo, el nuevo Director puso en posesi\u00f3n del cargo a la Mayor Andrea","canonical_url":"https:\/\/www.ejercito.mil.uy\/index.php\/2020\/10\/19\/noticia-3\/","robots":"max-image-preview:large","keywords":"","webmasterTools":{"miscellaneous":""},"schema":{"@context":"https:\/\/schema.org","@graph":[{"@type":"BlogPosting","@id":"https:\/\/www.ejercito.mil.uy\/index.php\/2020\/10\/19\/noticia-3\/#blogposting","name":"Escuela Militar - Ej\u00e9rcito Nacional","headline":"Escuela Militar","author":{"@id":"https:\/\/www.ejercito.mil.uy\/index.php\/author\/wp_admin_enapub\/#author"},"publisher":{"@id":"https:\/\/www.ejercito.mil.uy\/#organization"},"image":{"@type":"ImageObject","url":"https:\/\/www.ejercito.mil.uy\/wp-content\/uploads\/2020\/10\/EM.jpg","width":1200,"height":800},"datePublished":"2020-10-19T20:58:50-03:00","dateModified":"2021-02-10T12:32:08-03:00","inLanguage":"es-UY","mainEntityOfPage":{"@id":"https:\/\/www.ejercito.mil.uy\/index.php\/2020\/10\/19\/noticia-3\/#webpage"},"isPartOf":{"@id":"https:\/\/www.ejercito.mil.uy\/index.php\/2020\/10\/19\/noticia-3\/#webpage"},"articleSection":"Blog, Destacados"},{"@type":"BreadcrumbList","@id":"https:\/\/www.ejercito.mil.uy\/index.php\/2020\/10\/19\/noticia-3\/#breadcrumblist","itemListElement":[{"@type":"ListItem","@id":"https:\/\/www.ejercito.mil.uy#listItem","position":1,"name":"Home","item":"https:\/\/www.ejercito.mil.uy","nextItem":{"@type":"ListItem","@id":"https:\/\/www.ejercito.mil.uy\/index.php\/category\/blog\/#listItem","name":"Blog"}},{"@type":"ListItem","@id":"https:\/\/www.ejercito.mil.uy\/index.php\/category\/blog\/#listItem","position":2,"name":"Blog","item":"https:\/\/www.ejercito.mil.uy\/index.php\/category\/blog\/","nextItem":{"@type":"ListItem","@id":"https:\/\/www.ejercito.mil.uy\/index.php\/2020\/10\/19\/noticia-3\/#listItem","name":"Escuela Militar"},"previousItem":{"@type":"ListItem","@id":"https:\/\/www.ejercito.mil.uy#listItem","name":"Home"}},{"@type":"ListItem","@id":"https:\/\/www.ejercito.mil.uy\/index.php\/2020\/10\/19\/noticia-3\/#listItem","position":3,"name":"Escuela Militar","previousItem":{"@type":"ListItem","@id":"https:\/\/www.ejercito.mil.uy\/index.php\/category\/blog\/#listItem","name":"Blog"}}]},{"@type":"Organization","@id":"https:\/\/www.ejercito.mil.uy\/#organization","name":"Ej\u00e9rcito Nacional","description":"La Fuerza de todos","url":"https:\/\/www.ejercito.mil.uy\/","logo":{"@type":"ImageObject","url":"https:\/\/www.ejercito.mil.uy\/wp-content\/uploads\/2022\/01\/Escudo_EN_URUGUAY.png","@id":"https:\/\/www.ejercito.mil.uy\/index.php\/2020\/10\/19\/noticia-3\/#organizationLogo","width":134,"height":119},"image":{"@id":"https:\/\/www.ejercito.mil.uy\/index.php\/2020\/10\/19\/noticia-3\/#organizationLogo"}},{"@type":"Person","@id":"https:\/\/www.ejercito.mil.uy\/index.php\/author\/wp_admin_enapub\/#author","url":"https:\/\/www.ejercito.mil.uy\/index.php\/author\/wp_admin_enapub\/","name":"wp_admin_enapub","image":{"@type":"ImageObject","@id":"https:\/\/www.ejercito.mil.uy\/index.php\/2020\/10\/19\/noticia-3\/#authorImage","url":"https:\/\/secure.gravatar.com\/avatar\/328373969a2ccc7076f21c7e0d563912107b6e5a85b11c636f667af860edca9a?s=96&d=mm&r=g","width":96,"height":96,"caption":"wp_admin_enapub"}},{"@type":"WebPage","@id":"https:\/\/www.ejercito.mil.uy\/index.php\/2020\/10\/19\/noticia-3\/#webpage","url":"https:\/\/www.ejercito.mil.uy\/index.php\/2020\/10\/19\/noticia-3\/","name":"Escuela Militar - Ej\u00e9rcito Nacional","description":"Nuevas autoridades El 9 de febrero, con la presencia del Director del Sistema de Ense\u00f1anza del Ej\u00e9rcito, General Mario Moreira, se realiz\u00f3 en la Escuela Militar, la puesta en posesi\u00f3n en el cargo como Director del Instituto al Coronel Luis G. Prantl. Asimismo, el nuevo Director puso en posesi\u00f3n del cargo a la Mayor Andrea","inLanguage":"es-UY","isPartOf":{"@id":"https:\/\/www.ejercito.mil.uy\/#website"},"breadcrumb":{"@id":"https:\/\/www.ejercito.mil.uy\/index.php\/2020\/10\/19\/noticia-3\/#breadcrumblist"},"author":{"@id":"https:\/\/www.ejercito.mil.uy\/index.php\/author\/wp_admin_enapub\/#author"},"creator":{"@id":"https:\/\/www.ejercito.mil.uy\/index.php\/author\/wp_admin_enapub\/#author"},"image":{"@type":"ImageObject","url":"https:\/\/www.ejercito.mil.uy\/wp-content\/uploads\/2020\/10\/EM.jpg","@id":"https:\/\/www.ejercito.mil.uy\/index.php\/2020\/10\/19\/noticia-3\/#mainImage","width":1200,"height":800},"primaryImageOfPage":{"@id":"https:\/\/www.ejercito.mil.uy\/index.php\/2020\/10\/19\/noticia-3\/#mainImage"},"datePublished":"2020-10-19T20:58:50-03:00","dateModified":"2021-02-10T12:32:08-03:00"},{"@type":"WebSite","@id":"https:\/\/www.ejercito.mil.uy\/#website","url":"https:\/\/www.ejercito.mil.uy\/","name":"Ej\u00e9rcito Nacional","description":"La Fuerza de todos","inLanguage":"es-UY","publisher":{"@id":"https:\/\/www.ejercito.mil.uy\/#organization"}}]},"og:locale":"es_ES","og:site_name":"Ej\u00e9rcito Nacional - La Fuerza de todos","og:type":"article","og:title":"Escuela Militar - Ej\u00e9rcito Nacional","og:description":"Nuevas autoridades El 9 de febrero, con la presencia del Director del Sistema de Ense\u00f1anza del Ej\u00e9rcito, General Mario Moreira, se realiz\u00f3 en la Escuela Militar, la puesta en posesi\u00f3n en el cargo como Director del Instituto al Coronel Luis G. Prantl. Asimismo, el nuevo Director puso en posesi\u00f3n del cargo a la Mayor Andrea","og:url":"https:\/\/www.ejercito.mil.uy\/index.php\/2020\/10\/19\/noticia-3\/","og:image":"https:\/\/www.ejercito.mil.uy\/wp-content\/uploads\/2022\/01\/Escudo_EN_URUGUAY.png","og:image:secure_url":"https:\/\/www.ejercito.mil.uy\/wp-content\/uploads\/2022\/01\/Escudo_EN_URUGUAY.png","og:image:width":134,"og:image:height":119,"article:published_time":"2020-10-19T20:58:50+00:00","article:modified_time":"2021-02-10T15:32:08+00:00","twitter:card":"summary_large_image","twitter:title":"Escuela Militar - Ej\u00e9rcito Nacional","twitter:description":"Nuevas autoridades El 9 de febrero, con la presencia del Director del Sistema de Ense\u00f1anza del Ej\u00e9rcito, General Mario Moreira, se realiz\u00f3 en la Escuela Militar, la puesta en posesi\u00f3n en el cargo como Director del Instituto al Coronel Luis G. Prantl. Asimismo, el nuevo Director puso en posesi\u00f3n del cargo a la Mayor Andrea","twitter:image":"https:\/\/www.ejercito.mil.uy\/wp-content\/uploads\/2022\/01\/Escudo_EN_URUGUAY.png"},"aioseo_meta_data":{"post_id":"97","title":null,"description":null,"keywords":null,"keyphrases":null,"primary_term":null,"canonical_url":null,"og_title":null,"og_description":null,"og_object_type":"default","og_image_type":"default","og_image_url":null,"og_image_width":null,"og_image_height":null,"og_image_custom_url":null,"og_image_custom_fields":null,"og_video":null,"og_custom_url":null,"og_article_section":null,"og_article_tags":null,"twitter_use_og":false,"twitter_card":"default","twitter_image_type":"default","twitter_image_url":null,"twitter_image_custom_url":null,"twitter_image_custom_fields":null,"twitter_title":null,"twitter_description":null,"schema":{"blockGraphs":[],"customGraphs":[],"default":{"data":{"Article":[],"Course":[],"Dataset":[],"FAQPage":[],"Movie":[],"Person":[],"Product":[],"ProductReview":[],"Car":[],"Recipe":[],"Service":[],"SoftwareApplication":[],"WebPage":[]},"graphName":"","isEnabled":true},"graphs":[]},"schema_type":"default","schema_type_options":null,"pillar_content":false,"robots_default":true,"robots_noindex":false,"robots_noarchive":false,"robots_nosnippet":false,"robots_nofollow":false,"robots_noimageindex":false,"robots_noodp":false,"robots_notranslate":false,"robots_max_snippet":null,"robots_max_videopreview":null,"robots_max_imagepreview":"large","priority":null,"frequency":null,"local_seo":null,"breadcrumb_settings":null,"limit_modified_date":false,"ai":null,"created":"2025-08-30 01:36:29","updated":"2025-08-30 01:36:29","seo_analyzer_scan_date":null,"focus_keyword":null,"additional_keywords":null,"truseo_locale":null},"aioseo_breadcrumb":"<div class=\"aioseo-breadcrumbs\"><span class=\"aioseo-breadcrumb\">\n\t\t\t<a href=\"https:\/\/www.ejercito.mil.uy\" title=\"Home\">Home<\/a>\n\t\t<\/span><span class=\"aioseo-breadcrumb-separator\">&raquo;<\/span><span class=\"aioseo-breadcrumb\">\n\t\t\t<a href=\"https:\/\/www.ejercito.mil.uy\/index.php\/category\/blog\/\" title=\"Blog\">Blog<\/a>\n\t\t<\/span><span class=\"aioseo-breadcrumb-separator\">&raquo;<\/span><span class=\"aioseo-breadcrumb\">\n\t\t\tEscuela Militar\n\t\t<\/span><\/div>","aioseo_breadcrumb_json":[{"label":"Home","link":"https:\/\/www.ejercito.mil.uy"},{"label":"Blog","link":"https:\/\/www.ejercito.mil.uy\/index.php\/category\/blog\/"},{"label":"Escuela Militar","link":"https:\/\/www.ejercito.mil.uy\/index.php\/2020\/10\/19\/noticia-3\/"}],"_links":{"self":[{"href":"https:\/\/www.ejercito.mil.uy\/index.php\/wp-json\/wp\/v2\/posts\/97","targetHints":{"allow":["GET"]}}],"collection":[{"href":"https:\/\/www.ejercito.mil.uy\/index.php\/wp-json\/wp\/v2\/posts"}],"about":[{"href":"https:\/\/www.ejercito.mil.uy\/index.php\/wp-json\/wp\/v2\/types\/post"}],"author":[{"embeddable":true,"href":"https:\/\/www.ejercito.mil.uy\/index.php\/wp-json\/wp\/v2\/users\/1"}],"replies":[{"embeddable":true,"href":"https:\/\/www.ejercito.mil.uy\/index.php\/wp-json\/wp\/v2\/comments?post=97"}],"version-history":[{"count":6,"href":"https:\/\/www.ejercito.mil.uy\/index.php\/wp-json\/wp\/v2\/posts\/97\/revisions"}],"predecessor-version":[{"id":537,"href":"https:\/\/www.ejercito.mil.uy\/index.php\/wp-json\/wp\/v2\/posts\/97\/revisions\/537"}],"wp:featuredmedia":[{"embeddable":true,"href":"https:\/\/www.ejercito.mil.uy\/index.php\/wp-json\/wp\/v2\/media\/534"}],"wp:attachment":[{"href":"https:\/\/www.ejercito.mil.uy\/index.php\/wp-json\/wp\/v2\/media?parent=97"}],"wp:term":[{"taxonomy":"category","embeddable":true,"href":"https:\/\/www.ejercito.mil.uy\/index.php\/wp-json\/wp\/v2\/categories?post=97"},{"taxonomy":"post_tag","embeddable":true,"href":"https:\/\/www.ejercito.mil.uy\/index.php\/wp-json\/wp\/v2\/tags?post=97"}],"curies":[{"name":"wp","href":"https:\/\/api.w.org\/{rel}","templated":true}]}}