{"id":9787,"date":"2022-01-24T09:15:56","date_gmt":"2022-01-24T12:15:56","guid":{"rendered":"https:\/\/www.ejercito.mil.uy\/?p=9787"},"modified":"2022-01-26T09:34:09","modified_gmt":"2022-01-26T12:34:09","slug":"libro-sobre-misiones-de-paz-uthabiti","status":"publish","type":"post","link":"https:\/\/www.ejercito.mil.uy\/index.php\/2022\/01\/24\/libro-sobre-misiones-de-paz-uthabiti\/","title":{"rendered":"Libro sobre Misiones de Paz, \u00abUTHABITI\u00bb"},"content":{"rendered":"\n<p class=\"wp-block-paragraph\" style=\"font-size:14px\">19.01.2022 &#8211; Montevideo  <\/p>\n\n\n\n<div style=\"height:33px\" aria-hidden=\"true\" class=\"wp-block-spacer\"><\/div>\n\n\n\n<p class=\"wp-block-paragraph\">El Ej\u00e9rcito Nacional felicita al Tte. Cnel. (R) Carlos Polcaro por el lanzamiento de \u00abUTHABITI\u00bb, su libro de experiencias en Misiones de Paz como integrante de <a href=\"https:\/\/www.facebook.com\/hashtag\/lafuerzadetodos?__eep__=6&amp;__cft__[0]=AZXqRWxJJFS7EMfkVI-ak34vzTJWax0aUSRENgjZNkwjdyoNYg74aH7lS9j3BqQTQT-olEykbkqBJ3RT2VV3faGxoK-atGEVaZJa22dvKaQwFnlr9xbDT_lRS4HFvMrametM3Eyx6csxTGrmIvtOvo-Z&amp;__tn__=*NK-R\">#LaFuerzadeTodos<\/a> y como miembro de Naciones Unidas. <\/p>\n\n\n\n<div style=\"height:39px\" aria-hidden=\"true\" class=\"wp-block-spacer\"><\/div>\n\n\n\n<p class=\"wp-block-paragraph\">La presentaci\u00f3n del libro se realizar\u00e1 en Montevideo y Maldonado (informaci\u00f3n en afiche). <\/p>\n\n\n\n<div style=\"height:52px\" aria-hidden=\"true\" class=\"wp-block-spacer\"><\/div>\n\n\n\n<div class=\"wp-block-image\"><figure class=\"aligncenter size-full\"><img loading=\"lazy\" decoding=\"async\" width=\"682\" height=\"846\" src=\"https:\/\/www.ejercito.mil.uy\/wp-content\/uploads\/2022\/01\/271984249_301846285306511_146065026979615768_n.jpg\" alt=\"uthabiti\" class=\"wp-image-9788\" srcset=\"https:\/\/www.ejercito.mil.uy\/wp-content\/uploads\/2022\/01\/271984249_301846285306511_146065026979615768_n.jpg 682w, https:\/\/www.ejercito.mil.uy\/wp-content\/uploads\/2022\/01\/271984249_301846285306511_146065026979615768_n-242x300.jpg 242w\" sizes=\"auto, (max-width: 682px) 100vw, 682px\" \/><\/figure><\/div>\n","protected":false},"excerpt":{"rendered":"<p>El libro \u00abUTHABITI\u00bb relata la experiencia del Tte. Cnel. (R) Carlos Polcaro en Misiones de Paz. <\/p>\n","protected":false},"author":3,"featured_media":9894,"comment_status":"open","ping_status":"open","sticky":false,"template":"","format":"standard","meta":{"_coblocks_attr":"","_coblocks_dimensions":"","_coblocks_responsive_height":"","_coblocks_accordion_ie_support":"","_monsterinsights_skip_tracking":false,"_uf_show_specific_survey":0,"_uf_disable_surveys":false,"footnotes":""},"categories":[2,10,237,14],"tags":[72,27,32,37],"class_list":["post-9787","post","type-post","status-publish","format-standard","has-post-thumbnail","hentry","category-blog","category-destacados","category-misiones","category-noticias","tag-agua","tag-apoyo","tag-bienestar","tag-sociedad"],"aioseo_notices":[],"aioseo_head":"\n\t\t<!-- All in One SEO 5.0.1.1 - aioseo.com -->\n\t<meta name=\"description\" content=\"El libro &quot;UTHABITI&quot; relata la experiencia del Tte. Cnel. (R) Carlos Polcaro en Misiones de Paz.\" \/>\n\t<meta name=\"robots\" content=\"max-image-preview:large\" \/>\n\t<meta name=\"author\" content=\"Mariana Meza\"\/>\n\t<link rel=\"canonical\" href=\"https:\/\/www.ejercito.mil.uy\/index.php\/2022\/01\/24\/libro-sobre-misiones-de-paz-uthabiti\/\" \/>\n\t<meta name=\"generator\" content=\"All in One SEO (AIOSEO) 5.0.1.1\" \/>\n\t\t<meta property=\"og:locale\" content=\"es_ES\" \/>\n\t\t<meta property=\"og:site_name\" content=\"Ej\u00e9rcito Nacional - La Fuerza de todos\" \/>\n\t\t<meta property=\"og:type\" content=\"article\" \/>\n\t\t<meta property=\"og:title\" content=\"Libro sobre Misiones de Paz, \u00abUTHABITI\u00bb - Ej\u00e9rcito Nacional\" \/>\n\t\t<meta property=\"og:description\" content=\"El libro &quot;UTHABITI&quot; relata la experiencia del Tte. Cnel. (R) Carlos Polcaro en Misiones de Paz.\" \/>\n\t\t<meta property=\"og:url\" content=\"https:\/\/www.ejercito.mil.uy\/index.php\/2022\/01\/24\/libro-sobre-misiones-de-paz-uthabiti\/\" \/>\n\t\t<meta property=\"og:image\" content=\"https:\/\/www.ejercito.mil.uy\/wp-content\/uploads\/2022\/01\/Escudo_EN_URUGUAY.png\" \/>\n\t\t<meta property=\"og:image:secure_url\" content=\"https:\/\/www.ejercito.mil.uy\/wp-content\/uploads\/2022\/01\/Escudo_EN_URUGUAY.png\" \/>\n\t\t<meta property=\"og:image:width\" content=\"134\" \/>\n\t\t<meta property=\"og:image:height\" content=\"119\" \/>\n\t\t<meta property=\"article:published_time\" content=\"2022-01-24T12:15:56+00:00\" \/>\n\t\t<meta property=\"article:modified_time\" content=\"2022-01-26T12:34:09+00:00\" \/>\n\t\t<meta name=\"twitter:card\" content=\"summary_large_image\" \/>\n\t\t<meta name=\"twitter:title\" content=\"Libro sobre Misiones de Paz, \u00abUTHABITI\u00bb - Ej\u00e9rcito Nacional\" \/>\n\t\t<meta name=\"twitter:description\" content=\"El libro &quot;UTHABITI&quot; relata la experiencia del Tte. Cnel. (R) Carlos Polcaro en Misiones de Paz.\" \/>\n\t\t<meta name=\"twitter:image\" content=\"https:\/\/www.ejercito.mil.uy\/wp-content\/uploads\/2022\/01\/Escudo_EN_URUGUAY.png\" \/>\n\t\t<script type=\"application\/ld+json\" class=\"aioseo-schema\">\n\t\t\t{\"@context\":\"https:\\\/\\\/schema.org\",\"@graph\":[{\"@type\":\"BlogPosting\",\"@id\":\"https:\\\/\\\/www.ejercito.mil.uy\\\/index.php\\\/2022\\\/01\\\/24\\\/libro-sobre-misiones-de-paz-uthabiti\\\/#blogposting\",\"name\":\"Libro sobre Misiones de Paz, \\u00abUTHABITI\\u00bb - Ej\\u00e9rcito Nacional\",\"headline\":\"Libro sobre Misiones de Paz, \\u00abUTHABITI\\u00bb\",\"author\":{\"@id\":\"https:\\\/\\\/www.ejercito.mil.uy\\\/index.php\\\/author\\\/mmeza\\\/#author\"},\"publisher\":{\"@id\":\"https:\\\/\\\/www.ejercito.mil.uy\\\/#organization\"},\"image\":{\"@type\":\"ImageObject\",\"url\":\"https:\\\/\\\/www.ejercito.mil.uy\\\/wp-content\\\/uploads\\\/2022\\\/01\\\/libro.jpg\",\"width\":1200,\"height\":800,\"caption\":\"libro\"},\"datePublished\":\"2022-01-24T09:15:56-03:00\",\"dateModified\":\"2022-01-26T09:34:09-03:00\",\"inLanguage\":\"es-UY\",\"mainEntityOfPage\":{\"@id\":\"https:\\\/\\\/www.ejercito.mil.uy\\\/index.php\\\/2022\\\/01\\\/24\\\/libro-sobre-misiones-de-paz-uthabiti\\\/#webpage\"},\"isPartOf\":{\"@id\":\"https:\\\/\\\/www.ejercito.mil.uy\\\/index.php\\\/2022\\\/01\\\/24\\\/libro-sobre-misiones-de-paz-uthabiti\\\/#webpage\"},\"articleSection\":\"Blog, Destacados, MOP, Noticias, agua, apoyo, bienestar, sociedad\"},{\"@type\":\"BreadcrumbList\",\"@id\":\"https:\\\/\\\/www.ejercito.mil.uy\\\/index.php\\\/2022\\\/01\\\/24\\\/libro-sobre-misiones-de-paz-uthabiti\\\/#breadcrumblist\",\"itemListElement\":[{\"@type\":\"ListItem\",\"@id\":\"https:\\\/\\\/www.ejercito.mil.uy#listItem\",\"position\":1,\"name\":\"Home\",\"item\":\"https:\\\/\\\/www.ejercito.mil.uy\",\"nextItem\":{\"@type\":\"ListItem\",\"@id\":\"https:\\\/\\\/www.ejercito.mil.uy\\\/index.php\\\/category\\\/destacados\\\/#listItem\",\"name\":\"Destacados\"}},{\"@type\":\"ListItem\",\"@id\":\"https:\\\/\\\/www.ejercito.mil.uy\\\/index.php\\\/category\\\/destacados\\\/#listItem\",\"position\":2,\"name\":\"Destacados\",\"item\":\"https:\\\/\\\/www.ejercito.mil.uy\\\/index.php\\\/category\\\/destacados\\\/\",\"nextItem\":{\"@type\":\"ListItem\",\"@id\":\"https:\\\/\\\/www.ejercito.mil.uy\\\/index.php\\\/category\\\/destacados\\\/noticias\\\/#listItem\",\"name\":\"Noticias\"},\"previousItem\":{\"@type\":\"ListItem\",\"@id\":\"https:\\\/\\\/www.ejercito.mil.uy#listItem\",\"name\":\"Home\"}},{\"@type\":\"ListItem\",\"@id\":\"https:\\\/\\\/www.ejercito.mil.uy\\\/index.php\\\/category\\\/destacados\\\/noticias\\\/#listItem\",\"position\":3,\"name\":\"Noticias\",\"item\":\"https:\\\/\\\/www.ejercito.mil.uy\\\/index.php\\\/category\\\/destacados\\\/noticias\\\/\",\"nextItem\":{\"@type\":\"ListItem\",\"@id\":\"https:\\\/\\\/www.ejercito.mil.uy\\\/index.php\\\/2022\\\/01\\\/24\\\/libro-sobre-misiones-de-paz-uthabiti\\\/#listItem\",\"name\":\"Libro sobre Misiones de Paz, \\u00abUTHABITI\\u00bb\"},\"previousItem\":{\"@type\":\"ListItem\",\"@id\":\"https:\\\/\\\/www.ejercito.mil.uy\\\/index.php\\\/category\\\/destacados\\\/#listItem\",\"name\":\"Destacados\"}},{\"@type\":\"ListItem\",\"@id\":\"https:\\\/\\\/www.ejercito.mil.uy\\\/index.php\\\/2022\\\/01\\\/24\\\/libro-sobre-misiones-de-paz-uthabiti\\\/#listItem\",\"position\":4,\"name\":\"Libro sobre Misiones de Paz, \\u00abUTHABITI\\u00bb\",\"previousItem\":{\"@type\":\"ListItem\",\"@id\":\"https:\\\/\\\/www.ejercito.mil.uy\\\/index.php\\\/category\\\/destacados\\\/noticias\\\/#listItem\",\"name\":\"Noticias\"}}]},{\"@type\":\"Organization\",\"@id\":\"https:\\\/\\\/www.ejercito.mil.uy\\\/#organization\",\"name\":\"Ej\\u00e9rcito Nacional\",\"description\":\"La Fuerza de todos\",\"url\":\"https:\\\/\\\/www.ejercito.mil.uy\\\/\",\"logo\":{\"@type\":\"ImageObject\",\"url\":\"https:\\\/\\\/www.ejercito.mil.uy\\\/wp-content\\\/uploads\\\/2022\\\/01\\\/Escudo_EN_URUGUAY.png\",\"@id\":\"https:\\\/\\\/www.ejercito.mil.uy\\\/index.php\\\/2022\\\/01\\\/24\\\/libro-sobre-misiones-de-paz-uthabiti\\\/#organizationLogo\",\"width\":134,\"height\":119},\"image\":{\"@id\":\"https:\\\/\\\/www.ejercito.mil.uy\\\/index.php\\\/2022\\\/01\\\/24\\\/libro-sobre-misiones-de-paz-uthabiti\\\/#organizationLogo\"}},{\"@type\":\"Person\",\"@id\":\"https:\\\/\\\/www.ejercito.mil.uy\\\/index.php\\\/author\\\/mmeza\\\/#author\",\"url\":\"https:\\\/\\\/www.ejercito.mil.uy\\\/index.php\\\/author\\\/mmeza\\\/\",\"name\":\"Mariana Meza\",\"image\":{\"@type\":\"ImageObject\",\"@id\":\"https:\\\/\\\/www.ejercito.mil.uy\\\/index.php\\\/2022\\\/01\\\/24\\\/libro-sobre-misiones-de-paz-uthabiti\\\/#authorImage\",\"url\":\"https:\\\/\\\/secure.gravatar.com\\\/avatar\\\/79e768dc57d102ec38976296e749735b00f1ef94f745be0e6d1c7d2aa34e7a0e?s=96&d=mm&r=g\",\"width\":96,\"height\":96,\"caption\":\"Mariana Meza\"}},{\"@type\":\"WebPage\",\"@id\":\"https:\\\/\\\/www.ejercito.mil.uy\\\/index.php\\\/2022\\\/01\\\/24\\\/libro-sobre-misiones-de-paz-uthabiti\\\/#webpage\",\"url\":\"https:\\\/\\\/www.ejercito.mil.uy\\\/index.php\\\/2022\\\/01\\\/24\\\/libro-sobre-misiones-de-paz-uthabiti\\\/\",\"name\":\"Libro sobre Misiones de Paz, \\u00abUTHABITI\\u00bb - Ej\\u00e9rcito Nacional\",\"description\":\"El libro \\\"UTHABITI\\\" relata la experiencia del Tte. Cnel. (R) Carlos Polcaro en Misiones de Paz.\",\"inLanguage\":\"es-UY\",\"isPartOf\":{\"@id\":\"https:\\\/\\\/www.ejercito.mil.uy\\\/#website\"},\"breadcrumb\":{\"@id\":\"https:\\\/\\\/www.ejercito.mil.uy\\\/index.php\\\/2022\\\/01\\\/24\\\/libro-sobre-misiones-de-paz-uthabiti\\\/#breadcrumblist\"},\"author\":{\"@id\":\"https:\\\/\\\/www.ejercito.mil.uy\\\/index.php\\\/author\\\/mmeza\\\/#author\"},\"creator\":{\"@id\":\"https:\\\/\\\/www.ejercito.mil.uy\\\/index.php\\\/author\\\/mmeza\\\/#author\"},\"image\":{\"@type\":\"ImageObject\",\"url\":\"https:\\\/\\\/www.ejercito.mil.uy\\\/wp-content\\\/uploads\\\/2022\\\/01\\\/libro.jpg\",\"@id\":\"https:\\\/\\\/www.ejercito.mil.uy\\\/index.php\\\/2022\\\/01\\\/24\\\/libro-sobre-misiones-de-paz-uthabiti\\\/#mainImage\",\"width\":1200,\"height\":800,\"caption\":\"libro\"},\"primaryImageOfPage\":{\"@id\":\"https:\\\/\\\/www.ejercito.mil.uy\\\/index.php\\\/2022\\\/01\\\/24\\\/libro-sobre-misiones-de-paz-uthabiti\\\/#mainImage\"},\"datePublished\":\"2022-01-24T09:15:56-03:00\",\"dateModified\":\"2022-01-26T09:34:09-03:00\"},{\"@type\":\"WebSite\",\"@id\":\"https:\\\/\\\/www.ejercito.mil.uy\\\/#website\",\"url\":\"https:\\\/\\\/www.ejercito.mil.uy\\\/\",\"name\":\"Ej\\u00e9rcito Nacional\",\"description\":\"La Fuerza de todos\",\"inLanguage\":\"es-UY\",\"publisher\":{\"@id\":\"https:\\\/\\\/www.ejercito.mil.uy\\\/#organization\"}}]}\n\t\t<\/script>\n\t\t<!-- All in One SEO -->\n\n","aioseo_head_json":{"title":"Libro sobre Misiones de Paz, \u00abUTHABITI\u00bb - Ej\u00e9rcito Nacional","description":"El libro \"UTHABITI\" relata la experiencia del Tte. Cnel. (R) Carlos Polcaro en Misiones de Paz.","canonical_url":"https:\/\/www.ejercito.mil.uy\/index.php\/2022\/01\/24\/libro-sobre-misiones-de-paz-uthabiti\/","robots":"max-image-preview:large","keywords":"","webmasterTools":{"miscellaneous":""},"schema":{"@context":"https:\/\/schema.org","@graph":[{"@type":"BlogPosting","@id":"https:\/\/www.ejercito.mil.uy\/index.php\/2022\/01\/24\/libro-sobre-misiones-de-paz-uthabiti\/#blogposting","name":"Libro sobre Misiones de Paz, \u00abUTHABITI\u00bb - Ej\u00e9rcito Nacional","headline":"Libro sobre Misiones de Paz, \u00abUTHABITI\u00bb","author":{"@id":"https:\/\/www.ejercito.mil.uy\/index.php\/author\/mmeza\/#author"},"publisher":{"@id":"https:\/\/www.ejercito.mil.uy\/#organization"},"image":{"@type":"ImageObject","url":"https:\/\/www.ejercito.mil.uy\/wp-content\/uploads\/2022\/01\/libro.jpg","width":1200,"height":800,"caption":"libro"},"datePublished":"2022-01-24T09:15:56-03:00","dateModified":"2022-01-26T09:34:09-03:00","inLanguage":"es-UY","mainEntityOfPage":{"@id":"https:\/\/www.ejercito.mil.uy\/index.php\/2022\/01\/24\/libro-sobre-misiones-de-paz-uthabiti\/#webpage"},"isPartOf":{"@id":"https:\/\/www.ejercito.mil.uy\/index.php\/2022\/01\/24\/libro-sobre-misiones-de-paz-uthabiti\/#webpage"},"articleSection":"Blog, Destacados, MOP, Noticias, agua, apoyo, bienestar, sociedad"},{"@type":"BreadcrumbList","@id":"https:\/\/www.ejercito.mil.uy\/index.php\/2022\/01\/24\/libro-sobre-misiones-de-paz-uthabiti\/#breadcrumblist","itemListElement":[{"@type":"ListItem","@id":"https:\/\/www.ejercito.mil.uy#listItem","position":1,"name":"Home","item":"https:\/\/www.ejercito.mil.uy","nextItem":{"@type":"ListItem","@id":"https:\/\/www.ejercito.mil.uy\/index.php\/category\/destacados\/#listItem","name":"Destacados"}},{"@type":"ListItem","@id":"https:\/\/www.ejercito.mil.uy\/index.php\/category\/destacados\/#listItem","position":2,"name":"Destacados","item":"https:\/\/www.ejercito.mil.uy\/index.php\/category\/destacados\/","nextItem":{"@type":"ListItem","@id":"https:\/\/www.ejercito.mil.uy\/index.php\/category\/destacados\/noticias\/#listItem","name":"Noticias"},"previousItem":{"@type":"ListItem","@id":"https:\/\/www.ejercito.mil.uy#listItem","name":"Home"}},{"@type":"ListItem","@id":"https:\/\/www.ejercito.mil.uy\/index.php\/category\/destacados\/noticias\/#listItem","position":3,"name":"Noticias","item":"https:\/\/www.ejercito.mil.uy\/index.php\/category\/destacados\/noticias\/","nextItem":{"@type":"ListItem","@id":"https:\/\/www.ejercito.mil.uy\/index.php\/2022\/01\/24\/libro-sobre-misiones-de-paz-uthabiti\/#listItem","name":"Libro sobre Misiones de Paz, \u00abUTHABITI\u00bb"},"previousItem":{"@type":"ListItem","@id":"https:\/\/www.ejercito.mil.uy\/index.php\/category\/destacados\/#listItem","name":"Destacados"}},{"@type":"ListItem","@id":"https:\/\/www.ejercito.mil.uy\/index.php\/2022\/01\/24\/libro-sobre-misiones-de-paz-uthabiti\/#listItem","position":4,"name":"Libro sobre Misiones de Paz, \u00abUTHABITI\u00bb","previousItem":{"@type":"ListItem","@id":"https:\/\/www.ejercito.mil.uy\/index.php\/category\/destacados\/noticias\/#listItem","name":"Noticias"}}]},{"@type":"Organization","@id":"https:\/\/www.ejercito.mil.uy\/#organization","name":"Ej\u00e9rcito Nacional","description":"La Fuerza de todos","url":"https:\/\/www.ejercito.mil.uy\/","logo":{"@type":"ImageObject","url":"https:\/\/www.ejercito.mil.uy\/wp-content\/uploads\/2022\/01\/Escudo_EN_URUGUAY.png","@id":"https:\/\/www.ejercito.mil.uy\/index.php\/2022\/01\/24\/libro-sobre-misiones-de-paz-uthabiti\/#organizationLogo","width":134,"height":119},"image":{"@id":"https:\/\/www.ejercito.mil.uy\/index.php\/2022\/01\/24\/libro-sobre-misiones-de-paz-uthabiti\/#organizationLogo"}},{"@type":"Person","@id":"https:\/\/www.ejercito.mil.uy\/index.php\/author\/mmeza\/#author","url":"https:\/\/www.ejercito.mil.uy\/index.php\/author\/mmeza\/","name":"Mariana Meza","image":{"@type":"ImageObject","@id":"https:\/\/www.ejercito.mil.uy\/index.php\/2022\/01\/24\/libro-sobre-misiones-de-paz-uthabiti\/#authorImage","url":"https:\/\/secure.gravatar.com\/avatar\/79e768dc57d102ec38976296e749735b00f1ef94f745be0e6d1c7d2aa34e7a0e?s=96&d=mm&r=g","width":96,"height":96,"caption":"Mariana Meza"}},{"@type":"WebPage","@id":"https:\/\/www.ejercito.mil.uy\/index.php\/2022\/01\/24\/libro-sobre-misiones-de-paz-uthabiti\/#webpage","url":"https:\/\/www.ejercito.mil.uy\/index.php\/2022\/01\/24\/libro-sobre-misiones-de-paz-uthabiti\/","name":"Libro sobre Misiones de Paz, \u00abUTHABITI\u00bb - Ej\u00e9rcito Nacional","description":"El libro \"UTHABITI\" relata la experiencia del Tte. Cnel. (R) Carlos Polcaro en Misiones de Paz.","inLanguage":"es-UY","isPartOf":{"@id":"https:\/\/www.ejercito.mil.uy\/#website"},"breadcrumb":{"@id":"https:\/\/www.ejercito.mil.uy\/index.php\/2022\/01\/24\/libro-sobre-misiones-de-paz-uthabiti\/#breadcrumblist"},"author":{"@id":"https:\/\/www.ejercito.mil.uy\/index.php\/author\/mmeza\/#author"},"creator":{"@id":"https:\/\/www.ejercito.mil.uy\/index.php\/author\/mmeza\/#author"},"image":{"@type":"ImageObject","url":"https:\/\/www.ejercito.mil.uy\/wp-content\/uploads\/2022\/01\/libro.jpg","@id":"https:\/\/www.ejercito.mil.uy\/index.php\/2022\/01\/24\/libro-sobre-misiones-de-paz-uthabiti\/#mainImage","width":1200,"height":800,"caption":"libro"},"primaryImageOfPage":{"@id":"https:\/\/www.ejercito.mil.uy\/index.php\/2022\/01\/24\/libro-sobre-misiones-de-paz-uthabiti\/#mainImage"},"datePublished":"2022-01-24T09:15:56-03:00","dateModified":"2022-01-26T09:34:09-03:00"},{"@type":"WebSite","@id":"https:\/\/www.ejercito.mil.uy\/#website","url":"https:\/\/www.ejercito.mil.uy\/","name":"Ej\u00e9rcito Nacional","description":"La Fuerza de todos","inLanguage":"es-UY","publisher":{"@id":"https:\/\/www.ejercito.mil.uy\/#organization"}}]},"og:locale":"es_ES","og:site_name":"Ej\u00e9rcito Nacional - La Fuerza de todos","og:type":"article","og:title":"Libro sobre Misiones de Paz, \u00abUTHABITI\u00bb - Ej\u00e9rcito Nacional","og:description":"El libro &quot;UTHABITI&quot; relata la experiencia del Tte. Cnel. (R) Carlos Polcaro en Misiones de Paz.","og:url":"https:\/\/www.ejercito.mil.uy\/index.php\/2022\/01\/24\/libro-sobre-misiones-de-paz-uthabiti\/","og:image":"https:\/\/www.ejercito.mil.uy\/wp-content\/uploads\/2022\/01\/Escudo_EN_URUGUAY.png","og:image:secure_url":"https:\/\/www.ejercito.mil.uy\/wp-content\/uploads\/2022\/01\/Escudo_EN_URUGUAY.png","og:image:width":134,"og:image:height":119,"article:published_time":"2022-01-24T12:15:56+00:00","article:modified_time":"2022-01-26T12:34:09+00:00","twitter:card":"summary_large_image","twitter:title":"Libro sobre Misiones de Paz, \u00abUTHABITI\u00bb - Ej\u00e9rcito Nacional","twitter:description":"El libro &quot;UTHABITI&quot; relata la experiencia del Tte. Cnel. (R) Carlos Polcaro en Misiones de Paz.","twitter:image":"https:\/\/www.ejercito.mil.uy\/wp-content\/uploads\/2022\/01\/Escudo_EN_URUGUAY.png"},"aioseo_meta_data":{"post_id":"9787","title":null,"description":null,"keywords":null,"keyphrases":null,"primary_term":null,"canonical_url":null,"og_title":null,"og_description":null,"og_object_type":"default","og_image_type":"default","og_image_url":null,"og_image_width":null,"og_image_height":null,"og_image_custom_url":null,"og_image_custom_fields":null,"og_video":null,"og_custom_url":null,"og_article_section":null,"og_article_tags":null,"twitter_use_og":false,"twitter_card":"default","twitter_image_type":"default","twitter_image_url":null,"twitter_image_custom_url":null,"twitter_image_custom_fields":null,"twitter_title":null,"twitter_description":null,"schema":{"blockGraphs":[],"customGraphs":[],"default":{"data":{"Article":[],"Course":[],"Dataset":[],"FAQPage":[],"Movie":[],"Person":[],"Product":[],"ProductReview":[],"Car":[],"Recipe":[],"Service":[],"SoftwareApplication":[],"WebPage":[]},"graphName":"","isEnabled":true},"graphs":[]},"schema_type":"default","schema_type_options":null,"pillar_content":false,"robots_default":true,"robots_noindex":false,"robots_noarchive":false,"robots_nosnippet":false,"robots_nofollow":false,"robots_noimageindex":false,"robots_noodp":false,"robots_notranslate":false,"robots_max_snippet":null,"robots_max_videopreview":null,"robots_max_imagepreview":"large","priority":null,"frequency":null,"local_seo":null,"breadcrumb_settings":null,"limit_modified_date":false,"ai":null,"created":"2025-08-30 02:35:51","updated":"2025-08-30 02:35:51","seo_analyzer_scan_date":null,"focus_keyword":null,"additional_keywords":null,"truseo_locale":null},"aioseo_breadcrumb":"<div class=\"aioseo-breadcrumbs\"><span class=\"aioseo-breadcrumb\">\n\t\t\t<a href=\"https:\/\/www.ejercito.mil.uy\" title=\"Home\">Home<\/a>\n\t\t<\/span><span class=\"aioseo-breadcrumb-separator\">&raquo;<\/span><span class=\"aioseo-breadcrumb\">\n\t\t\t<a href=\"https:\/\/www.ejercito.mil.uy\/index.php\/category\/destacados\/\" title=\"Destacados\">Destacados<\/a>\n\t\t<\/span><span class=\"aioseo-breadcrumb-separator\">&raquo;<\/span><span class=\"aioseo-breadcrumb\">\n\t\t\t<a href=\"https:\/\/www.ejercito.mil.uy\/index.php\/category\/destacados\/noticias\/\" title=\"Noticias\">Noticias<\/a>\n\t\t<\/span><span class=\"aioseo-breadcrumb-separator\">&raquo;<\/span><span class=\"aioseo-breadcrumb\">\n\t\t\tLibro sobre Misiones de Paz, \u00abUTHABITI\u00bb\n\t\t<\/span><\/div>","aioseo_breadcrumb_json":[{"label":"Home","link":"https:\/\/www.ejercito.mil.uy"},{"label":"Destacados","link":"https:\/\/www.ejercito.mil.uy\/index.php\/category\/destacados\/"},{"label":"Noticias","link":"https:\/\/www.ejercito.mil.uy\/index.php\/category\/destacados\/noticias\/"},{"label":"Libro sobre Misiones de Paz, \u00abUTHABITI\u00bb","link":"https:\/\/www.ejercito.mil.uy\/index.php\/2022\/01\/24\/libro-sobre-misiones-de-paz-uthabiti\/"}],"_links":{"self":[{"href":"https:\/\/www.ejercito.mil.uy\/index.php\/wp-json\/wp\/v2\/posts\/9787","targetHints":{"allow":["GET"]}}],"collection":[{"href":"https:\/\/www.ejercito.mil.uy\/index.php\/wp-json\/wp\/v2\/posts"}],"about":[{"href":"https:\/\/www.ejercito.mil.uy\/index.php\/wp-json\/wp\/v2\/types\/post"}],"author":[{"embeddable":true,"href":"https:\/\/www.ejercito.mil.uy\/index.php\/wp-json\/wp\/v2\/users\/3"}],"replies":[{"embeddable":true,"href":"https:\/\/www.ejercito.mil.uy\/index.php\/wp-json\/wp\/v2\/comments?post=9787"}],"version-history":[{"count":4,"href":"https:\/\/www.ejercito.mil.uy\/index.php\/wp-json\/wp\/v2\/posts\/9787\/revisions"}],"predecessor-version":[{"id":9895,"href":"https:\/\/www.ejercito.mil.uy\/index.php\/wp-json\/wp\/v2\/posts\/9787\/revisions\/9895"}],"wp:featuredmedia":[{"embeddable":true,"href":"https:\/\/www.ejercito.mil.uy\/index.php\/wp-json\/wp\/v2\/media\/9894"}],"wp:attachment":[{"href":"https:\/\/www.ejercito.mil.uy\/index.php\/wp-json\/wp\/v2\/media?parent=9787"}],"wp:term":[{"taxonomy":"category","embeddable":true,"href":"https:\/\/www.ejercito.mil.uy\/index.php\/wp-json\/wp\/v2\/categories?post=9787"},{"taxonomy":"post_tag","embeddable":true,"href":"https:\/\/www.ejercito.mil.uy\/index.php\/wp-json\/wp\/v2\/tags?post=9787"}],"curies":[{"name":"wp","href":"https:\/\/api.w.org\/{rel}","templated":true}]}}