{"id":989,"date":"2021-03-01T14:30:00","date_gmt":"2021-03-01T17:30:00","guid":{"rendered":"http:\/\/10.1.99.112\/?p=989"},"modified":"2026-02-23T11:06:05","modified_gmt":"2026-02-23T14:06:05","slug":"inicio-de-cursos-del-instituto-militar-de-las-armas-y-especialidades","status":"publish","type":"post","link":"https:\/\/www.ejercito.mil.uy\/index.php\/2021\/03\/01\/inicio-de-cursos-del-instituto-militar-de-las-armas-y-especialidades\/","title":{"rendered":"Inicio de cursos del Instituto Militar de las Armas y Especialidades"},"content":{"rendered":"\n<p class=\"wp-block-paragraph\" style=\"font-size:14px\">01.03.2021 &#8211; Montevideo<\/p>\n\n\n\n<div style=\"height:33px\" aria-hidden=\"true\" class=\"wp-block-spacer\"><\/div>\n\n\n\n<p class=\"wp-block-paragraph\">El d\u00eda de hoy, se realiz\u00f3 la ceremonia de inicio de cursos del <strong><a href=\"https:\/\/www.facebook.com\/imaeuruguay\/\" data-type=\"URL\" target=\"_blank\" rel=\"noreferrer noopener\">Instituto Militar de las Armas y Especialidades (IMAE)<\/a><\/strong>. <\/p>\n\n\n\n<div style=\"height:33px\" aria-hidden=\"true\" class=\"wp-block-spacer\"><\/div>\n\n\n\n<p class=\"wp-block-paragraph\">Un total de 422 alumnos realizar\u00e1n alguno de los diversos cursos de formaci\u00f3n que ofrece la Escuela: cursos de pasaje de grado, de perfeccionamiento en la carrera, del correcto manejo de documentaci\u00f3n, de equitaci\u00f3n o de formaci\u00f3n como M\u00fasico Militar.<\/p>\n\n\n\n<div style=\"height:33px\" aria-hidden=\"true\" class=\"wp-block-spacer\"><\/div>\n\n\n\n<p class=\"wp-block-paragraph\">Durante la ceremonia, se leyeron palabras alusivas al inicio de cursos y se designaron a los abanderados y escoltas titulares y suplentes del instituto. Las banderas fueron entregadas por el Director General del IMAE, Gral. Don Jorge I. Fern\u00e1ndez (Pabell\u00f3n Nacional); el Subdirector General del IMAE, Cnel. Don Gonzalo Contrera (bandera de Artigas) y el director de la Escuela de Equitaci\u00f3n del Ej\u00e9rcito, Cnel. Don Gustavo Cabrera (bandera de los Treinta y Tres Orientales).<\/p>\n\n\n\n<div style=\"height:33px\" aria-hidden=\"true\" class=\"wp-block-spacer\"><\/div>\n\n\n\n<p class=\"wp-block-paragraph\">\u00a1Buen a\u00f1o para todos!<\/p>\n\n\n\n<div style=\"height:100px\" aria-hidden=\"true\" class=\"wp-block-spacer\"><\/div>\n","protected":false},"excerpt":{"rendered":"<p>01.03.2021 &#8211; Montevideo El d\u00eda de hoy, se realiz\u00f3 la ceremonia de inicio de cursos del Instituto Militar de las Armas y Especialidades (IMAE). Un total de 422 alumnos realizar\u00e1n alguno de los diversos cursos de formaci\u00f3n que ofrece la Escuela: cursos de pasaje de grado, de perfeccionamiento en la carrera, del correcto manejo de <a href=\"https:\/\/www.ejercito.mil.uy\/index.php\/2021\/03\/01\/inicio-de-cursos-del-instituto-militar-de-las-armas-y-especialidades\/\" class=\"more-link\">&#8230;<span class=\"screen-reader-text\">  Inicio de cursos del Instituto Militar de las Armas y Especialidades<\/span><\/a><\/p>\n","protected":false},"author":4,"featured_media":992,"comment_status":"open","ping_status":"open","sticky":false,"template":"","format":"standard","meta":{"_coblocks_attr":"","_coblocks_dimensions":"","_coblocks_responsive_height":"","_coblocks_accordion_ie_support":"","_monsterinsights_skip_tracking":false,"_uf_show_specific_survey":0,"_uf_disable_surveys":false,"footnotes":""},"categories":[2,14],"tags":[],"class_list":["post-989","post","type-post","status-publish","format-standard","has-post-thumbnail","hentry","category-blog","category-noticias"],"aioseo_notices":[],"aioseo_head":"\n\t\t<!-- All in One SEO 5.0.1.1 - aioseo.com -->\n\t<meta name=\"description\" content=\"01.03.2021 - Montevideo El d\u00eda de hoy, se realiz\u00f3 la ceremonia de inicio de cursos del Instituto Militar de las Armas y Especialidades (IMAE). Un total de 422 alumnos realizar\u00e1n alguno de los diversos cursos de formaci\u00f3n que ofrece la Escuela: cursos de pasaje de grado, de perfeccionamiento en la carrera, del correcto manejo de\" \/>\n\t<meta name=\"robots\" content=\"max-image-preview:large\" \/>\n\t<meta name=\"author\" content=\"Alejandro Castro\"\/>\n\t<link rel=\"canonical\" href=\"https:\/\/www.ejercito.mil.uy\/index.php\/2021\/03\/01\/inicio-de-cursos-del-instituto-militar-de-las-armas-y-especialidades\/\" \/>\n\t<meta name=\"generator\" content=\"All in One SEO (AIOSEO) 5.0.1.1\" \/>\n\t\t<meta property=\"og:locale\" content=\"es_ES\" \/>\n\t\t<meta property=\"og:site_name\" content=\"Ej\u00e9rcito Nacional - La Fuerza de todos\" \/>\n\t\t<meta property=\"og:type\" content=\"article\" \/>\n\t\t<meta property=\"og:title\" content=\"Inicio de cursos del Instituto Militar de las Armas y Especialidades - Ej\u00e9rcito Nacional\" \/>\n\t\t<meta property=\"og:description\" content=\"01.03.2021 - Montevideo El d\u00eda de hoy, se realiz\u00f3 la ceremonia de inicio de cursos del Instituto Militar de las Armas y Especialidades (IMAE). Un total de 422 alumnos realizar\u00e1n alguno de los diversos cursos de formaci\u00f3n que ofrece la Escuela: cursos de pasaje de grado, de perfeccionamiento en la carrera, del correcto manejo de\" \/>\n\t\t<meta property=\"og:url\" content=\"https:\/\/www.ejercito.mil.uy\/index.php\/2021\/03\/01\/inicio-de-cursos-del-instituto-militar-de-las-armas-y-especialidades\/\" \/>\n\t\t<meta property=\"og:image\" content=\"https:\/\/www.ejercito.mil.uy\/wp-content\/uploads\/2022\/01\/Escudo_EN_URUGUAY.png\" \/>\n\t\t<meta property=\"og:image:secure_url\" content=\"https:\/\/www.ejercito.mil.uy\/wp-content\/uploads\/2022\/01\/Escudo_EN_URUGUAY.png\" \/>\n\t\t<meta property=\"og:image:width\" content=\"134\" \/>\n\t\t<meta property=\"og:image:height\" content=\"119\" \/>\n\t\t<meta property=\"article:published_time\" content=\"2021-03-01T17:30:00+00:00\" \/>\n\t\t<meta property=\"article:modified_time\" content=\"2026-02-23T14:06:05+00:00\" \/>\n\t\t<meta name=\"twitter:card\" content=\"summary_large_image\" \/>\n\t\t<meta name=\"twitter:title\" content=\"Inicio de cursos del Instituto Militar de las Armas y Especialidades - Ej\u00e9rcito Nacional\" \/>\n\t\t<meta name=\"twitter:description\" content=\"01.03.2021 - Montevideo El d\u00eda de hoy, se realiz\u00f3 la ceremonia de inicio de cursos del Instituto Militar de las Armas y Especialidades (IMAE). Un total de 422 alumnos realizar\u00e1n alguno de los diversos cursos de formaci\u00f3n que ofrece la Escuela: cursos de pasaje de grado, de perfeccionamiento en la carrera, del correcto manejo de\" \/>\n\t\t<meta name=\"twitter:image\" content=\"https:\/\/www.ejercito.mil.uy\/wp-content\/uploads\/2022\/01\/Escudo_EN_URUGUAY.png\" \/>\n\t\t<script type=\"application\/ld+json\" class=\"aioseo-schema\">\n\t\t\t{\"@context\":\"https:\\\/\\\/schema.org\",\"@graph\":[{\"@type\":\"BlogPosting\",\"@id\":\"https:\\\/\\\/www.ejercito.mil.uy\\\/index.php\\\/2021\\\/03\\\/01\\\/inicio-de-cursos-del-instituto-militar-de-las-armas-y-especialidades\\\/#blogposting\",\"name\":\"Inicio de cursos del Instituto Militar de las Armas y Especialidades - Ej\\u00e9rcito Nacional\",\"headline\":\"Inicio de cursos del Instituto Militar de las Armas y Especialidades\",\"author\":{\"@id\":\"https:\\\/\\\/www.ejercito.mil.uy\\\/index.php\\\/author\\\/acastro\\\/#author\"},\"publisher\":{\"@id\":\"https:\\\/\\\/www.ejercito.mil.uy\\\/#organization\"},\"image\":{\"@type\":\"ImageObject\",\"url\":\"https:\\\/\\\/www.ejercito.mil.uy\\\/wp-content\\\/uploads\\\/2021\\\/03\\\/Inicio-de-cursos-IMAE-3.jpg\",\"width\":1200,\"height\":800,\"caption\":\"IMAE\"},\"datePublished\":\"2021-03-01T14:30:00-03:00\",\"dateModified\":\"2026-02-23T11:06:05-03:00\",\"inLanguage\":\"es-UY\",\"mainEntityOfPage\":{\"@id\":\"https:\\\/\\\/www.ejercito.mil.uy\\\/index.php\\\/2021\\\/03\\\/01\\\/inicio-de-cursos-del-instituto-militar-de-las-armas-y-especialidades\\\/#webpage\"},\"isPartOf\":{\"@id\":\"https:\\\/\\\/www.ejercito.mil.uy\\\/index.php\\\/2021\\\/03\\\/01\\\/inicio-de-cursos-del-instituto-militar-de-las-armas-y-especialidades\\\/#webpage\"},\"articleSection\":\"Blog, Noticias\"},{\"@type\":\"BreadcrumbList\",\"@id\":\"https:\\\/\\\/www.ejercito.mil.uy\\\/index.php\\\/2021\\\/03\\\/01\\\/inicio-de-cursos-del-instituto-militar-de-las-armas-y-especialidades\\\/#breadcrumblist\",\"itemListElement\":[{\"@type\":\"ListItem\",\"@id\":\"https:\\\/\\\/www.ejercito.mil.uy#listItem\",\"position\":1,\"name\":\"Home\",\"item\":\"https:\\\/\\\/www.ejercito.mil.uy\",\"nextItem\":{\"@type\":\"ListItem\",\"@id\":\"https:\\\/\\\/www.ejercito.mil.uy\\\/index.php\\\/category\\\/destacados\\\/#listItem\",\"name\":\"Destacados\"}},{\"@type\":\"ListItem\",\"@id\":\"https:\\\/\\\/www.ejercito.mil.uy\\\/index.php\\\/category\\\/destacados\\\/#listItem\",\"position\":2,\"name\":\"Destacados\",\"item\":\"https:\\\/\\\/www.ejercito.mil.uy\\\/index.php\\\/category\\\/destacados\\\/\",\"nextItem\":{\"@type\":\"ListItem\",\"@id\":\"https:\\\/\\\/www.ejercito.mil.uy\\\/index.php\\\/category\\\/destacados\\\/noticias\\\/#listItem\",\"name\":\"Noticias\"},\"previousItem\":{\"@type\":\"ListItem\",\"@id\":\"https:\\\/\\\/www.ejercito.mil.uy#listItem\",\"name\":\"Home\"}},{\"@type\":\"ListItem\",\"@id\":\"https:\\\/\\\/www.ejercito.mil.uy\\\/index.php\\\/category\\\/destacados\\\/noticias\\\/#listItem\",\"position\":3,\"name\":\"Noticias\",\"item\":\"https:\\\/\\\/www.ejercito.mil.uy\\\/index.php\\\/category\\\/destacados\\\/noticias\\\/\",\"nextItem\":{\"@type\":\"ListItem\",\"@id\":\"https:\\\/\\\/www.ejercito.mil.uy\\\/index.php\\\/2021\\\/03\\\/01\\\/inicio-de-cursos-del-instituto-militar-de-las-armas-y-especialidades\\\/#listItem\",\"name\":\"Inicio de cursos del Instituto Militar de las Armas y Especialidades\"},\"previousItem\":{\"@type\":\"ListItem\",\"@id\":\"https:\\\/\\\/www.ejercito.mil.uy\\\/index.php\\\/category\\\/destacados\\\/#listItem\",\"name\":\"Destacados\"}},{\"@type\":\"ListItem\",\"@id\":\"https:\\\/\\\/www.ejercito.mil.uy\\\/index.php\\\/2021\\\/03\\\/01\\\/inicio-de-cursos-del-instituto-militar-de-las-armas-y-especialidades\\\/#listItem\",\"position\":4,\"name\":\"Inicio de cursos del Instituto Militar de las Armas y Especialidades\",\"previousItem\":{\"@type\":\"ListItem\",\"@id\":\"https:\\\/\\\/www.ejercito.mil.uy\\\/index.php\\\/category\\\/destacados\\\/noticias\\\/#listItem\",\"name\":\"Noticias\"}}]},{\"@type\":\"Organization\",\"@id\":\"https:\\\/\\\/www.ejercito.mil.uy\\\/#organization\",\"name\":\"Ej\\u00e9rcito Nacional\",\"description\":\"La Fuerza de todos\",\"url\":\"https:\\\/\\\/www.ejercito.mil.uy\\\/\",\"logo\":{\"@type\":\"ImageObject\",\"url\":\"https:\\\/\\\/www.ejercito.mil.uy\\\/wp-content\\\/uploads\\\/2022\\\/01\\\/Escudo_EN_URUGUAY.png\",\"@id\":\"https:\\\/\\\/www.ejercito.mil.uy\\\/index.php\\\/2021\\\/03\\\/01\\\/inicio-de-cursos-del-instituto-militar-de-las-armas-y-especialidades\\\/#organizationLogo\",\"width\":134,\"height\":119},\"image\":{\"@id\":\"https:\\\/\\\/www.ejercito.mil.uy\\\/index.php\\\/2021\\\/03\\\/01\\\/inicio-de-cursos-del-instituto-militar-de-las-armas-y-especialidades\\\/#organizationLogo\"}},{\"@type\":\"Person\",\"@id\":\"https:\\\/\\\/www.ejercito.mil.uy\\\/index.php\\\/author\\\/acastro\\\/#author\",\"url\":\"https:\\\/\\\/www.ejercito.mil.uy\\\/index.php\\\/author\\\/acastro\\\/\",\"name\":\"Alejandro Castro\",\"image\":{\"@type\":\"ImageObject\",\"@id\":\"https:\\\/\\\/www.ejercito.mil.uy\\\/index.php\\\/2021\\\/03\\\/01\\\/inicio-de-cursos-del-instituto-militar-de-las-armas-y-especialidades\\\/#authorImage\",\"url\":\"https:\\\/\\\/secure.gravatar.com\\\/avatar\\\/89bb77d4bf696501dd94ca89e6794e1787eaffba7c7197528d249e15bd099f68?s=96&d=mm&r=g\",\"width\":96,\"height\":96,\"caption\":\"Alejandro Castro\"}},{\"@type\":\"WebPage\",\"@id\":\"https:\\\/\\\/www.ejercito.mil.uy\\\/index.php\\\/2021\\\/03\\\/01\\\/inicio-de-cursos-del-instituto-militar-de-las-armas-y-especialidades\\\/#webpage\",\"url\":\"https:\\\/\\\/www.ejercito.mil.uy\\\/index.php\\\/2021\\\/03\\\/01\\\/inicio-de-cursos-del-instituto-militar-de-las-armas-y-especialidades\\\/\",\"name\":\"Inicio de cursos del Instituto Militar de las Armas y Especialidades - Ej\\u00e9rcito Nacional\",\"description\":\"01.03.2021 - Montevideo El d\\u00eda de hoy, se realiz\\u00f3 la ceremonia de inicio de cursos del Instituto Militar de las Armas y Especialidades (IMAE). Un total de 422 alumnos realizar\\u00e1n alguno de los diversos cursos de formaci\\u00f3n que ofrece la Escuela: cursos de pasaje de grado, de perfeccionamiento en la carrera, del correcto manejo de\",\"inLanguage\":\"es-UY\",\"isPartOf\":{\"@id\":\"https:\\\/\\\/www.ejercito.mil.uy\\\/#website\"},\"breadcrumb\":{\"@id\":\"https:\\\/\\\/www.ejercito.mil.uy\\\/index.php\\\/2021\\\/03\\\/01\\\/inicio-de-cursos-del-instituto-militar-de-las-armas-y-especialidades\\\/#breadcrumblist\"},\"author\":{\"@id\":\"https:\\\/\\\/www.ejercito.mil.uy\\\/index.php\\\/author\\\/acastro\\\/#author\"},\"creator\":{\"@id\":\"https:\\\/\\\/www.ejercito.mil.uy\\\/index.php\\\/author\\\/acastro\\\/#author\"},\"image\":{\"@type\":\"ImageObject\",\"url\":\"https:\\\/\\\/www.ejercito.mil.uy\\\/wp-content\\\/uploads\\\/2021\\\/03\\\/Inicio-de-cursos-IMAE-3.jpg\",\"@id\":\"https:\\\/\\\/www.ejercito.mil.uy\\\/index.php\\\/2021\\\/03\\\/01\\\/inicio-de-cursos-del-instituto-militar-de-las-armas-y-especialidades\\\/#mainImage\",\"width\":1200,\"height\":800,\"caption\":\"IMAE\"},\"primaryImageOfPage\":{\"@id\":\"https:\\\/\\\/www.ejercito.mil.uy\\\/index.php\\\/2021\\\/03\\\/01\\\/inicio-de-cursos-del-instituto-militar-de-las-armas-y-especialidades\\\/#mainImage\"},\"datePublished\":\"2021-03-01T14:30:00-03:00\",\"dateModified\":\"2026-02-23T11:06:05-03:00\"},{\"@type\":\"WebSite\",\"@id\":\"https:\\\/\\\/www.ejercito.mil.uy\\\/#website\",\"url\":\"https:\\\/\\\/www.ejercito.mil.uy\\\/\",\"name\":\"Ej\\u00e9rcito Nacional\",\"description\":\"La Fuerza de todos\",\"inLanguage\":\"es-UY\",\"publisher\":{\"@id\":\"https:\\\/\\\/www.ejercito.mil.uy\\\/#organization\"}}]}\n\t\t<\/script>\n\t\t<!-- All in One SEO -->\n\n","aioseo_head_json":{"title":"Inicio de cursos del Instituto Militar de las Armas y Especialidades - Ej\u00e9rcito Nacional","description":"01.03.2021 - Montevideo El d\u00eda de hoy, se realiz\u00f3 la ceremonia de inicio de cursos del Instituto Militar de las Armas y Especialidades (IMAE). Un total de 422 alumnos realizar\u00e1n alguno de los diversos cursos de formaci\u00f3n que ofrece la Escuela: cursos de pasaje de grado, de perfeccionamiento en la carrera, del correcto manejo de","canonical_url":"https:\/\/www.ejercito.mil.uy\/index.php\/2021\/03\/01\/inicio-de-cursos-del-instituto-militar-de-las-armas-y-especialidades\/","robots":"max-image-preview:large","keywords":"","webmasterTools":{"miscellaneous":""},"schema":{"@context":"https:\/\/schema.org","@graph":[{"@type":"BlogPosting","@id":"https:\/\/www.ejercito.mil.uy\/index.php\/2021\/03\/01\/inicio-de-cursos-del-instituto-militar-de-las-armas-y-especialidades\/#blogposting","name":"Inicio de cursos del Instituto Militar de las Armas y Especialidades - Ej\u00e9rcito Nacional","headline":"Inicio de cursos del Instituto Militar de las Armas y Especialidades","author":{"@id":"https:\/\/www.ejercito.mil.uy\/index.php\/author\/acastro\/#author"},"publisher":{"@id":"https:\/\/www.ejercito.mil.uy\/#organization"},"image":{"@type":"ImageObject","url":"https:\/\/www.ejercito.mil.uy\/wp-content\/uploads\/2021\/03\/Inicio-de-cursos-IMAE-3.jpg","width":1200,"height":800,"caption":"IMAE"},"datePublished":"2021-03-01T14:30:00-03:00","dateModified":"2026-02-23T11:06:05-03:00","inLanguage":"es-UY","mainEntityOfPage":{"@id":"https:\/\/www.ejercito.mil.uy\/index.php\/2021\/03\/01\/inicio-de-cursos-del-instituto-militar-de-las-armas-y-especialidades\/#webpage"},"isPartOf":{"@id":"https:\/\/www.ejercito.mil.uy\/index.php\/2021\/03\/01\/inicio-de-cursos-del-instituto-militar-de-las-armas-y-especialidades\/#webpage"},"articleSection":"Blog, Noticias"},{"@type":"BreadcrumbList","@id":"https:\/\/www.ejercito.mil.uy\/index.php\/2021\/03\/01\/inicio-de-cursos-del-instituto-militar-de-las-armas-y-especialidades\/#breadcrumblist","itemListElement":[{"@type":"ListItem","@id":"https:\/\/www.ejercito.mil.uy#listItem","position":1,"name":"Home","item":"https:\/\/www.ejercito.mil.uy","nextItem":{"@type":"ListItem","@id":"https:\/\/www.ejercito.mil.uy\/index.php\/category\/destacados\/#listItem","name":"Destacados"}},{"@type":"ListItem","@id":"https:\/\/www.ejercito.mil.uy\/index.php\/category\/destacados\/#listItem","position":2,"name":"Destacados","item":"https:\/\/www.ejercito.mil.uy\/index.php\/category\/destacados\/","nextItem":{"@type":"ListItem","@id":"https:\/\/www.ejercito.mil.uy\/index.php\/category\/destacados\/noticias\/#listItem","name":"Noticias"},"previousItem":{"@type":"ListItem","@id":"https:\/\/www.ejercito.mil.uy#listItem","name":"Home"}},{"@type":"ListItem","@id":"https:\/\/www.ejercito.mil.uy\/index.php\/category\/destacados\/noticias\/#listItem","position":3,"name":"Noticias","item":"https:\/\/www.ejercito.mil.uy\/index.php\/category\/destacados\/noticias\/","nextItem":{"@type":"ListItem","@id":"https:\/\/www.ejercito.mil.uy\/index.php\/2021\/03\/01\/inicio-de-cursos-del-instituto-militar-de-las-armas-y-especialidades\/#listItem","name":"Inicio de cursos del Instituto Militar de las Armas y Especialidades"},"previousItem":{"@type":"ListItem","@id":"https:\/\/www.ejercito.mil.uy\/index.php\/category\/destacados\/#listItem","name":"Destacados"}},{"@type":"ListItem","@id":"https:\/\/www.ejercito.mil.uy\/index.php\/2021\/03\/01\/inicio-de-cursos-del-instituto-militar-de-las-armas-y-especialidades\/#listItem","position":4,"name":"Inicio de cursos del Instituto Militar de las Armas y Especialidades","previousItem":{"@type":"ListItem","@id":"https:\/\/www.ejercito.mil.uy\/index.php\/category\/destacados\/noticias\/#listItem","name":"Noticias"}}]},{"@type":"Organization","@id":"https:\/\/www.ejercito.mil.uy\/#organization","name":"Ej\u00e9rcito Nacional","description":"La Fuerza de todos","url":"https:\/\/www.ejercito.mil.uy\/","logo":{"@type":"ImageObject","url":"https:\/\/www.ejercito.mil.uy\/wp-content\/uploads\/2022\/01\/Escudo_EN_URUGUAY.png","@id":"https:\/\/www.ejercito.mil.uy\/index.php\/2021\/03\/01\/inicio-de-cursos-del-instituto-militar-de-las-armas-y-especialidades\/#organizationLogo","width":134,"height":119},"image":{"@id":"https:\/\/www.ejercito.mil.uy\/index.php\/2021\/03\/01\/inicio-de-cursos-del-instituto-militar-de-las-armas-y-especialidades\/#organizationLogo"}},{"@type":"Person","@id":"https:\/\/www.ejercito.mil.uy\/index.php\/author\/acastro\/#author","url":"https:\/\/www.ejercito.mil.uy\/index.php\/author\/acastro\/","name":"Alejandro Castro","image":{"@type":"ImageObject","@id":"https:\/\/www.ejercito.mil.uy\/index.php\/2021\/03\/01\/inicio-de-cursos-del-instituto-militar-de-las-armas-y-especialidades\/#authorImage","url":"https:\/\/secure.gravatar.com\/avatar\/89bb77d4bf696501dd94ca89e6794e1787eaffba7c7197528d249e15bd099f68?s=96&d=mm&r=g","width":96,"height":96,"caption":"Alejandro Castro"}},{"@type":"WebPage","@id":"https:\/\/www.ejercito.mil.uy\/index.php\/2021\/03\/01\/inicio-de-cursos-del-instituto-militar-de-las-armas-y-especialidades\/#webpage","url":"https:\/\/www.ejercito.mil.uy\/index.php\/2021\/03\/01\/inicio-de-cursos-del-instituto-militar-de-las-armas-y-especialidades\/","name":"Inicio de cursos del Instituto Militar de las Armas y Especialidades - Ej\u00e9rcito Nacional","description":"01.03.2021 - Montevideo El d\u00eda de hoy, se realiz\u00f3 la ceremonia de inicio de cursos del Instituto Militar de las Armas y Especialidades (IMAE). Un total de 422 alumnos realizar\u00e1n alguno de los diversos cursos de formaci\u00f3n que ofrece la Escuela: cursos de pasaje de grado, de perfeccionamiento en la carrera, del correcto manejo de","inLanguage":"es-UY","isPartOf":{"@id":"https:\/\/www.ejercito.mil.uy\/#website"},"breadcrumb":{"@id":"https:\/\/www.ejercito.mil.uy\/index.php\/2021\/03\/01\/inicio-de-cursos-del-instituto-militar-de-las-armas-y-especialidades\/#breadcrumblist"},"author":{"@id":"https:\/\/www.ejercito.mil.uy\/index.php\/author\/acastro\/#author"},"creator":{"@id":"https:\/\/www.ejercito.mil.uy\/index.php\/author\/acastro\/#author"},"image":{"@type":"ImageObject","url":"https:\/\/www.ejercito.mil.uy\/wp-content\/uploads\/2021\/03\/Inicio-de-cursos-IMAE-3.jpg","@id":"https:\/\/www.ejercito.mil.uy\/index.php\/2021\/03\/01\/inicio-de-cursos-del-instituto-militar-de-las-armas-y-especialidades\/#mainImage","width":1200,"height":800,"caption":"IMAE"},"primaryImageOfPage":{"@id":"https:\/\/www.ejercito.mil.uy\/index.php\/2021\/03\/01\/inicio-de-cursos-del-instituto-militar-de-las-armas-y-especialidades\/#mainImage"},"datePublished":"2021-03-01T14:30:00-03:00","dateModified":"2026-02-23T11:06:05-03:00"},{"@type":"WebSite","@id":"https:\/\/www.ejercito.mil.uy\/#website","url":"https:\/\/www.ejercito.mil.uy\/","name":"Ej\u00e9rcito Nacional","description":"La Fuerza de todos","inLanguage":"es-UY","publisher":{"@id":"https:\/\/www.ejercito.mil.uy\/#organization"}}]},"og:locale":"es_ES","og:site_name":"Ej\u00e9rcito Nacional - La Fuerza de todos","og:type":"article","og:title":"Inicio de cursos del Instituto Militar de las Armas y Especialidades - Ej\u00e9rcito Nacional","og:description":"01.03.2021 - Montevideo El d\u00eda de hoy, se realiz\u00f3 la ceremonia de inicio de cursos del Instituto Militar de las Armas y Especialidades (IMAE). Un total de 422 alumnos realizar\u00e1n alguno de los diversos cursos de formaci\u00f3n que ofrece la Escuela: cursos de pasaje de grado, de perfeccionamiento en la carrera, del correcto manejo de","og:url":"https:\/\/www.ejercito.mil.uy\/index.php\/2021\/03\/01\/inicio-de-cursos-del-instituto-militar-de-las-armas-y-especialidades\/","og:image":"https:\/\/www.ejercito.mil.uy\/wp-content\/uploads\/2022\/01\/Escudo_EN_URUGUAY.png","og:image:secure_url":"https:\/\/www.ejercito.mil.uy\/wp-content\/uploads\/2022\/01\/Escudo_EN_URUGUAY.png","og:image:width":134,"og:image:height":119,"article:published_time":"2021-03-01T17:30:00+00:00","article:modified_time":"2026-02-23T14:06:05+00:00","twitter:card":"summary_large_image","twitter:title":"Inicio de cursos del Instituto Militar de las Armas y Especialidades - Ej\u00e9rcito Nacional","twitter:description":"01.03.2021 - Montevideo El d\u00eda de hoy, se realiz\u00f3 la ceremonia de inicio de cursos del Instituto Militar de las Armas y Especialidades (IMAE). Un total de 422 alumnos realizar\u00e1n alguno de los diversos cursos de formaci\u00f3n que ofrece la Escuela: cursos de pasaje de grado, de perfeccionamiento en la carrera, del correcto manejo de","twitter:image":"https:\/\/www.ejercito.mil.uy\/wp-content\/uploads\/2022\/01\/Escudo_EN_URUGUAY.png"},"aioseo_meta_data":{"post_id":"989","title":null,"description":null,"keywords":null,"keyphrases":{"focus":{"keyphrase":"","score":0,"analysis":{"keyphraseInTitle":{"score":0,"maxScore":9,"error":1}}},"additional":[]},"primary_term":null,"canonical_url":null,"og_title":null,"og_description":null,"og_object_type":"default","og_image_type":"default","og_image_url":null,"og_image_width":null,"og_image_height":null,"og_image_custom_url":null,"og_image_custom_fields":null,"og_video":"","og_custom_url":null,"og_article_section":null,"og_article_tags":null,"twitter_use_og":false,"twitter_card":"default","twitter_image_type":"default","twitter_image_url":null,"twitter_image_custom_url":null,"twitter_image_custom_fields":null,"twitter_title":null,"twitter_description":null,"schema":{"blockGraphs":[],"customGraphs":[],"default":{"data":{"Article":[],"Course":[],"Dataset":[],"FAQPage":[],"Movie":[],"Person":[],"Product":[],"ProductReview":[],"Car":[],"Recipe":[],"Service":[],"SoftwareApplication":[],"WebPage":[]},"graphName":"BlogPosting","isEnabled":true},"graphs":[]},"schema_type":"default","schema_type_options":null,"pillar_content":false,"robots_default":true,"robots_noindex":false,"robots_noarchive":false,"robots_nosnippet":false,"robots_nofollow":false,"robots_noimageindex":false,"robots_noodp":false,"robots_notranslate":false,"robots_max_snippet":"-1","robots_max_videopreview":"-1","robots_max_imagepreview":"large","priority":null,"frequency":"default","local_seo":null,"breadcrumb_settings":null,"limit_modified_date":false,"ai":{"faqs":[],"keyPoints":[],"titles":[],"descriptions":[],"socialPosts":{"email":[],"linkedin":[],"twitter":[],"facebook":[],"instagram":[]}},"created":"2025-08-30 01:40:29","updated":"2026-02-23 14:15:54","seo_analyzer_scan_date":null,"focus_keyword":null,"additional_keywords":null,"truseo_locale":null},"aioseo_breadcrumb":"<div class=\"aioseo-breadcrumbs\"><span class=\"aioseo-breadcrumb\">\n\t\t\t<a href=\"https:\/\/www.ejercito.mil.uy\" title=\"Home\">Home<\/a>\n\t\t<\/span><span class=\"aioseo-breadcrumb-separator\">&raquo;<\/span><span class=\"aioseo-breadcrumb\">\n\t\t\t<a href=\"https:\/\/www.ejercito.mil.uy\/index.php\/category\/destacados\/\" title=\"Destacados\">Destacados<\/a>\n\t\t<\/span><span class=\"aioseo-breadcrumb-separator\">&raquo;<\/span><span class=\"aioseo-breadcrumb\">\n\t\t\t<a href=\"https:\/\/www.ejercito.mil.uy\/index.php\/category\/destacados\/noticias\/\" title=\"Noticias\">Noticias<\/a>\n\t\t<\/span><span class=\"aioseo-breadcrumb-separator\">&raquo;<\/span><span class=\"aioseo-breadcrumb\">\n\t\t\tInicio de cursos del Instituto Militar de las Armas y Especialidades\n\t\t<\/span><\/div>","aioseo_breadcrumb_json":[{"label":"Home","link":"https:\/\/www.ejercito.mil.uy"},{"label":"Destacados","link":"https:\/\/www.ejercito.mil.uy\/index.php\/category\/destacados\/"},{"label":"Noticias","link":"https:\/\/www.ejercito.mil.uy\/index.php\/category\/destacados\/noticias\/"},{"label":"Inicio de cursos del Instituto Militar de las Armas y Especialidades","link":"https:\/\/www.ejercito.mil.uy\/index.php\/2021\/03\/01\/inicio-de-cursos-del-instituto-militar-de-las-armas-y-especialidades\/"}],"_links":{"self":[{"href":"https:\/\/www.ejercito.mil.uy\/index.php\/wp-json\/wp\/v2\/posts\/989","targetHints":{"allow":["GET"]}}],"collection":[{"href":"https:\/\/www.ejercito.mil.uy\/index.php\/wp-json\/wp\/v2\/posts"}],"about":[{"href":"https:\/\/www.ejercito.mil.uy\/index.php\/wp-json\/wp\/v2\/types\/post"}],"author":[{"embeddable":true,"href":"https:\/\/www.ejercito.mil.uy\/index.php\/wp-json\/wp\/v2\/users\/4"}],"replies":[{"embeddable":true,"href":"https:\/\/www.ejercito.mil.uy\/index.php\/wp-json\/wp\/v2\/comments?post=989"}],"version-history":[{"count":7,"href":"https:\/\/www.ejercito.mil.uy\/index.php\/wp-json\/wp\/v2\/posts\/989\/revisions"}],"predecessor-version":[{"id":55083,"href":"https:\/\/www.ejercito.mil.uy\/index.php\/wp-json\/wp\/v2\/posts\/989\/revisions\/55083"}],"wp:featuredmedia":[{"embeddable":true,"href":"https:\/\/www.ejercito.mil.uy\/index.php\/wp-json\/wp\/v2\/media\/992"}],"wp:attachment":[{"href":"https:\/\/www.ejercito.mil.uy\/index.php\/wp-json\/wp\/v2\/media?parent=989"}],"wp:term":[{"taxonomy":"category","embeddable":true,"href":"https:\/\/www.ejercito.mil.uy\/index.php\/wp-json\/wp\/v2\/categories?post=989"},{"taxonomy":"post_tag","embeddable":true,"href":"https:\/\/www.ejercito.mil.uy\/index.php\/wp-json\/wp\/v2\/tags?post=989"}],"curies":[{"name":"wp","href":"https:\/\/api.w.org\/{rel}","templated":true}]}}