{"id":9913,"date":"2022-01-26T10:00:00","date_gmt":"2022-01-26T13:00:00","guid":{"rendered":"https:\/\/www.ejercito.mil.uy\/?p=9913"},"modified":"2022-01-27T11:12:16","modified_gmt":"2022-01-27T14:12:16","slug":"operacion-frontera-segura-7","status":"publish","type":"post","link":"https:\/\/www.ejercito.mil.uy\/index.php\/2022\/01\/26\/operacion-frontera-segura-7\/","title":{"rendered":"Operaci\u00f3n Frontera Segura"},"content":{"rendered":"\n<p style=\"font-size:14px\">26.01.2022 &#8211; Cerro Largo<\/p>\n\n\n\n<div style=\"height:33px\" aria-hidden=\"true\" class=\"wp-block-spacer\"><\/div>\n\n\n\n<p class=\"has-medium-font-size\"><strong>Continuando con el control de la franja fronteriza establecida por la <a rel=\"noreferrer noopener\" href=\"https:\/\/www.impo.com.uy\/bases\/leyes\/19677-2018\" target=\"_blank\">Ley N\u00b0 19.677<\/a>, compartimos im\u00e1genes de controles de Paso de Frontera y patrullas realizadas en zonas aleda\u00f1as a la ciudad de R\u00edo Branco.<\/strong><\/p>\n\n\n\n<div style=\"height:33px\" aria-hidden=\"true\" class=\"wp-block-spacer\"><\/div>\n\n\n\n<figure class=\"wp-block-gallery columns-2 is-cropped wp-block-gallery-1 is-layout-flex wp-block-gallery-is-layout-flex\"><ul class=\"blocks-gallery-grid\"><li class=\"blocks-gallery-item\"><figure><img fetchpriority=\"high\" decoding=\"async\" width=\"1200\" height=\"800\" src=\"https:\/\/www.ejercito.mil.uy\/wp-content\/uploads\/2022\/01\/Frontera-1-1.jpg\" alt=\"Image gallery image\" data-id=\"9917\" class=\"wp-image-9917\" srcset=\"https:\/\/www.ejercito.mil.uy\/wp-content\/uploads\/2022\/01\/Frontera-1-1.jpg 1200w, https:\/\/www.ejercito.mil.uy\/wp-content\/uploads\/2022\/01\/Frontera-1-1-300x200.jpg 300w, https:\/\/www.ejercito.mil.uy\/wp-content\/uploads\/2022\/01\/Frontera-1-1-1024x683.jpg 1024w\" sizes=\"(max-width: 1200px) 100vw, 1200px\" \/><\/figure><\/li><li class=\"blocks-gallery-item\"><figure><img decoding=\"async\" width=\"1200\" height=\"800\" src=\"https:\/\/www.ejercito.mil.uy\/wp-content\/uploads\/2022\/01\/Frontera-3-2.jpg\" alt=\"Image gallery image\" data-id=\"9920\" class=\"wp-image-9920\" srcset=\"https:\/\/www.ejercito.mil.uy\/wp-content\/uploads\/2022\/01\/Frontera-3-2.jpg 1200w, https:\/\/www.ejercito.mil.uy\/wp-content\/uploads\/2022\/01\/Frontera-3-2-300x200.jpg 300w, https:\/\/www.ejercito.mil.uy\/wp-content\/uploads\/2022\/01\/Frontera-3-2-1024x683.jpg 1024w\" sizes=\"(max-width: 1200px) 100vw, 1200px\" \/><\/figure><\/li><\/ul><\/figure>\n\n\n\n<div style=\"height:66px\" aria-hidden=\"true\" class=\"wp-block-spacer\"><\/div>\n","protected":false},"excerpt":{"rendered":"<p>26.01.2022 &#8211; Continuando con el control de la franja fronteriza establecida por la Ley N\u00b0 19.677, compartimos im\u00e1genes de controles de Paso de Frontera y patrullas realizadas en zonas aleda\u00f1as a la ciudad de R\u00edo Branco.<\/p>\n","protected":false},"author":4,"featured_media":9914,"comment_status":"open","ping_status":"open","sticky":false,"template":"","format":"standard","meta":{"_coblocks_attr":"","_coblocks_dimensions":"","_coblocks_responsive_height":"","_coblocks_accordion_ie_support":"","_monsterinsights_skip_tracking":false,"_monsterinsights_sitenote_active":false,"_monsterinsights_sitenote_note":"","_monsterinsights_sitenote_category":0,"_uf_show_specific_survey":0,"_uf_disable_surveys":false,"footnotes":""},"categories":[2,10,14],"tags":[34,26,112,33],"class_list":["post-9913","post","type-post","status-publish","format-standard","has-post-thumbnail","hentry","category-blog","category-destacados","category-noticias","tag-control","tag-frontera","tag-patrullaje","tag-seguridad"],"aioseo_notices":[],"_links":{"self":[{"href":"https:\/\/www.ejercito.mil.uy\/index.php\/wp-json\/wp\/v2\/posts\/9913","targetHints":{"allow":["GET"]}}],"collection":[{"href":"https:\/\/www.ejercito.mil.uy\/index.php\/wp-json\/wp\/v2\/posts"}],"about":[{"href":"https:\/\/www.ejercito.mil.uy\/index.php\/wp-json\/wp\/v2\/types\/post"}],"author":[{"embeddable":true,"href":"https:\/\/www.ejercito.mil.uy\/index.php\/wp-json\/wp\/v2\/users\/4"}],"replies":[{"embeddable":true,"href":"https:\/\/www.ejercito.mil.uy\/index.php\/wp-json\/wp\/v2\/comments?post=9913"}],"version-history":[{"count":2,"href":"https:\/\/www.ejercito.mil.uy\/index.php\/wp-json\/wp\/v2\/posts\/9913\/revisions"}],"predecessor-version":[{"id":9921,"href":"https:\/\/www.ejercito.mil.uy\/index.php\/wp-json\/wp\/v2\/posts\/9913\/revisions\/9921"}],"wp:featuredmedia":[{"embeddable":true,"href":"https:\/\/www.ejercito.mil.uy\/index.php\/wp-json\/wp\/v2\/media\/9914"}],"wp:attachment":[{"href":"https:\/\/www.ejercito.mil.uy\/index.php\/wp-json\/wp\/v2\/media?parent=9913"}],"wp:term":[{"taxonomy":"category","embeddable":true,"href":"https:\/\/www.ejercito.mil.uy\/index.php\/wp-json\/wp\/v2\/categories?post=9913"},{"taxonomy":"post_tag","embeddable":true,"href":"https:\/\/www.ejercito.mil.uy\/index.php\/wp-json\/wp\/v2\/tags?post=9913"}],"curies":[{"name":"wp","href":"https:\/\/api.w.org\/{rel}","templated":true}]}}